{"id":27107,"date":"2020-03-25T07:47:04","date_gmt":"2020-03-25T11:47:04","guid":{"rendered":"http:\/\/blogdalucianaoliveira.com.br\/blog\/?p=27107"},"modified":"2020-03-25T07:47:11","modified_gmt":"2020-03-25T11:47:11","slug":"bolsonaro-assinou-sua-sentenca-de-morte-politica","status":"publish","type":"post","link":"http:\/\/blogdalucianaoliveira.com.br\/blog\/2020\/03\/25\/bolsonaro-assinou-sua-sentenca-de-morte-politica\/","title":{"rendered":"Bolsonaro assinou sua senten\u00e7a de morte pol\u00edtica"},"content":{"rendered":"\n<figure class=\"wp-block-image size-large\"><img data-recalc-dims=\"1\" loading=\"lazy\" decoding=\"async\" width=\"600\" height=\"295\" data-attachment-id=\"27108\" data-permalink=\"http:\/\/blogdalucianaoliveira.com.br\/blog\/2020\/03\/25\/bolsonaro-assinou-sua-sentenca-de-morte-politica\/image-8-6\/\" data-orig-file=\"https:\/\/i0.wp.com\/blogdalucianaoliveira.com.br\/blog\/wp-content\/uploads\/2020\/03\/image-8.png?fit=600%2C295\" data-orig-size=\"600,295\" data-comments-opened=\"0\" data-image-meta=\"{&quot;aperture&quot;:&quot;0&quot;,&quot;credit&quot;:&quot;&quot;,&quot;camera&quot;:&quot;&quot;,&quot;caption&quot;:&quot;&quot;,&quot;created_timestamp&quot;:&quot;0&quot;,&quot;copyright&quot;:&quot;&quot;,&quot;focal_length&quot;:&quot;0&quot;,&quot;iso&quot;:&quot;0&quot;,&quot;shutter_speed&quot;:&quot;0&quot;,&quot;title&quot;:&quot;&quot;,&quot;orientation&quot;:&quot;0&quot;}\" data-image-title=\"image-8\" data-image-description=\"\" data-image-caption=\"\" data-medium-file=\"https:\/\/i0.wp.com\/blogdalucianaoliveira.com.br\/blog\/wp-content\/uploads\/2020\/03\/image-8.png?fit=300%2C148\" data-large-file=\"https:\/\/i0.wp.com\/blogdalucianaoliveira.com.br\/blog\/wp-content\/uploads\/2020\/03\/image-8.png?fit=600%2C295\" src=\"https:\/\/i0.wp.com\/blogdalucianaoliveira.com.br\/blog\/wp-content\/uploads\/2020\/03\/image-8.png?resize=600%2C295\" alt=\"\" class=\"wp-image-27108\" srcset=\"https:\/\/i0.wp.com\/blogdalucianaoliveira.com.br\/blog\/wp-content\/uploads\/2020\/03\/image-8.png?w=600 600w, https:\/\/i0.wp.com\/blogdalucianaoliveira.com.br\/blog\/wp-content\/uploads\/2020\/03\/image-8.png?resize=300%2C148 300w\" sizes=\"auto, (max-width: 600px) 100vw, 600px\" \/><\/figure>\n\n\n\n<p>O governo Bolsonaro, nos pr\u00f3ximos dias, vai desmanchar, dissolver-se.<\/p>\n\n\n\n<!--more-->\n\n\n\n<p>No Tijola\u00e7o, por Fernando Brito<\/p>\n\n\n\n<p>Desenha-se a cena final de sua sa\u00edda.<\/p>\n\n\n\n<p>Todas as suas bases de sustenta\u00e7\u00e3o pol\u00edtica, j\u00e1 trincadas, est\u00e3o desmoronando a olhos vistos.<\/p>\n\n\n\n<p>Sua matilha fascista, as mil\u00edcias virtuais da quais se valia para para assustar e intimidar a opini\u00e3o p\u00fablica e as institui\u00e7\u00f5es, encolheu e n\u00e3o s\u00e3o poucos os que, fugindo de Berlim, arrancam dos bra\u00e7os a su\u00e1stica bolsonarista para sobreviver.<\/p>\n\n\n\n<p>Seu apoio do Congresso \u00e9 virtualmente zero. Nada do que propuser por esta via ser\u00e1 aprovado, ou o ser\u00e1 completamente desfigurado.<\/p>\n\n\n\n<p>Se n\u00e3o cair no Supremo, onde j\u00e1 n\u00e3o tem sequer um voto.<\/p>\n\n\n\n<p>Come\u00e7ar\u00e1 a debandada de ministros, embora seu minist\u00e9rio, sem representatividade pol\u00edtica, seja essencialmente composto de sabujos e nulidades. Ainda assim, com mulheres, filhos, parentes a pression\u00e1-los.<\/p>\n\n\n\n<p>Sempre digo que quando voc\u00ea n\u00e3o consegue se explicar em casa, a coisa vai mal.<\/p>\n\n\n\n<p>Mas, sobretudo, Jair Bolsonaro perdeu o indevido aval pol\u00edtico que lhe deram as For\u00e7as Armadas, quando o general Edson Leal Pujol, em pronunciamento pelas redes oficiais do Ex\u00e9rcito, definiu o combate \u00e0 epidemia como \u201ca miss\u00e3o mais importante de nossa gera\u00e7\u00e3o\u201d.<\/p>\n\n\n\n<p>N\u00e3o seria, se fosse \u201cuma gripezinha\u201d que n\u00e3o exigisse um isolamento e uma paralisa\u00e7\u00e3o quase total do pa\u00eds.<\/p>\n\n\n\n<p>Embora sejamos, agora, a terra dos car\u00e1ter fraco e das coluna vergada, Bolsonaro e seu transtornado n\u00facleo familiar chegaram ao ponto de se tornarem intoler\u00e1veis at\u00e9 mesmo dentro das estruturas de governo.<\/p>\n\n\n\n<p>O que assistimos ontem foi a apari\u00e7\u00e3o de um morto-vivo, de um zumbi contaminante a quem os que conservam um pingo de sanidade, precisam sepultar o quanto antes.<\/p>\n\n\n\n<p>Porque Bolsonaro apodrece em pra\u00e7a p\u00fablica, um morto que brinca com a vida dos vivos.<\/p>\n","protected":false},"excerpt":{"rendered":"<p>O governo Bolsonaro, nos pr\u00f3ximos dias, vai desmanchar, dissolver-se.<\/p>\n","protected":false},"author":1,"featured_media":0,"comment_status":"closed","ping_status":"open","sticky":false,"template":"","format":"standard","meta":{"_exactmetrics_skip_tracking":false,"_exactmetrics_sitenote_active":false,"_exactmetrics_sitenote_note":"","_exactmetrics_sitenote_category":0,"jetpack_post_was_ever_published":false,"_jetpack_newsletter_access":"","_jetpack_dont_email_post_to_subs":false,"_jetpack_newsletter_tier_id":0,"_jetpack_memberships_contains_paywalled_content":false,"_jetpack_memberships_contains_paid_content":false,"footnotes":"","jetpack_publicize_message":"","jetpack_publicize_feature_enabled":true,"jetpack_social_post_already_shared":true,"jetpack_social_options":{"image_generator_settings":{"template":"highway","enabled":false},"version":2}},"categories":[1],"tags":[],"class_list":["post-27107","post","type-post","status-publish","format-standard","hentry","category-notas"],"jetpack_publicize_connections":[],"jetpack_sharing_enabled":true,"jetpack_featured_media_url":"","jetpack_shortlink":"https:\/\/wp.me\/p7wKYW-73d","jetpack-related-posts":[],"_links":{"self":[{"href":"http:\/\/blogdalucianaoliveira.com.br\/blog\/wp-json\/wp\/v2\/posts\/27107","targetHints":{"allow":["GET"]}}],"collection":[{"href":"http:\/\/blogdalucianaoliveira.com.br\/blog\/wp-json\/wp\/v2\/posts"}],"about":[{"href":"http:\/\/blogdalucianaoliveira.com.br\/blog\/wp-json\/wp\/v2\/types\/post"}],"author":[{"embeddable":true,"href":"http:\/\/blogdalucianaoliveira.com.br\/blog\/wp-json\/wp\/v2\/users\/1"}],"replies":[{"embeddable":true,"href":"http:\/\/blogdalucianaoliveira.com.br\/blog\/wp-json\/wp\/v2\/comments?post=27107"}],"version-history":[{"count":1,"href":"http:\/\/blogdalucianaoliveira.com.br\/blog\/wp-json\/wp\/v2\/posts\/27107\/revisions"}],"predecessor-version":[{"id":27109,"href":"http:\/\/blogdalucianaoliveira.com.br\/blog\/wp-json\/wp\/v2\/posts\/27107\/revisions\/27109"}],"wp:attachment":[{"href":"http:\/\/blogdalucianaoliveira.com.br\/blog\/wp-json\/wp\/v2\/media?parent=27107"}],"wp:term":[{"taxonomy":"category","embeddable":true,"href":"http:\/\/blogdalucianaoliveira.com.br\/blog\/wp-json\/wp\/v2\/categories?post=27107"},{"taxonomy":"post_tag","embeddable":true,"href":"http:\/\/blogdalucianaoliveira.com.br\/blog\/wp-json\/wp\/v2\/tags?post=27107"}],"curies":[{"name":"wp","href":"https:\/\/api.w.org\/{rel}","templated":true}]}}