{"id":27117,"date":"2020-03-25T19:35:57","date_gmt":"2020-03-25T23:35:57","guid":{"rendered":"http:\/\/blogdalucianaoliveira.com.br\/blog\/?p=27117"},"modified":"2020-03-25T19:36:01","modified_gmt":"2020-03-25T23:36:01","slug":"coronavirus-os-dados-que-poem-em-xeque-ideia-de-bolsonaro-de-isolar-idosos","status":"publish","type":"post","link":"http:\/\/blogdalucianaoliveira.com.br\/blog\/2020\/03\/25\/coronavirus-os-dados-que-poem-em-xeque-ideia-de-bolsonaro-de-isolar-idosos\/","title":{"rendered":"Coronav\u00edrus: os dados que p\u00f5em em xeque ideia de Bolsonaro de isolar idosos"},"content":{"rendered":"\n<figure class=\"wp-block-image size-large\"><img data-recalc-dims=\"1\" loading=\"lazy\" decoding=\"async\" width=\"410\" height=\"230\" data-attachment-id=\"27118\" data-permalink=\"http:\/\/blogdalucianaoliveira.com.br\/blog\/2020\/03\/25\/coronavirus-os-dados-que-poem-em-xeque-ideia-de-bolsonaro-de-isolar-idosos\/image-75-3\/\" data-orig-file=\"https:\/\/i0.wp.com\/blogdalucianaoliveira.com.br\/blog\/wp-content\/uploads\/2020\/03\/image-75.jpeg?fit=410%2C230\" data-orig-size=\"410,230\" data-comments-opened=\"0\" data-image-meta=\"{&quot;aperture&quot;:&quot;0&quot;,&quot;credit&quot;:&quot;&quot;,&quot;camera&quot;:&quot;&quot;,&quot;caption&quot;:&quot;&quot;,&quot;created_timestamp&quot;:&quot;0&quot;,&quot;copyright&quot;:&quot;&quot;,&quot;focal_length&quot;:&quot;0&quot;,&quot;iso&quot;:&quot;0&quot;,&quot;shutter_speed&quot;:&quot;0&quot;,&quot;title&quot;:&quot;&quot;,&quot;orientation&quot;:&quot;0&quot;}\" data-image-title=\"image-75\" data-image-description=\"\" data-image-caption=\"\" data-medium-file=\"https:\/\/i0.wp.com\/blogdalucianaoliveira.com.br\/blog\/wp-content\/uploads\/2020\/03\/image-75.jpeg?fit=300%2C168\" data-large-file=\"https:\/\/i0.wp.com\/blogdalucianaoliveira.com.br\/blog\/wp-content\/uploads\/2020\/03\/image-75.jpeg?fit=410%2C230\" src=\"https:\/\/i0.wp.com\/blogdalucianaoliveira.com.br\/blog\/wp-content\/uploads\/2020\/03\/image-75.jpeg?resize=410%2C230\" alt=\"\" class=\"wp-image-27118\" srcset=\"https:\/\/i0.wp.com\/blogdalucianaoliveira.com.br\/blog\/wp-content\/uploads\/2020\/03\/image-75.jpeg?w=410 410w, https:\/\/i0.wp.com\/blogdalucianaoliveira.com.br\/blog\/wp-content\/uploads\/2020\/03\/image-75.jpeg?resize=300%2C168 300w\" sizes=\"auto, (max-width: 410px) 100vw, 410px\" \/><\/figure>\n\n\n\n<p>Na BBC &#8211; Se evitar o contato de idosos, o grupo mais vulner\u00e1vel ao novo coronav\u00edrus, com filhos e netos j\u00e1 \u00e9 um desafio durante a pandemia, um componente da realidade brasileira faz com que o isolamento de pessoas dessa faixa et\u00e1ria, como defende o presidente Jair Bolsonaro, seja uma miss\u00e3o muito mais dif\u00edcil: cerca de 66% deles, ou quase um em cada sete, vivem no mesmo domic\u00edlio com algu\u00e9m que n\u00e3o \u00e9 seu c\u00f4njuge (familiar ou n\u00e3o).<\/p>\n\n\n\n<!--more-->\n\n\n\n<p>&#8220;Esses outros parentes (al\u00e9m de c\u00f4njuge) ou n\u00e3o parentes vivendo com os idosos s\u00e3o mais frequentemente filhos e netos. \u00c9 bem baixa a propor\u00e7\u00e3o dos que t\u00eam outros n\u00e3o parentes&#8221;, explica \u00e0 BBC News Brasil Simone Wajnman, pesquisadora do CEDEPLAR (Centro de Desenvolvimento e Planejamento Regional) da UFMG (Universidade Federal de Minas Gerais).<\/p>\n\n\n\n<p>Atualmente, os idosos s\u00e3o cerca de 15% da popula\u00e7\u00e3o brasileira, ou 30 milh\u00f5es de pessoas.<\/p>\n\n\n\n<p>Dados do Censo de 2010 do IBGE (Instituto Brasileiro de Geografia e Estat\u00edstica) mostram que 66% dos idosos brasileiros moram com algu\u00e9m que n\u00e3o \u00e9 seu c\u00f4njuge (&#8220;familiares e n\u00e3o familiares corresidentes, ou seja, pessoas que declaram morar naquele domic\u00edlio. Pode haver c\u00f4njuge, mas nesse caso tem necessariamente mais algu\u00e9m&#8221;), 21% vivem apenas com c\u00f4njuge (&#8220;n\u00e3o necessariamente um idoso, dada a diferen\u00e7a de idade entre homens no casamento&#8221;) e o restante (13%) mora sozinho, &#8220;um porcentual muito mais baixo do que nos pa\u00edses desenvolvidos&#8221;, destaca Wajnman.<\/p>\n\n\n\n<p>&#8220;Quanto maior a idade do idoso (portanto, maior risco para desenvolver quadro grave da doen\u00e7a provocada pelo coronav\u00edrus), menor \u00e9 a probabilidade dele viver sozinho ou s\u00f3 com c\u00f4njuge&#8221;, lembra ela \u00e0 BBC News Brasil.<\/p>\n\n\n\n<p>&#8220;Portanto, temos uma correla\u00e7\u00e3o positiva entre letalidade da doen\u00e7a e probabilidade do idoso viver com mais gente em seu domic\u00edlio&#8221;, acrescenta.<\/p>\n\n\n\n<h2 class=\"wp-block-heading\">&#8216;Isolamento de idosos&#8217;<\/h2>\n\n\n\n<p>Em pronunciamento na TV na noite de ter\u00e7a-feira (24 de mar\u00e7o), Bolsonaro causou pol\u00eamica ao criticar a\u00e7\u00f5es de confinamento e defender a reabertura dos com\u00e9rcios.<\/p>\n\n\n\n<p>O isolamento social \u00e9 uma das principais recomenda\u00e7\u00f5es das autoridades de sa\u00fade, como a OMS (Organiza\u00e7\u00e3o Mundial da Sa\u00fade), para conter a propaga\u00e7\u00e3o do v\u00edrus e evitar a satura\u00e7\u00e3o do sistema de sa\u00fade.<\/p>\n\n\n\n<p>Segundo o Minist\u00e9rio da Sa\u00fade, 57 pessoas j\u00e1 morreram no Brasil por causa de covid-19, a doen\u00e7a causada pelo novo coronav\u00edrus. Em todo o mundo, s\u00e3o mais de 20 mil mortes.<\/p>\n\n\n\n<p>Nesta quarta-feira, um dia ap\u00f3s seu pol\u00eamico pronunciamento na TV, Bolsonaro disse que pedir\u00e1 ao Minist\u00e9rio da Sa\u00fade mudan\u00e7a na orienta\u00e7\u00e3o de isolamento da popula\u00e7\u00e3o.&nbsp;<\/p>\n\n\n\n<p>O presidente defende que apenas idosos e pessoas com comorbidades (outras doen\u00e7as) sejam isolados.<\/p>\n\n\n\n<p>&#8220;Conversei por alto com o Mandetta (Ministro da Sa\u00fade) ontem (ter\u00e7a-feira). Hoje vamos definir essa situa\u00e7\u00e3o. Tem que ser, n\u00e3o tem alternativa&#8221;, disse Bolsonaro ao deixar o Pal\u00e1cio da Alvorada.&nbsp;<\/p>\n\n\n\n<p>&#8220;A orienta\u00e7\u00e3o vai ser vertical daqui para frente. Eu vou conversar com ele e tomar a decis\u00e3o. N\u00e3o escreva que j\u00e1 decidi, n\u00e3o. Vou conversar com o Mandetta sobre essa orienta\u00e7\u00e3o&#8221;, disse ele ao jornal O Estado de S. Paulo.<\/p>\n\n\n\n<p>Segundo o presidente, cada &#8220;fam\u00edlia deve cuidar dos seus idosos&#8221; e que o &#8220;o povo tem que deixar de deixar tudo nas costas do poder p\u00fablico&#8221;.<\/p>\n\n\n\n<p>&#8220;Voc\u00ea tem que pegar o idoso e isol\u00e1-lo, com hot\u00e9is ou em casa. Cada filho cuide de seu pai, poxa. N\u00e3o quer que eu contrate uma pessoa para cuidar de cada idoso. \u00c9 imposs\u00edvel&#8221;, afirmou.&nbsp;<\/p>\n\n\n\n<figure class=\"wp-block-image\"><img data-recalc-dims=\"1\" decoding=\"async\" src=\"https:\/\/i0.wp.com\/ichef.bbci.co.uk\/news\/410\/cpsprodpb\/30FE\/production\/_111424521_c80bcdc1-a432-430e-94e2-0cfd112082be.jpg?w=600&#038;ssl=1\" alt=\"M\u00e9dica e paciente em cama de hospital\"\/><figcaption>Image captionPessoas com mais de 60 anos s\u00e3o as mais vulner\u00e1veis ao coronav\u00edrus<\/figcaption><\/figure>\n\n\n\n<p>&#8220;Cara, voc\u00ea tem que isolar quem voc\u00ea pode. Voc\u00ea quer que eu fa\u00e7a o qu\u00ea? Eu tenho o poder de pegar cada idoso l\u00e1 e levar para um neg\u00f3cio? Fica a\u00ed, vai ter um pessoal para te tratar. \u00c9 a fam\u00edlia dele que tem que cuidar dele no primeiro lugar. O povo tem que deixar de deixar tudo nas costas do poder p\u00fablico. Aqui n\u00e3o \u00e9 uma ditadura, \u00e9 uma democracia. A fam\u00edlia em primeiro lugar. Esse foi o discurso que me elegeu, inclusive. Os respons\u00e1veis pela minha m\u00e3e de 92 anos s\u00e3o os seus meia d\u00fazia filhos. N\u00f3s que somos respons\u00e1veis pela minha m\u00e3e no momento. Em \u00faltimo lugar, se n\u00e3o tiver ningu\u00e9m, da\u00ed um asilo&#8221;, acrescentou.<\/p>\n\n\n\n<p>Bolsonaro voltou a afirmar que h\u00e1 &#8220;histeria&#8221; e &#8220;como\u00e7\u00e3o&#8221; com o coronav\u00edrus.&nbsp;<\/p>\n\n\n\n<p>&#8220;\u00c9 preciso botar povo para trabalhar e preservar idosos&#8221;, afirmou. &#8220;N\u00f3s temos que tomar decis\u00f5es neste momento dif\u00edcil. N\u00e3o sou eu que vou procurar a m\u00eddia e ter um discurso de calamidade, de histeria, como se eu fosse o pai de todos os brasileiros. Eu sou pai, entre aspas, para conduzir o destino do Brasil&#8221;, disse.<\/p>\n","protected":false},"excerpt":{"rendered":"<p>Na BBC &#8211; Se evitar o contato de idosos, o grupo mais vulner\u00e1vel ao novo coronav\u00edrus, com filhos e netos j\u00e1 \u00e9 um desafio durante a pandemia, um componente da realidade brasileira faz com que o isolamento de pessoas dessa faixa et\u00e1ria, como defende o presidente Jair Bolsonaro, seja uma miss\u00e3o muito mais dif\u00edcil: cerca&#8230;<a class=\"more-link\" href=\"http:\/\/blogdalucianaoliveira.com.br\/blog\/2020\/03\/25\/coronavirus-os-dados-que-poem-em-xeque-ideia-de-bolsonaro-de-isolar-idosos\/\">Continue a leitura <span class=\"meta-nav\">&raquo;<\/span><\/a><\/p>\n","protected":false},"author":1,"featured_media":0,"comment_status":"closed","ping_status":"open","sticky":false,"template":"","format":"standard","meta":{"_exactmetrics_skip_tracking":false,"_exactmetrics_sitenote_active":false,"_exactmetrics_sitenote_note":"","_exactmetrics_sitenote_category":0,"jetpack_post_was_ever_published":false,"_jetpack_newsletter_access":"","_jetpack_dont_email_post_to_subs":false,"_jetpack_newsletter_tier_id":0,"_jetpack_memberships_contains_paywalled_content":false,"_jetpack_memberships_contains_paid_content":false,"footnotes":"","jetpack_publicize_message":"","jetpack_publicize_feature_enabled":true,"jetpack_social_post_already_shared":true,"jetpack_social_options":{"image_generator_settings":{"template":"highway","enabled":false},"version":2}},"categories":[1],"tags":[],"class_list":["post-27117","post","type-post","status-publish","format-standard","hentry","category-notas"],"jetpack_publicize_connections":[],"jetpack_sharing_enabled":true,"jetpack_featured_media_url":"","jetpack_shortlink":"https:\/\/wp.me\/p7wKYW-73n","jetpack-related-posts":[],"_links":{"self":[{"href":"http:\/\/blogdalucianaoliveira.com.br\/blog\/wp-json\/wp\/v2\/posts\/27117","targetHints":{"allow":["GET"]}}],"collection":[{"href":"http:\/\/blogdalucianaoliveira.com.br\/blog\/wp-json\/wp\/v2\/posts"}],"about":[{"href":"http:\/\/blogdalucianaoliveira.com.br\/blog\/wp-json\/wp\/v2\/types\/post"}],"author":[{"embeddable":true,"href":"http:\/\/blogdalucianaoliveira.com.br\/blog\/wp-json\/wp\/v2\/users\/1"}],"replies":[{"embeddable":true,"href":"http:\/\/blogdalucianaoliveira.com.br\/blog\/wp-json\/wp\/v2\/comments?post=27117"}],"version-history":[{"count":1,"href":"http:\/\/blogdalucianaoliveira.com.br\/blog\/wp-json\/wp\/v2\/posts\/27117\/revisions"}],"predecessor-version":[{"id":27119,"href":"http:\/\/blogdalucianaoliveira.com.br\/blog\/wp-json\/wp\/v2\/posts\/27117\/revisions\/27119"}],"wp:attachment":[{"href":"http:\/\/blogdalucianaoliveira.com.br\/blog\/wp-json\/wp\/v2\/media?parent=27117"}],"wp:term":[{"taxonomy":"category","embeddable":true,"href":"http:\/\/blogdalucianaoliveira.com.br\/blog\/wp-json\/wp\/v2\/categories?post=27117"},{"taxonomy":"post_tag","embeddable":true,"href":"http:\/\/blogdalucianaoliveira.com.br\/blog\/wp-json\/wp\/v2\/tags?post=27117"}],"curies":[{"name":"wp","href":"https:\/\/api.w.org\/{rel}","templated":true}]}}