{"id":27121,"date":"2020-03-25T23:58:33","date_gmt":"2020-03-26T03:58:33","guid":{"rendered":"http:\/\/blogdalucianaoliveira.com.br\/blog\/?p=27121"},"modified":"2020-03-26T00:10:58","modified_gmt":"2020-03-26T04:10:58","slug":"por-fidelidade-a-bolsonaro-governador-de-rondonia-libera-varias-atividades-da-quarentena-contra-a-pandemia","status":"publish","type":"post","link":"http:\/\/blogdalucianaoliveira.com.br\/blog\/2020\/03\/25\/por-fidelidade-a-bolsonaro-governador-de-rondonia-libera-varias-atividades-da-quarentena-contra-a-pandemia\/","title":{"rendered":"Por fidelidade a Bolsonaro, Governador de Rond\u00f4nia libera v\u00e1rias atividades da quarentena contra a pandemia"},"content":{"rendered":"\n<figure class=\"wp-block-image\"><img decoding=\"async\" src=\"https:\/\/scontent.fbsb13-1.fna.fbcdn.net\/v\/t1.0-0\/p640x640\/90113195_2556686041211086_1770329482972889088_o.jpg?_nc_cat=110&amp;_nc_sid=8024bb&amp;_nc_ohc=mh3Or5MP6qIAX8UObfh&amp;_nc_ht=scontent.fbsb13-1.fna&amp;_nc_tp=6&amp;oh=a8a99f81292ce04c9ffb66721b0d43e0&amp;oe=5EA1E1FD\" alt=\"A imagem pode conter: uma ou mais pessoas, telefone e \u00e1rea interna\"\/><figcaption>foto do Facebook do governador <\/figcaption><\/figure>\n\n\n\n<p><\/p>\n\n\n\n<p>A not\u00edcia foi dada por meio de\numa \u2018live\u2019 no perfil do governador Marcos Rocha.<\/p>\n\n\n\n<p>O coronel catapultado \u00e0 cena pol\u00edtica pela onda bolsonarista fez o contr\u00e1rio do que decidiram 27 governadores em videoconfer\u00eancia nesta quarta-feira, 25, em resposta ao pronunciamento em que o presidente Jair Bolsonaro estimula os brasileiros a desafiar a quarentena contra o coronav\u00edrus. <\/p>\n\n\n\n<!--more-->\n\n\n\n<figure class=\"wp-block-image\"><img data-recalc-dims=\"1\" decoding=\"async\" src=\"https:\/\/i0.wp.com\/ogimg.infoglobo.com.br\/in\/24328625-467-430\/FT1086A\/652\/x49697649512_d23805d13a_c.jpg.pagespeed.ic.phqJQ-kPhB.jpg?w=600&#038;ssl=1\" alt=\"Resultado de imagem para reuni\u00e3o governadores coronavirus videoconferencia g1\"\/><\/figure>\n\n\n\n<p>Os governadores apresentaram\nv\u00e1rias propostas e cobran\u00e7as, entre elas, a aplica\u00e7\u00e3o de lei que prev\u00ea renda\nb\u00e1sica para todos os brasileiros.<\/p>\n\n\n\n<p>Todos se comprometeram a continuar\nadotando medidas de acordo com as orienta\u00e7\u00f5es de profissionais de sa\u00fade e da\nOrganiza\u00e7\u00e3o Mundial de Sa\u00fade (OMS).<\/p>\n\n\n\n<p>Marcos Rocha foi na contram\u00e3o,\nflexibilizou o decreto que teria efeito at\u00e9 o dia dois de abril.<\/p>\n\n\n\n<p>Com a altera\u00e7\u00e3o est\u00e1 liberado\no funcionamento de funer\u00e1rias, com\u00e9rcio de produtos ligados a agroind\u00fastria,\nobras e servi\u00e7os de engenharia, manuten\u00e7\u00e3o e limpeza, hot\u00e9is e hospedarias,\nescrit\u00f3rios de contabilidade, lojas de materiais de constru\u00e7\u00e3o, borracharias e\nrestaurantes \u00e0s margens de rodovias.<\/p>\n\n\n\n<p>Ao falar dos estabelecimentos\nque est\u00e3o autorizados a abrir as portas, Marcos Rocha ressaltou a import\u00e2ncia\ndo uso do \u00e1lcool em gel, ignorando que o produto n\u00e3o est\u00e1 dispon\u00edvel no mercado.<\/p>\n\n\n\n<p>O governador disse que tomou a decis\u00e3o ap\u00f3s ouvir o Tribunal de Justi\u00e7a, Minist\u00e9rio P\u00fablico, Tribunal de Contas e seu secretariado.<\/p>\n\n\n\n<p>Fica claro, no entanto, que a motiva\u00e7\u00e3o para alterar o decreto se deu ap\u00f3s o o apelo de Bolsonaro pelo fim do confinamento em massa, o que chocou especialistas da \u00e1rea da sa\u00fade do mundo todo.<\/p>\n\n\n\n<p>\u201cLembrando que sou um\napoiador, sou uma pessoa amiga do presidente Bolsonaro e a gente vai seguir\nessa linha aqui, de fazer com que o decreto mantenha a linha produtiva\u201d, disse o\ngovernador.<\/p>\n\n\n\n<p>Ap\u00f3s dois dias sem divulgar dados do coronav\u00edrus, a Secretaria de Sa\u00fade disponibilizou o boletim  que mostra o estado com 5 casos confirmados, 585 notificados e 166 descartados. <\/p>\n\n\n\n<p>Confira a live:<\/p>\n\n\n\n<iframe loading=\"lazy\" src=\"https:\/\/www.facebook.com\/plugins\/video.php?href=https%3A%2F%2Fwww.facebook.com%2Fcelmarcosrocha%2Fvideos%2F728853464316308%2F&#038;show_text=0&#038;width=560\" width=\"560\" height=\"315\" style=\"border:none;overflow:hidden\" scrolling=\"no\" frameborder=\"0\" allowTransparency=\"true\" allowFullScreen=\"true\"><\/iframe>\n","protected":false},"excerpt":{"rendered":"<p>A not\u00edcia foi dada por meio de uma \u2018live\u2019 no perfil do governador Marcos Rocha. O coronel catapultado \u00e0 cena pol\u00edtica pela onda bolsonarista fez o contr\u00e1rio do que decidiram 27 governadores em videoconfer\u00eancia nesta quarta-feira, 25, em resposta ao pronunciamento em que o presidente Jair Bolsonaro estimula os brasileiros a desafiar a quarentena contra&#8230;<a class=\"more-link\" href=\"http:\/\/blogdalucianaoliveira.com.br\/blog\/2020\/03\/25\/por-fidelidade-a-bolsonaro-governador-de-rondonia-libera-varias-atividades-da-quarentena-contra-a-pandemia\/\">Continue a leitura <span class=\"meta-nav\">&raquo;<\/span><\/a><\/p>\n","protected":false},"author":1,"featured_media":0,"comment_status":"closed","ping_status":"open","sticky":false,"template":"","format":"standard","meta":{"_exactmetrics_skip_tracking":false,"_exactmetrics_sitenote_active":false,"_exactmetrics_sitenote_note":"","_exactmetrics_sitenote_category":0,"jetpack_post_was_ever_published":false,"_jetpack_newsletter_access":"","_jetpack_dont_email_post_to_subs":false,"_jetpack_newsletter_tier_id":0,"_jetpack_memberships_contains_paywalled_content":false,"_jetpack_memberships_contains_paid_content":false,"footnotes":"","jetpack_publicize_message":"","jetpack_publicize_feature_enabled":true,"jetpack_social_post_already_shared":true,"jetpack_social_options":{"image_generator_settings":{"template":"highway","enabled":false},"version":2}},"categories":[1],"tags":[],"class_list":["post-27121","post","type-post","status-publish","format-standard","hentry","category-notas"],"jetpack_publicize_connections":[],"jetpack_sharing_enabled":true,"jetpack_featured_media_url":"","jetpack_shortlink":"https:\/\/wp.me\/p7wKYW-73r","jetpack-related-posts":[],"_links":{"self":[{"href":"http:\/\/blogdalucianaoliveira.com.br\/blog\/wp-json\/wp\/v2\/posts\/27121","targetHints":{"allow":["GET"]}}],"collection":[{"href":"http:\/\/blogdalucianaoliveira.com.br\/blog\/wp-json\/wp\/v2\/posts"}],"about":[{"href":"http:\/\/blogdalucianaoliveira.com.br\/blog\/wp-json\/wp\/v2\/types\/post"}],"author":[{"embeddable":true,"href":"http:\/\/blogdalucianaoliveira.com.br\/blog\/wp-json\/wp\/v2\/users\/1"}],"replies":[{"embeddable":true,"href":"http:\/\/blogdalucianaoliveira.com.br\/blog\/wp-json\/wp\/v2\/comments?post=27121"}],"version-history":[{"count":4,"href":"http:\/\/blogdalucianaoliveira.com.br\/blog\/wp-json\/wp\/v2\/posts\/27121\/revisions"}],"predecessor-version":[{"id":27125,"href":"http:\/\/blogdalucianaoliveira.com.br\/blog\/wp-json\/wp\/v2\/posts\/27121\/revisions\/27125"}],"wp:attachment":[{"href":"http:\/\/blogdalucianaoliveira.com.br\/blog\/wp-json\/wp\/v2\/media?parent=27121"}],"wp:term":[{"taxonomy":"category","embeddable":true,"href":"http:\/\/blogdalucianaoliveira.com.br\/blog\/wp-json\/wp\/v2\/categories?post=27121"},{"taxonomy":"post_tag","embeddable":true,"href":"http:\/\/blogdalucianaoliveira.com.br\/blog\/wp-json\/wp\/v2\/tags?post=27121"}],"curies":[{"name":"wp","href":"https:\/\/api.w.org\/{rel}","templated":true}]}}