{"id":27126,"date":"2020-03-26T07:41:50","date_gmt":"2020-03-26T11:41:50","guid":{"rendered":"http:\/\/blogdalucianaoliveira.com.br\/blog\/?p=27126"},"modified":"2020-03-26T07:41:55","modified_gmt":"2020-03-26T11:41:55","slug":"bolsonaro-se-isola-com-direita-em-rede-social-apos-pronunciamento-e-centro-e-esquerda-se-unem-de-novo","status":"publish","type":"post","link":"http:\/\/blogdalucianaoliveira.com.br\/blog\/2020\/03\/26\/bolsonaro-se-isola-com-direita-em-rede-social-apos-pronunciamento-e-centro-e-esquerda-se-unem-de-novo\/","title":{"rendered":"Bolsonaro se isola com direita em rede social ap\u00f3s pronunciamento, e centro e esquerda se unem de novo"},"content":{"rendered":"\n<figure class=\"wp-block-image size-large\"><img data-recalc-dims=\"1\" loading=\"lazy\" decoding=\"async\" width=\"320\" height=\"180\" data-attachment-id=\"27127\" data-permalink=\"http:\/\/blogdalucianaoliveira.com.br\/blog\/2020\/03\/26\/bolsonaro-se-isola-com-direita-em-rede-social-apos-pronunciamento-e-centro-e-esquerda-se-unem-de-novo\/image-76-2\/\" data-orig-file=\"https:\/\/i0.wp.com\/blogdalucianaoliveira.com.br\/blog\/wp-content\/uploads\/2020\/03\/image-76.jpeg?fit=320%2C180\" data-orig-size=\"320,180\" data-comments-opened=\"0\" data-image-meta=\"{&quot;aperture&quot;:&quot;0&quot;,&quot;credit&quot;:&quot;&quot;,&quot;camera&quot;:&quot;&quot;,&quot;caption&quot;:&quot;&quot;,&quot;created_timestamp&quot;:&quot;0&quot;,&quot;copyright&quot;:&quot;&quot;,&quot;focal_length&quot;:&quot;0&quot;,&quot;iso&quot;:&quot;0&quot;,&quot;shutter_speed&quot;:&quot;0&quot;,&quot;title&quot;:&quot;&quot;,&quot;orientation&quot;:&quot;0&quot;}\" data-image-title=\"image-76\" data-image-description=\"\" data-image-caption=\"\" data-medium-file=\"https:\/\/i0.wp.com\/blogdalucianaoliveira.com.br\/blog\/wp-content\/uploads\/2020\/03\/image-76.jpeg?fit=300%2C169\" data-large-file=\"https:\/\/i0.wp.com\/blogdalucianaoliveira.com.br\/blog\/wp-content\/uploads\/2020\/03\/image-76.jpeg?fit=320%2C180\" src=\"https:\/\/i0.wp.com\/blogdalucianaoliveira.com.br\/blog\/wp-content\/uploads\/2020\/03\/image-76.jpeg?resize=320%2C180\" alt=\"\" class=\"wp-image-27127\" srcset=\"https:\/\/i0.wp.com\/blogdalucianaoliveira.com.br\/blog\/wp-content\/uploads\/2020\/03\/image-76.jpeg?w=320 320w, https:\/\/i0.wp.com\/blogdalucianaoliveira.com.br\/blog\/wp-content\/uploads\/2020\/03\/image-76.jpeg?resize=300%2C169 300w\" sizes=\"auto, (max-width: 320px) 100vw, 320px\" \/><\/figure>\n\n\n\n<p>Usu\u00e1rios de centro tiveram volume de retu\u00edtes semelhante ao da direita, algo in\u00e9dito.<\/p>\n\n\n\n<!--more-->\n\n\n\n<p><strong><a href=\"https:\/\/www1.folha.uol.com.br\/autores\/daniel-mariani.shtml\">Daniel Mariani<\/a><a href=\"https:\/\/www1.folha.uol.com.br\/autores\/fabio-takahashi.shtml\">, F\u00e1bio Takahashi<\/a>, Diana Yukari<\/strong><br>Na FSP<\/p>\n\n\n\n<p>Ao&nbsp;<a href=\"https:\/\/www1.folha.uol.com.br\/poder\/2020\/03\/em-pronunciamento-bolsonaro-critica-fechamento-de-escolas-ataca-governadores-e-culpa-midia.shtml\">criticar<\/a>&nbsp;o combate ao coronav\u00edrus no pa\u00eds, o presidente Jair Bolsonaro (sem partido) inflamou usu\u00e1rios de centro no Twitter, que atacaram o mandat\u00e1rio e, de forma in\u00e9dita, passaram a ter volume de mensagens semelhante aos perfis de direita.<\/p>\n\n\n\n<p>A&nbsp;<strong>Folha<\/strong>&nbsp;analisou 950 mil tu\u00edtes feitos entre as 19h de ter\u00e7a (24), pouco antes do pronunciamento do presidente em cadeia nacional, e as 6h desta quarta (25). Foram consideradas mensagens que continham termos como \u201cBolsonaro\u201d, \u201cpronunciamento\u201d e correlatos.<\/p>\n\n\n\n<figure><iframe src=\"https:\/\/player.mais.uol.com.br\/?mediaId=16779566&amp;onDemand=true\" allowfullscreen=\"\"><\/iframe><\/figure>\n\n\n\n<p>\u00c9 um&nbsp;<a href=\"https:\/\/temas.folha.uol.com.br\/gps-ideologico\/reta-ideologica\/a-posicao-ideologica-de-mil-influenciadores-no-twitter.shtml\">levantamento<\/a>&nbsp;feito desde maio do ano passado, sempre que h\u00e1 eventos relevantes politicamente. Em nenhum momento at\u00e9 esta semana o centro havia tido atividade semelhante aos perfis de direita.<\/p>\n\n\n\n<p>Na ter\u00e7a e quarta, 59 mil usu\u00e1rios de direita postaram sobre o pronunciamento; no centro, foram 58 mil.<\/p>\n\n\n\n<p>Quando o STF (Supremo Tribunal Federal) voltou a barrar a pris\u00e3o em segunda inst\u00e2ncia, em novembro passado, o que permitiu a soltura do ex-presidente Luiz In\u00e1cio Lula da Silva (PT), foram apenas 15 mil centristas comentando a decis\u00e3o, num per\u00edodo de coleta maior \u2014um dia inteiro (nesta semana, foram 11 horas consideradas).<\/p>\n\n\n\n<p>Naquele momento de novembro, a presen\u00e7a da direita foi duas vezes maior que a do centro comentando a liberdade do petista.<\/p>\n\n\n\n<p>A classifica\u00e7\u00e3o dos usu\u00e1rios entre centro, direita e esquerda \u00e9 feita pelo&nbsp;<a href=\"https:\/\/temas.folha.uol.com.br\/gps-ideologico\/\">GPS Ideol\u00f3gico<\/a>, ferramenta da&nbsp;<strong>Folha<\/strong>&nbsp;que&nbsp;<a href=\"https:\/\/temas.folha.uol.com.br\/gps-ideologico\/as-bolhas-na-rede-social\/entenda-como-o-estudo-foi-feito.shtml\">categorizou&nbsp;<\/a>1,7 milh\u00e3o de perfis no Twitter, com interesse em pol\u00edtica. Os usu\u00e1rios s\u00e3o distribu\u00eddos numa reta, do ponto mais \u00e0 direita ao mais \u00e0 esquerda, de acordo com quem eles seguem na rede social.<\/p>\n\n\n\n<figure><iframe loading=\"lazy\" src=\"https:\/\/arte.folha.uol.com.br\/poder\/2020\/03\/26\/gps-pronunciamento-bolsonaro\/?initialWidth=1&amp;childId=infographic-1&amp;parentTitle=Bolsonaro%20se%20isola%20com%20direita%20em%20rede%20social%20ap%C3%B3s%20pronunciamento%2C%20e%20centro%20e%20esquerda%20se%20unem%20de%20novo%20-%2026%2F03%2F2020%20-%20Poder%20-%20Folha&amp;parentUrl=https%3A%2F%2Fwww1.folha.uol.com.br%2Fpoder%2F2020%2F03%2Fbolsonaro-se-isola-com-direita-apos-discurso-e-centro-e-esquerda-se-unem-de-novo.shtml\" width=\"100%\" height=\"2174px\"><\/iframe><\/figure>\n\n\n\n<p><a href=\"https:\/\/www1.folha.uol.com.br\/poder\/2020\/03\/centro-se-alinha-a-esquerda-contra-bolsonaro-ao-tratar-sobre-crise-do-coronavirus.shtml\">Repetindo o que houve na semana passada<\/a>, quando Bolsonaro concedeu entrevista coletiva sobre o v\u00edrus ao lado de ministros usando m\u00e1scaras de prote\u00e7\u00e3o, as mensagens mais populares no centro foram em grande parte iguais \u00e0s que mais circularam na esquerda \u2014todas cr\u00edticas ao mandat\u00e1rio.<\/p>\n\n\n\n<p>Dos dez tu\u00edtes mais populares no centro nesta semana, nove tamb\u00e9m estavam na lista da esquerda.<\/p>\n\n\n\n<p>A mensagem mais retuitada em ambos os espectros foi \u201cagora, definitivamente e de uma vez por todas, o lugar do Bolsonaro \u00e9 na CADEIA!\u201d.<\/p>\n\n\n\n<p>Na direita, majoritariamente os tu\u00edtes que mais circularam foram de apoio ao presidente, como \u201caqueles que torcem para que o v\u00edrus ven\u00e7a o Brasil est\u00e3o revoltados com a coragem do Presidente @jairbolsonaro de escancarar a verdade! Vamos sair do isolamento horizontal para o vertical, protegendo os mais vulner\u00e1veis e permitindo que pessoas voltem a trabalhar\u201d.<\/p>\n\n\n\n<p>O tu\u00edte se refere \u00e0 ideia do presidente de que a pol\u00edtica de isolamento deveria ser restrita \u00e0s popula\u00e7\u00f5es mais vulner\u00e1veis, n\u00e3o \u00e0 toda a popula\u00e7\u00e3o, para que haja menos danos econ\u00f4micos. \u00c9 uma estrat\u00e9gia tida como ineficaz por especialistas e pelos governadores, que afirmam que o v\u00edrus continuaria a circular e atingiria os vulner\u00e1veis de qualquer forma.<\/p>\n\n\n\n<p>Apesar do apoio na maior parte dos tu\u00edtes mais populares, o quinto mais retuitado foi cr\u00edtico ao presidente: \u201cUm presidente que num momento de crise faz um pronunciamento oficial em cadeia nacional para falar sobre ele e n\u00e3o sobre o seu povo n\u00e3o merece a cadeira que pediu pra gente\u201d.<\/p>\n\n\n\n<p>Al\u00e9m de inflamar o centro, o discurso do Bolsonaro fez a esquerda disparar no n\u00famero de pessoas comentando o evento. Nesta semana, houve mais que o dobro de perfis de esquerda no debate, em rela\u00e7\u00e3o aos de direita.<\/p>\n\n\n\n<p>Na \u00e9poca da soltura de Lula, em novembro, eles tiveram praticamente o mesmo montante.<\/p>\n\n\n\n<h3 class=\"wp-block-heading\">O QUE DISSE BOLSONARO<\/h3>\n\n\n\n<p>Em seu&nbsp;<a href=\"https:\/\/www1.folha.uol.com.br\/poder\/2020\/03\/em-pronunciamento-bolsonaro-critica-fechamento-de-escolas-ataca-governadores-e-culpa-midia.shtml\">terceiro pronunciamento em r\u00e1dio e televis\u00e3o<\/a>&nbsp;sobre a crise do coronav\u00edrus, o presidente atacou&nbsp;<a href=\"https:\/\/www1.folha.uol.com.br\/poder\/2020\/03\/mp-de-bolsonaro-nao-impede-acao-de-governadores-contra-virus-diz-marco-aurelio.shtml\">governadores<\/a>&nbsp;e disse que eles precisam &#8220;abandonar o conceito de terra arrasada&#8221;, com a proibi\u00e7\u00e3o de transporte, o fechamento do com\u00e9rcio e o que chamou de confinamento em massa.<\/p>\n\n\n\n<p>Nesta quarta-feira,&nbsp;<a href=\"https:\/\/www1.folha.uol.com.br\/poder\/2020\/03\/bolsonaro-defende-isolamento-parcial-ataca-congresso-e-ve-possivel-instabilidade-democratica.shtml\">Bolsonaro seguiu no mesmo tom e voltou a criticar medidas<\/a>&nbsp;adotadas por estados e munic\u00edpios para reduzir circula\u00e7\u00e3o de pessoas.<\/p>\n\n\n\n<p>&#8220;O povo tem que parar de deixar tudo nas costas do poder p\u00fablico. Aqui n\u00e3o \u00e9 uma ditadura, \u00e9 uma democracia&#8221;, disse o presidente a jornalistas na sa\u00edda do Pal\u00e1cio da Alvorada. &#8220;Os respons\u00e1veis pela minha m\u00e3e de 92 s\u00e3o seus meia-d\u00fazia [de] filhos.&#8221;<\/p>\n\n\n\n<p>Reportagem da&nbsp;<strong>Folha<\/strong>&nbsp;mostrou que a estrat\u00e9gia do pronunciamento de ter\u00e7a-feira foi definida pelo chamado \u201cgabinete do \u00f3dio\u201d, n\u00facleo formado por aliados do presidente que defendem confrontos para mobilizar a base bolsonarista.<\/p>\n\n\n\n<p>A avalia\u00e7\u00e3o deles \u00e9 a de que, diante do clima de animosidade, era hora de orientar a milit\u00e2ncia digital apontando inimigos, no caso os ve\u00edculos de imprensa e os governos estaduais, mobilizando os eleitores fi\u00e9is a responderem \u00e0s cr\u00edticas contra a gest\u00e3o federal.<\/p>\n\n\n\n<p>Al\u00e9m disso, ao criticar o desaquecimento da atividade econ\u00f4mica, o presidente, segundo deputados aliados, tentou criar uma vacina: a de que um eventual aumento do desemprego no futuro n\u00e3o \u00e9 responsabilidade sua, mas dos governos estaduais que adotaram medidas de conten\u00e7\u00e3o.<\/p>\n\n\n\n<figure><iframe src=\"https:\/\/player.mais.uol.com.br\/?mediaId=16779245&amp;onDemand=true\" allowfullscreen=\"\"><\/iframe><\/figure>\n\n\n\n<p><\/p>\n","protected":false},"excerpt":{"rendered":"<p>Usu\u00e1rios de centro tiveram volume de retu\u00edtes semelhante ao da direita, algo in\u00e9dito.<\/p>\n","protected":false},"author":1,"featured_media":0,"comment_status":"closed","ping_status":"open","sticky":false,"template":"","format":"standard","meta":{"_exactmetrics_skip_tracking":false,"_exactmetrics_sitenote_active":false,"_exactmetrics_sitenote_note":"","_exactmetrics_sitenote_category":0,"jetpack_post_was_ever_published":false,"_jetpack_newsletter_access":"","_jetpack_dont_email_post_to_subs":false,"_jetpack_newsletter_tier_id":0,"_jetpack_memberships_contains_paywalled_content":false,"_jetpack_memberships_contains_paid_content":false,"footnotes":"","jetpack_publicize_message":"","jetpack_publicize_feature_enabled":true,"jetpack_social_post_already_shared":true,"jetpack_social_options":{"image_generator_settings":{"template":"highway","enabled":false},"version":2}},"categories":[1],"tags":[],"class_list":["post-27126","post","type-post","status-publish","format-standard","hentry","category-notas"],"jetpack_publicize_connections":[],"jetpack_sharing_enabled":true,"jetpack_featured_media_url":"","jetpack_shortlink":"https:\/\/wp.me\/p7wKYW-73w","jetpack-related-posts":[],"_links":{"self":[{"href":"http:\/\/blogdalucianaoliveira.com.br\/blog\/wp-json\/wp\/v2\/posts\/27126","targetHints":{"allow":["GET"]}}],"collection":[{"href":"http:\/\/blogdalucianaoliveira.com.br\/blog\/wp-json\/wp\/v2\/posts"}],"about":[{"href":"http:\/\/blogdalucianaoliveira.com.br\/blog\/wp-json\/wp\/v2\/types\/post"}],"author":[{"embeddable":true,"href":"http:\/\/blogdalucianaoliveira.com.br\/blog\/wp-json\/wp\/v2\/users\/1"}],"replies":[{"embeddable":true,"href":"http:\/\/blogdalucianaoliveira.com.br\/blog\/wp-json\/wp\/v2\/comments?post=27126"}],"version-history":[{"count":1,"href":"http:\/\/blogdalucianaoliveira.com.br\/blog\/wp-json\/wp\/v2\/posts\/27126\/revisions"}],"predecessor-version":[{"id":27128,"href":"http:\/\/blogdalucianaoliveira.com.br\/blog\/wp-json\/wp\/v2\/posts\/27126\/revisions\/27128"}],"wp:attachment":[{"href":"http:\/\/blogdalucianaoliveira.com.br\/blog\/wp-json\/wp\/v2\/media?parent=27126"}],"wp:term":[{"taxonomy":"category","embeddable":true,"href":"http:\/\/blogdalucianaoliveira.com.br\/blog\/wp-json\/wp\/v2\/categories?post=27126"},{"taxonomy":"post_tag","embeddable":true,"href":"http:\/\/blogdalucianaoliveira.com.br\/blog\/wp-json\/wp\/v2\/tags?post=27126"}],"curies":[{"name":"wp","href":"https:\/\/api.w.org\/{rel}","templated":true}]}}