{"id":27132,"date":"2020-03-26T08:05:36","date_gmt":"2020-03-26T12:05:36","guid":{"rendered":"http:\/\/blogdalucianaoliveira.com.br\/blog\/?p=27132"},"modified":"2020-03-26T08:05:44","modified_gmt":"2020-03-26T12:05:44","slug":"editorial-da-folha-presidente-retire-se","status":"publish","type":"post","link":"http:\/\/blogdalucianaoliveira.com.br\/blog\/2020\/03\/26\/editorial-da-folha-presidente-retire-se\/","title":{"rendered":"Editorial da Folha: Presidente, retire-se"},"content":{"rendered":"\n<figure class=\"wp-block-image size-large\"><img data-recalc-dims=\"1\" loading=\"lazy\" decoding=\"async\" width=\"600\" height=\"400\" data-attachment-id=\"27133\" data-permalink=\"http:\/\/blogdalucianaoliveira.com.br\/blog\/2020\/03\/26\/editorial-da-folha-presidente-retire-se\/image-78-3\/\" data-orig-file=\"https:\/\/i0.wp.com\/blogdalucianaoliveira.com.br\/blog\/wp-content\/uploads\/2020\/03\/image-78.jpeg?fit=1024%2C683\" data-orig-size=\"1024,683\" data-comments-opened=\"0\" data-image-meta=\"{&quot;aperture&quot;:&quot;0&quot;,&quot;credit&quot;:&quot;&quot;,&quot;camera&quot;:&quot;&quot;,&quot;caption&quot;:&quot;&quot;,&quot;created_timestamp&quot;:&quot;0&quot;,&quot;copyright&quot;:&quot;&quot;,&quot;focal_length&quot;:&quot;0&quot;,&quot;iso&quot;:&quot;0&quot;,&quot;shutter_speed&quot;:&quot;0&quot;,&quot;title&quot;:&quot;&quot;,&quot;orientation&quot;:&quot;0&quot;}\" data-image-title=\"image-78\" data-image-description=\"\" data-image-caption=\"\" data-medium-file=\"https:\/\/i0.wp.com\/blogdalucianaoliveira.com.br\/blog\/wp-content\/uploads\/2020\/03\/image-78.jpeg?fit=300%2C200\" data-large-file=\"https:\/\/i0.wp.com\/blogdalucianaoliveira.com.br\/blog\/wp-content\/uploads\/2020\/03\/image-78.jpeg?fit=600%2C400\" src=\"https:\/\/i0.wp.com\/blogdalucianaoliveira.com.br\/blog\/wp-content\/uploads\/2020\/03\/image-78.jpeg?resize=600%2C400\" alt=\"\" class=\"wp-image-27133\" srcset=\"https:\/\/i0.wp.com\/blogdalucianaoliveira.com.br\/blog\/wp-content\/uploads\/2020\/03\/image-78.jpeg?w=1024 1024w, https:\/\/i0.wp.com\/blogdalucianaoliveira.com.br\/blog\/wp-content\/uploads\/2020\/03\/image-78.jpeg?resize=300%2C200 300w, https:\/\/i0.wp.com\/blogdalucianaoliveira.com.br\/blog\/wp-content\/uploads\/2020\/03\/image-78.jpeg?resize=768%2C512 768w, https:\/\/i0.wp.com\/blogdalucianaoliveira.com.br\/blog\/wp-content\/uploads\/2020\/03\/image-78.jpeg?resize=450%2C300 450w\" sizes=\"auto, (max-width: 600px) 100vw, 600px\" \/><\/figure>\n\n\n\n<p>Diante da magnitude dos esfor\u00e7os necess\u00e1rios para mitigar os efeitos devastadores da epidemia do coronav\u00edrus sobre a sa\u00fade e a economia do Brasil, ser\u00e1 preciso encontrar meios de anular, e logo, a capacidade de Jair Bolsonaro de estorvar a mobiliza\u00e7\u00e3o de guerra necess\u00e1ria para atravessar, com os menores danos poss\u00edveis, este epis\u00f3dio dram\u00e1tico da vida nacional.<\/p>\n\n\n\n<!--more-->\n\n\n\n<p>Nesta ter\u00e7a (24), em cadeia de r\u00e1dio e TV, ele&nbsp;<a href=\"https:\/\/www1.folha.uol.com.br\/poder\/2020\/03\/em-pronunciamento-bolsonaro-critica-fechamento-de-escolas-ataca-governadores-e-culpa-midia.shtml\">mostrou mais uma vez que n\u00e3o aprende nem se cala<\/a>.<br>N\u00e3o aprende as li\u00e7\u00f5es da ci\u00eancia e dos t\u00e9cnicos em sa\u00fade p\u00fablica de todo o mundo e de seu pr\u00f3prio governo. N\u00e3o se cala para evitar a propaga\u00e7\u00e3o das estultices que povoam a sua mente apalermada.<\/p>\n\n\n\n<p>Tudo o que o Brasil n\u00e3o precisa neste momento \u00e9 de um presidente que estimula a divis\u00e3o e atrapalha a coordena\u00e7\u00e3o de diagn\u00f3sticos e estrat\u00e9gias municipais, estaduais e federais contra a doen\u00e7a e o empobrecimento num pa\u00eds continental de 210 milh\u00f5es de habitantes.<\/p>\n\n\n\n<p>O pa\u00eds tampouco pode perder tempo com brigas pol\u00edticas entre o chefe de Estado e governadores, entre Executivo e o Congresso.<\/p>\n\n\n\n<p>Manter o m\u00e1ximo de pessoas em casa nesta primeira fase, ao mesmo tempo em que se expande a capacidade das emerg\u00eancias hospitalares, ser\u00e1 crucial para diminuir as mortes evit\u00e1veis.<\/p>\n\n\n\n<p>Investir desde j\u00e1 na amplia\u00e7\u00e3o da testagem r\u00e1pida, da busca ativa de infectados e do estoque de drogas que venham a se mostrar eficazes reduzir\u00e1 o \u00f4nus para a sa\u00fade e a economia numa segunda etapa, quando os confinamentos mais duros forem levantados.<\/p>\n\n\n\n<p>As ondas de cont\u00e1gio e fatalidades, que se concentram agora nas \u00e1reas metropolitanas de S\u00e3o Paulo e do Rio, come\u00e7am a caminhar para outras regi\u00f5es. \u00c9 preciso planejamento e concatena\u00e7\u00e3o entre autoridades para lidar com esse espectro de picos epid\u00eamicos em diferentes est\u00e1gios ao longo do territ\u00f3rio brasileiro durante meses.<\/p>\n\n\n\n<p>Na economia, urge construir e estender linhas in\u00e9ditas de socorro \u00e0 renda e aos empregos dos mais vulner\u00e1veis. O d\u00e9ficit e a d\u00edvida dever\u00e3o subir, mas seria ing\u00eanuo imaginar que essa expans\u00e3o n\u00e3o teria limites, mesmo se o Brasil fosse pa\u00eds rico.<\/p>\n\n\n\n<p>Para articular, com respeito ao conhecimento sanit\u00e1rio e econ\u00f4mico, todos esses esfor\u00e7os extraordin\u00e1rios, Bolsonaro precisa delegar poderes a uma for\u00e7a-tarefa que re\u00fana as equipes t\u00e9cnicas da Sa\u00fade e da \u00e1rea econ\u00f4mica e dialogue com Congresso e governadores.<\/p>\n\n\n\n<p>Que se forme um n\u00facleo de governabilidade capaz de deixar em segundo plano as sandices do presidente, e que os pol\u00edticos tenham a grandeza de suspender suas vaidades e projetos eleitorais por ora.<\/p>\n\n\n\n<p>Assim deveriam transcorrer as pr\u00f3ximas semanas, que ser\u00e3o decisivas para uma pondera\u00e7\u00e3o dos efeitos das provid\u00eancias j\u00e1 tomadas na preserva\u00e7\u00e3o de vidas e na subsist\u00eancia das fam\u00edlias.<\/p>\n\n\n\n<p><\/p>\n","protected":false},"excerpt":{"rendered":"<p>Diante da magnitude dos esfor\u00e7os necess\u00e1rios para mitigar os efeitos devastadores da epidemia do coronav\u00edrus sobre a sa\u00fade e a economia do Brasil, ser\u00e1 preciso encontrar meios de anular, e logo, a capacidade de Jair Bolsonaro de estorvar a mobiliza\u00e7\u00e3o de guerra necess\u00e1ria para atravessar, com os menores danos poss\u00edveis, este epis\u00f3dio dram\u00e1tico da vida&#8230;<a class=\"more-link\" href=\"http:\/\/blogdalucianaoliveira.com.br\/blog\/2020\/03\/26\/editorial-da-folha-presidente-retire-se\/\">Continue a leitura <span class=\"meta-nav\">&raquo;<\/span><\/a><\/p>\n","protected":false},"author":1,"featured_media":0,"comment_status":"closed","ping_status":"open","sticky":false,"template":"","format":"standard","meta":{"_exactmetrics_skip_tracking":false,"_exactmetrics_sitenote_active":false,"_exactmetrics_sitenote_note":"","_exactmetrics_sitenote_category":0,"jetpack_post_was_ever_published":false,"_jetpack_newsletter_access":"","_jetpack_dont_email_post_to_subs":false,"_jetpack_newsletter_tier_id":0,"_jetpack_memberships_contains_paywalled_content":false,"_jetpack_memberships_contains_paid_content":false,"footnotes":"","jetpack_publicize_message":"","jetpack_publicize_feature_enabled":true,"jetpack_social_post_already_shared":true,"jetpack_social_options":{"image_generator_settings":{"template":"highway","enabled":false},"version":2}},"categories":[1],"tags":[],"class_list":["post-27132","post","type-post","status-publish","format-standard","hentry","category-notas"],"jetpack_publicize_connections":[],"jetpack_sharing_enabled":true,"jetpack_featured_media_url":"","jetpack_shortlink":"https:\/\/wp.me\/p7wKYW-73C","jetpack-related-posts":[],"_links":{"self":[{"href":"http:\/\/blogdalucianaoliveira.com.br\/blog\/wp-json\/wp\/v2\/posts\/27132","targetHints":{"allow":["GET"]}}],"collection":[{"href":"http:\/\/blogdalucianaoliveira.com.br\/blog\/wp-json\/wp\/v2\/posts"}],"about":[{"href":"http:\/\/blogdalucianaoliveira.com.br\/blog\/wp-json\/wp\/v2\/types\/post"}],"author":[{"embeddable":true,"href":"http:\/\/blogdalucianaoliveira.com.br\/blog\/wp-json\/wp\/v2\/users\/1"}],"replies":[{"embeddable":true,"href":"http:\/\/blogdalucianaoliveira.com.br\/blog\/wp-json\/wp\/v2\/comments?post=27132"}],"version-history":[{"count":1,"href":"http:\/\/blogdalucianaoliveira.com.br\/blog\/wp-json\/wp\/v2\/posts\/27132\/revisions"}],"predecessor-version":[{"id":27134,"href":"http:\/\/blogdalucianaoliveira.com.br\/blog\/wp-json\/wp\/v2\/posts\/27132\/revisions\/27134"}],"wp:attachment":[{"href":"http:\/\/blogdalucianaoliveira.com.br\/blog\/wp-json\/wp\/v2\/media?parent=27132"}],"wp:term":[{"taxonomy":"category","embeddable":true,"href":"http:\/\/blogdalucianaoliveira.com.br\/blog\/wp-json\/wp\/v2\/categories?post=27132"},{"taxonomy":"post_tag","embeddable":true,"href":"http:\/\/blogdalucianaoliveira.com.br\/blog\/wp-json\/wp\/v2\/tags?post=27132"}],"curies":[{"name":"wp","href":"https:\/\/api.w.org\/{rel}","templated":true}]}}