{"id":27135,"date":"2020-03-26T12:00:29","date_gmt":"2020-03-26T16:00:29","guid":{"rendered":"http:\/\/blogdalucianaoliveira.com.br\/blog\/?p=27135"},"modified":"2020-03-26T12:05:24","modified_gmt":"2020-03-26T16:05:24","slug":"bolsonaro-e-irresponsavel-e-indigno-de-ocupar-o-cargo-de-presidente-dizem-brasileiras-na-italia","status":"publish","type":"post","link":"http:\/\/blogdalucianaoliveira.com.br\/blog\/2020\/03\/26\/bolsonaro-e-irresponsavel-e-indigno-de-ocupar-o-cargo-de-presidente-dizem-brasileiras-na-italia\/","title":{"rendered":"Bolsonaro \u00e9 irrespons\u00e1vel e indigno de ocupar o cargo de presidente, dizem brasileiras na It\u00e1lia"},"content":{"rendered":"\n<figure class=\"wp-block-image size-large\"><img loading=\"lazy\" decoding=\"async\" width=\"2303\" height=\"2199\" data-attachment-id=\"27140\" data-permalink=\"http:\/\/blogdalucianaoliveira.com.br\/blog\/2020\/03\/26\/bolsonaro-e-irresponsavel-e-indigno-de-ocupar-o-cargo-de-presidente-dizem-brasileiras-na-italia\/3eee95b2-69e4-446d-91f5-6eb1fc88b009\/\" data-orig-file=\"https:\/\/i0.wp.com\/blogdalucianaoliveira.com.br\/blog\/wp-content\/uploads\/2020\/03\/3EEE95B2-69E4-446D-91F5-6EB1FC88B009.jpeg?fit=2303%2C2199\" data-orig-size=\"2303,2199\" data-comments-opened=\"0\" data-image-meta=\"{&quot;aperture&quot;:&quot;0&quot;,&quot;credit&quot;:&quot;&quot;,&quot;camera&quot;:&quot;&quot;,&quot;caption&quot;:&quot;&quot;,&quot;created_timestamp&quot;:&quot;0&quot;,&quot;copyright&quot;:&quot;&quot;,&quot;focal_length&quot;:&quot;0&quot;,&quot;iso&quot;:&quot;0&quot;,&quot;shutter_speed&quot;:&quot;0&quot;,&quot;title&quot;:&quot;&quot;,&quot;orientation&quot;:&quot;0&quot;}\" data-image-title=\"3EEE95B2-69E4-446D-91F5-6EB1FC88B009\" data-image-description=\"\" data-image-caption=\"\" data-medium-file=\"https:\/\/i0.wp.com\/blogdalucianaoliveira.com.br\/blog\/wp-content\/uploads\/2020\/03\/3EEE95B2-69E4-446D-91F5-6EB1FC88B009.jpeg?fit=300%2C286\" data-large-file=\"https:\/\/i0.wp.com\/blogdalucianaoliveira.com.br\/blog\/wp-content\/uploads\/2020\/03\/3EEE95B2-69E4-446D-91F5-6EB1FC88B009.jpeg?fit=600%2C573\" src=\"https:\/\/i1.wp.com\/blogdalucianaoliveira.com.br\/blog\/wp-content\/uploads\/2020\/03\/3EEE95B2-69E4-446D-91F5-6EB1FC88B009.jpeg?fit=600%2C573\" alt=\"\" class=\"wp-image-27140\" srcset=\"https:\/\/i0.wp.com\/blogdalucianaoliveira.com.br\/blog\/wp-content\/uploads\/2020\/03\/3EEE95B2-69E4-446D-91F5-6EB1FC88B009.jpeg?w=2303 2303w, https:\/\/i0.wp.com\/blogdalucianaoliveira.com.br\/blog\/wp-content\/uploads\/2020\/03\/3EEE95B2-69E4-446D-91F5-6EB1FC88B009.jpeg?resize=300%2C286 300w, https:\/\/i0.wp.com\/blogdalucianaoliveira.com.br\/blog\/wp-content\/uploads\/2020\/03\/3EEE95B2-69E4-446D-91F5-6EB1FC88B009.jpeg?resize=1024%2C978 1024w, https:\/\/i0.wp.com\/blogdalucianaoliveira.com.br\/blog\/wp-content\/uploads\/2020\/03\/3EEE95B2-69E4-446D-91F5-6EB1FC88B009.jpeg?resize=768%2C733 768w, https:\/\/i0.wp.com\/blogdalucianaoliveira.com.br\/blog\/wp-content\/uploads\/2020\/03\/3EEE95B2-69E4-446D-91F5-6EB1FC88B009.jpeg?resize=1536%2C1467 1536w, https:\/\/i0.wp.com\/blogdalucianaoliveira.com.br\/blog\/wp-content\/uploads\/2020\/03\/3EEE95B2-69E4-446D-91F5-6EB1FC88B009.jpeg?resize=2048%2C1956 2048w, https:\/\/i0.wp.com\/blogdalucianaoliveira.com.br\/blog\/wp-content\/uploads\/2020\/03\/3EEE95B2-69E4-446D-91F5-6EB1FC88B009.jpeg?resize=314%2C300 314w, https:\/\/i0.wp.com\/blogdalucianaoliveira.com.br\/blog\/wp-content\/uploads\/2020\/03\/3EEE95B2-69E4-446D-91F5-6EB1FC88B009.jpeg?w=1200 1200w, https:\/\/i0.wp.com\/blogdalucianaoliveira.com.br\/blog\/wp-content\/uploads\/2020\/03\/3EEE95B2-69E4-446D-91F5-6EB1FC88B009.jpeg?w=1800 1800w\" sizes=\"auto, (max-width: 600px) 100vw, 600px\" \/><\/figure>\n\n\n\n<p><\/p>\n\n\n\n<p>As mensagens foram enviadas por leitoras do blog da Luciana\nOliveira e do portal de not\u00edcias Brasil 247 ap\u00f3s o presidente Jair Bolsonaro sugerir\no fim do confinamento em massa contra o coronav\u00edrus.<\/p>\n\n\n\n<p>Elas contam um pouco do drama vivido com a pandemia na It\u00e1lia, pa\u00eds que demorou a impor medidas de conten\u00e7\u00e3o e que em pouco mais de um m\u00eas contabiliza 7500 mortos pelo Covid-19.<\/p>\n\n\n\n<!--more-->\n\n\n\n<p>S\u00f3 duas semanas ap\u00f3s a primeira morte foi decretado o\nisolamento social.<\/p>\n\n\n\n<p>O custo pelo governo ter considerado exagerada a cobertura\nda m\u00eddia sobre a pandemia foi alto, colapso na rede de sa\u00fade e mortes em centenas\npor dia.<\/p>\n\n\n\n<p>\u00c9 para o risco de que aconte\u00e7a o mesmo no Brasil que Gilsaine, N\u00e1dia, Denise, Solange e Dirce chamam a aten\u00e7\u00e3o.<\/p>\n\n\n\n<p>As brasileiras que moram em diferentes regi\u00f5es da It\u00e1lia apelam aos brasileiros para que n\u00e3o escutem o presidente, a quem classificam como irrespons\u00e1vel.<\/p>\n\n\n\n<p>\u201cO povo brasileiro n\u00e3o merece esse abandono e descaso. Esse\nsenhor Bolsonaro n\u00e3o \u00e9 digno do cargo que ocupa\u201d, diz Denise Veiga,\nex-funcion\u00e1ria do Programa Alimentar das Na\u00e7\u00f5es Unidas em Roma.<\/p>\n\n\n\n<p>A irm\u00e3 dela, a enfermeira Dirce Veiga apela: \u201cn\u00e3o saiam de casa, por favor! O pronunciamento do presidente inomin\u00e1vel do Brasil \u00e9 o depoimento de uma pessoa irrespons\u00e1vel, covarde e assassina. E com s\u00e9rios problemas ps\u00edquicos\u201d. <br><\/p>\n\n\n\n<figure class=\"wp-block-embed-youtube wp-block-embed is-type-video is-provider-youtube wp-embed-aspect-4-3 wp-has-aspect-ratio\"><div class=\"wp-block-embed__wrapper\">\n<div class=\"jetpack-video-wrapper\"><span class=\"embed-youtube\" style=\"text-align:center; display: block;\"><iframe loading=\"lazy\" class=\"youtube-player\" width=\"600\" height=\"338\" src=\"https:\/\/www.youtube.com\/embed\/zc1b3DSm9Q0?version=3&#038;rel=1&#038;showsearch=0&#038;showinfo=1&#038;iv_load_policy=1&#038;fs=1&#038;hl=pt-BR&#038;autohide=2&#038;wmode=transparent\" allowfullscreen=\"true\" style=\"border:0;\" sandbox=\"allow-scripts allow-same-origin allow-popups allow-presentation allow-popups-to-escape-sandbox\"><\/iframe><\/span><\/div>\n<\/div><\/figure>\n","protected":false},"excerpt":{"rendered":"<p>As mensagens foram enviadas por leitoras do blog da Luciana Oliveira e do portal de not\u00edcias Brasil 247 ap\u00f3s o presidente Jair Bolsonaro sugerir o fim do confinamento em massa contra o coronav\u00edrus. Elas contam um pouco do drama vivido com a pandemia na It\u00e1lia, pa\u00eds que demorou a impor medidas de conten\u00e7\u00e3o e que&#8230;<a class=\"more-link\" href=\"http:\/\/blogdalucianaoliveira.com.br\/blog\/2020\/03\/26\/bolsonaro-e-irresponsavel-e-indigno-de-ocupar-o-cargo-de-presidente-dizem-brasileiras-na-italia\/\">Continue a leitura <span class=\"meta-nav\">&raquo;<\/span><\/a><\/p>\n","protected":false},"author":1,"featured_media":0,"comment_status":"closed","ping_status":"open","sticky":false,"template":"","format":"standard","meta":{"_exactmetrics_skip_tracking":false,"_exactmetrics_sitenote_active":false,"_exactmetrics_sitenote_note":"","_exactmetrics_sitenote_category":0,"jetpack_post_was_ever_published":false,"_jetpack_newsletter_access":"","_jetpack_dont_email_post_to_subs":false,"_jetpack_newsletter_tier_id":0,"_jetpack_memberships_contains_paywalled_content":false,"_jetpack_memberships_contains_paid_content":false,"footnotes":"","jetpack_publicize_message":"","jetpack_publicize_feature_enabled":true,"jetpack_social_post_already_shared":true,"jetpack_social_options":{"image_generator_settings":{"template":"highway","enabled":false},"version":2}},"categories":[1],"tags":[],"class_list":["post-27135","post","type-post","status-publish","format-standard","hentry","category-notas"],"jetpack_publicize_connections":[],"jetpack_sharing_enabled":true,"jetpack_featured_media_url":"","jetpack_shortlink":"https:\/\/wp.me\/p7wKYW-73F","jetpack-related-posts":[],"_links":{"self":[{"href":"http:\/\/blogdalucianaoliveira.com.br\/blog\/wp-json\/wp\/v2\/posts\/27135","targetHints":{"allow":["GET"]}}],"collection":[{"href":"http:\/\/blogdalucianaoliveira.com.br\/blog\/wp-json\/wp\/v2\/posts"}],"about":[{"href":"http:\/\/blogdalucianaoliveira.com.br\/blog\/wp-json\/wp\/v2\/types\/post"}],"author":[{"embeddable":true,"href":"http:\/\/blogdalucianaoliveira.com.br\/blog\/wp-json\/wp\/v2\/users\/1"}],"replies":[{"embeddable":true,"href":"http:\/\/blogdalucianaoliveira.com.br\/blog\/wp-json\/wp\/v2\/comments?post=27135"}],"version-history":[{"count":2,"href":"http:\/\/blogdalucianaoliveira.com.br\/blog\/wp-json\/wp\/v2\/posts\/27135\/revisions"}],"predecessor-version":[{"id":27141,"href":"http:\/\/blogdalucianaoliveira.com.br\/blog\/wp-json\/wp\/v2\/posts\/27135\/revisions\/27141"}],"wp:attachment":[{"href":"http:\/\/blogdalucianaoliveira.com.br\/blog\/wp-json\/wp\/v2\/media?parent=27135"}],"wp:term":[{"taxonomy":"category","embeddable":true,"href":"http:\/\/blogdalucianaoliveira.com.br\/blog\/wp-json\/wp\/v2\/categories?post=27135"},{"taxonomy":"post_tag","embeddable":true,"href":"http:\/\/blogdalucianaoliveira.com.br\/blog\/wp-json\/wp\/v2\/tags?post=27135"}],"curies":[{"name":"wp","href":"https:\/\/api.w.org\/{rel}","templated":true}]}}