{"id":2714,"date":"2016-07-30T17:54:33","date_gmt":"2016-07-30T21:54:33","guid":{"rendered":"http:\/\/blogdalucianaoliveira.com.br\/blog\/?p=2714"},"modified":"2016-07-30T17:54:33","modified_gmt":"2016-07-30T21:54:33","slug":"que-vergonha-pro-brasil-chamou-de-vira-lata-e-ainda-pisou-no-rabo","status":"publish","type":"post","link":"http:\/\/blogdalucianaoliveira.com.br\/blog\/2016\/07\/30\/que-vergonha-pro-brasil-chamou-de-vira-lata-e-ainda-pisou-no-rabo\/","title":{"rendered":"Que vergonha pro Brasil! Chamou de vira-lata e ainda pisou no rabo"},"content":{"rendered":"<p><img data-recalc-dims=\"1\" loading=\"lazy\" decoding=\"async\" data-attachment-id=\"2715\" data-permalink=\"http:\/\/blogdalucianaoliveira.com.br\/blog\/2016\/07\/30\/que-vergonha-pro-brasil-chamou-de-vira-lata-e-ainda-pisou-no-rabo\/image-618\/\" data-orig-file=\"https:\/\/i0.wp.com\/blogdalucianaoliveira.com.br\/blog\/wp-content\/uploads\/2016\/07\/image-169.jpeg?fit=600%2C295\" data-orig-size=\"600,295\" data-comments-opened=\"0\" data-image-meta=\"{&quot;aperture&quot;:&quot;0&quot;,&quot;credit&quot;:&quot;&quot;,&quot;camera&quot;:&quot;&quot;,&quot;caption&quot;:&quot;&quot;,&quot;created_timestamp&quot;:&quot;0&quot;,&quot;copyright&quot;:&quot;&quot;,&quot;focal_length&quot;:&quot;0&quot;,&quot;iso&quot;:&quot;0&quot;,&quot;shutter_speed&quot;:&quot;0&quot;,&quot;title&quot;:&quot;&quot;,&quot;orientation&quot;:&quot;0&quot;}\" data-image-title=\"image\" data-image-description=\"\" data-image-caption=\"\" data-medium-file=\"https:\/\/i0.wp.com\/blogdalucianaoliveira.com.br\/blog\/wp-content\/uploads\/2016\/07\/image-169.jpeg?fit=300%2C148\" data-large-file=\"https:\/\/i0.wp.com\/blogdalucianaoliveira.com.br\/blog\/wp-content\/uploads\/2016\/07\/image-169.jpeg?fit=600%2C295\" src=\"https:\/\/i0.wp.com\/blogdalucianaoliveira.com.br\/blog\/wp-content\/uploads\/2016\/07\/image-169.jpeg?resize=600%2C295\" alt=\"image\" width=\"600\" height=\"295\" class=\"alignnone size-full wp-image-2715\" srcset=\"https:\/\/i0.wp.com\/blogdalucianaoliveira.com.br\/blog\/wp-content\/uploads\/2016\/07\/image-169.jpeg?w=600 600w, https:\/\/i0.wp.com\/blogdalucianaoliveira.com.br\/blog\/wp-content\/uploads\/2016\/07\/image-169.jpeg?resize=300%2C148 300w\" sizes=\"auto, (max-width: 600px) 100vw, 600px\" \/><\/p>\n<p>Veto dos EUA a visto para Juc\u00e1 \u00e9 humilha\u00e7\u00e3o para Temer e Serra<!--more--><\/p>\n<p>POR FERNANDO BRITO <\/p>\n<p>Ministro informal do governo interino de Michel Temer, o senador Romero Juc\u00e1 (PMDB-RR) teve seu pedido de visto negado pelo governo norte-americano para uma viagem aos Estados Unidos. A solicita\u00e7\u00e3o de visto foi realizada no in\u00edcio deste m\u00eas, pouco antes do recesso parlamentar. O motivo teria sido o fato de Juc\u00e1 ser investigado na Lava Jato, segundo a coluna de Jorge Moreno Bastos, no jornal O Globo deste s\u00e1bado (30).<\/p>\n<p>Juc\u00e1 ficou conhecido por ser o primeiro ministro a pedir demiss\u00e3o no governo de Temer, depois de vir a p\u00fablico uma grava\u00e7\u00e3o na qual ele ele defende o impeachment da presidente Dilma Rousseff para &#8220;estancar a sangria&#8221; da Lava Jato, numa tentativa de interromper as investiga\u00e7\u00f5es sobre o esquema de corrup\u00e7\u00e3o na Petrobras.<\/p>\n<p>Embora tenha deixado o Minist\u00e9rio do Planejamento logo ap\u00f3s o esc\u00e2ndalo das grava\u00e7\u00f5es do ex-diretor da Transpetro S\u00e9rgio Machado, Romero Juc\u00e1 \u00e9, atualmente, um dos nomes que integram o chamado &#8220;n\u00facleo duro&#8221; do Pal\u00e1cio do Planalto. Sua participa\u00e7\u00e3o no governo faz com que Temer cogite a possibilidade de reintegr\u00e1-lo oficialmente na Esplanada dos Minist\u00e9rios. <\/p>\n","protected":false},"excerpt":{"rendered":"<p>Veto dos EUA a visto para Juc\u00e1 \u00e9 humilha\u00e7\u00e3o para Temer e Serra<\/p>\n","protected":false},"author":1,"featured_media":0,"comment_status":"closed","ping_status":"open","sticky":false,"template":"","format":"standard","meta":{"_exactmetrics_skip_tracking":false,"_exactmetrics_sitenote_active":false,"_exactmetrics_sitenote_note":"","_exactmetrics_sitenote_category":0,"jetpack_post_was_ever_published":false,"_jetpack_newsletter_access":"","_jetpack_dont_email_post_to_subs":false,"_jetpack_newsletter_tier_id":0,"_jetpack_memberships_contains_paywalled_content":false,"_jetpack_memberships_contains_paid_content":false,"footnotes":"","jetpack_publicize_message":"","jetpack_publicize_feature_enabled":true,"jetpack_social_post_already_shared":true,"jetpack_social_options":{"image_generator_settings":{"template":"highway","enabled":false},"version":2}},"categories":[1],"tags":[],"class_list":["post-2714","post","type-post","status-publish","format-standard","hentry","category-notas"],"jetpack_publicize_connections":[],"jetpack_sharing_enabled":true,"jetpack_featured_media_url":"","jetpack_shortlink":"https:\/\/wp.me\/p7wKYW-HM","jetpack-related-posts":[],"_links":{"self":[{"href":"http:\/\/blogdalucianaoliveira.com.br\/blog\/wp-json\/wp\/v2\/posts\/2714","targetHints":{"allow":["GET"]}}],"collection":[{"href":"http:\/\/blogdalucianaoliveira.com.br\/blog\/wp-json\/wp\/v2\/posts"}],"about":[{"href":"http:\/\/blogdalucianaoliveira.com.br\/blog\/wp-json\/wp\/v2\/types\/post"}],"author":[{"embeddable":true,"href":"http:\/\/blogdalucianaoliveira.com.br\/blog\/wp-json\/wp\/v2\/users\/1"}],"replies":[{"embeddable":true,"href":"http:\/\/blogdalucianaoliveira.com.br\/blog\/wp-json\/wp\/v2\/comments?post=2714"}],"version-history":[{"count":1,"href":"http:\/\/blogdalucianaoliveira.com.br\/blog\/wp-json\/wp\/v2\/posts\/2714\/revisions"}],"predecessor-version":[{"id":2716,"href":"http:\/\/blogdalucianaoliveira.com.br\/blog\/wp-json\/wp\/v2\/posts\/2714\/revisions\/2716"}],"wp:attachment":[{"href":"http:\/\/blogdalucianaoliveira.com.br\/blog\/wp-json\/wp\/v2\/media?parent=2714"}],"wp:term":[{"taxonomy":"category","embeddable":true,"href":"http:\/\/blogdalucianaoliveira.com.br\/blog\/wp-json\/wp\/v2\/categories?post=2714"},{"taxonomy":"post_tag","embeddable":true,"href":"http:\/\/blogdalucianaoliveira.com.br\/blog\/wp-json\/wp\/v2\/tags?post=2714"}],"curies":[{"name":"wp","href":"https:\/\/api.w.org\/{rel}","templated":true}]}}