{"id":27147,"date":"2020-03-26T17:15:38","date_gmt":"2020-03-26T21:15:38","guid":{"rendered":"http:\/\/blogdalucianaoliveira.com.br\/blog\/?p=27147"},"modified":"2020-03-26T17:15:43","modified_gmt":"2020-03-26T21:15:43","slug":"the-economist-diz-que-bolsonaro-brinca-com-coronavirus-e-chama-presidente-de-bolsonero","status":"publish","type":"post","link":"http:\/\/blogdalucianaoliveira.com.br\/blog\/2020\/03\/26\/the-economist-diz-que-bolsonaro-brinca-com-coronavirus-e-chama-presidente-de-bolsonero\/","title":{"rendered":"The Economist diz que Bolsonaro brinca com coronav\u00edrus e chama presidente de \u2018BolsoNero\u2019"},"content":{"rendered":"\n<figure class=\"wp-block-image size-large\"><img data-recalc-dims=\"1\" loading=\"lazy\" decoding=\"async\" width=\"550\" height=\"366\" data-attachment-id=\"27148\" data-permalink=\"http:\/\/blogdalucianaoliveira.com.br\/blog\/2020\/03\/26\/the-economist-diz-que-bolsonaro-brinca-com-coronavirus-e-chama-presidente-de-bolsonero\/image-80-3\/\" data-orig-file=\"https:\/\/i0.wp.com\/blogdalucianaoliveira.com.br\/blog\/wp-content\/uploads\/2020\/03\/image-80.jpeg?fit=550%2C366\" data-orig-size=\"550,366\" data-comments-opened=\"0\" data-image-meta=\"{&quot;aperture&quot;:&quot;0&quot;,&quot;credit&quot;:&quot;&quot;,&quot;camera&quot;:&quot;&quot;,&quot;caption&quot;:&quot;&quot;,&quot;created_timestamp&quot;:&quot;0&quot;,&quot;copyright&quot;:&quot;&quot;,&quot;focal_length&quot;:&quot;0&quot;,&quot;iso&quot;:&quot;0&quot;,&quot;shutter_speed&quot;:&quot;0&quot;,&quot;title&quot;:&quot;&quot;,&quot;orientation&quot;:&quot;0&quot;}\" data-image-title=\"image-80\" data-image-description=\"\" data-image-caption=\"\" data-medium-file=\"https:\/\/i0.wp.com\/blogdalucianaoliveira.com.br\/blog\/wp-content\/uploads\/2020\/03\/image-80.jpeg?fit=300%2C200\" data-large-file=\"https:\/\/i0.wp.com\/blogdalucianaoliveira.com.br\/blog\/wp-content\/uploads\/2020\/03\/image-80.jpeg?fit=550%2C366\" src=\"https:\/\/i0.wp.com\/blogdalucianaoliveira.com.br\/blog\/wp-content\/uploads\/2020\/03\/image-80.jpeg?resize=550%2C366\" alt=\"\" class=\"wp-image-27148\" srcset=\"https:\/\/i0.wp.com\/blogdalucianaoliveira.com.br\/blog\/wp-content\/uploads\/2020\/03\/image-80.jpeg?w=550 550w, https:\/\/i0.wp.com\/blogdalucianaoliveira.com.br\/blog\/wp-content\/uploads\/2020\/03\/image-80.jpeg?resize=300%2C200 300w, https:\/\/i0.wp.com\/blogdalucianaoliveira.com.br\/blog\/wp-content\/uploads\/2020\/03\/image-80.jpeg?resize=451%2C300 451w\" sizes=\"auto, (max-width: 550px) 100vw, 550px\" \/><\/figure>\n\n\n\n<h4 class=\"wp-block-heading\">Revista cita orienta\u00e7\u00e3o do governo ao mandar o Ministro da Sa\u00fade parar de pedir distanciamento social em larga escala<\/h4>\n\n\n\n<p>LONDRES \u2013 A revista brit\u00e2nica\u00a0<em><strong>The Economist<\/strong><\/em>escreveu um longo texto sobre o Brasil e disse que o presidente\u00a0<strong><a rel=\"noreferrer noopener\" href=\"https:\/\/tudo-sobre.estadao.com.br\/jair-bolsonaro\" target=\"_blank\">Jair Bolsonaro<\/a><\/strong>, a quem chamou de \u201c<strong>BolsoNero<\/strong>\u201d, brinca com a pandemia do novo\u00a0\u00a0<strong><a rel=\"noreferrer noopener\" href=\"https:\/\/topicos.estadao.com.br\/coronavirus\" target=\"_blank\">coronav\u00edrus<\/a><\/strong>. \u201c\u00c9 apenas uma\u00a0<strong>gripezinha<\/strong>\u201d, avaliou. Para a publica\u00e7\u00e3o, ele mesmo pode ser um vetor da doen\u00e7a j\u00e1 que no dia 15, depois que seu\u00a0<strong><a rel=\"noreferrer noopener\" href=\"https:\/\/politica.estadao.com.br\/noticias\/geral,bolsonaro-esta-sendo-monitorado-apos-secretario-apresentar-sintomas-de-gripe-e-fazer-teste-de-corona,70003230083.amp\" target=\"_blank\">secret\u00e1rio de comunica\u00e7\u00f5es deu positivo para o v\u00edrus<\/a><\/strong>, ignorou as ordens de\u00a0<strong>quarentena<\/strong>\u00a0e tirou \u2018selfies\u2019 com os f\u00e3s. Quando o primeiro brasileiro morreu de\u00a0<strong>covid-19<\/strong>\u00a0no dia seguinte, o presidente\u00a0<strong>apresentado como populista<\/strong>denunciou uma \u201c<strong>histeria<\/strong>\u201d em torno do v\u00edrus.<\/p>\n\n\n\n<!--more-->\n\n\n\n<p>C\u00e9lia Froufe, correspondente &#8211; O Estado de S.Paulo<\/p>\n\n\n\n<p>Outros l\u00edderes s\u00e3o menos complacentes, conforme o seman\u00e1rio. E ressaltou que, pela primeira vez, o Congresso votou de forma remota para decretar \u201cestado de calamidade\u201d no Pa\u00eds, o que permite ao governo ultrapassar limites constitucionais de gastos. O ve\u00edculo brit\u00e2nico mencionou o objetivo do presidente da C\u00e2mara,&nbsp;<strong><a href=\"https:\/\/tudo-sobre.estadao.com.br\/rodrigo-maia\" target=\"_blank\" rel=\"noreferrer noopener\">Rodrigo Maia<\/a><\/strong>, de destinar recursos para a sa\u00fade e a economia e citou que o ministro da sa\u00fade,&nbsp;<strong><a href=\"https:\/\/tudo-sobre.estadao.com.br\/luiz-henrique-mandetta\" target=\"_blank\" rel=\"noreferrer noopener\">Luiz Henrique Mandetta<\/a><\/strong>, n\u00e3o \u00e9 um ide\u00f3logo, ao contr\u00e1rio de muitos de seus colegas de gabinete.&nbsp;<\/p>\n\n\n\n<p>A revista explica que governos municipais e estaduais est\u00e3o impondo medidas de isolamento e transformando est\u00e1dios de futebol em hospitais; universidades e laborat\u00f3rios particulares, desenvolvendo testes para a doen\u00e7a; empresas, doando materiais para sua produ\u00e7\u00e3o; e que a maior cervejaria do Brasil est\u00e1 fazendo desinfetante para as m\u00e3os. Mas os que trabalham contra a doen\u00e7a devem bloquear os sinais de um presidente que continua a menosprezar seus esfor\u00e7os, conforme a&nbsp;<em>The Economist<\/em>.&nbsp;<\/p>\n\n\n\n<p>O texto lembrou que ontem Bolsonaro&nbsp;<strong><a href=\"https:\/\/politica.estadao.com.br\/noticias\/geral,mandetta-muda-discurso-diz-que-fica-no-cargo-e-critica-quarentena,70003247923.amp\" target=\"_blank\" rel=\"noreferrer noopener\">mandou Mandetta parar de pedir distanciamento social em larga escala<\/a><\/strong>&nbsp;e que em pronunciamento na v\u00e9spera solicitou aos governos locais que abandonassem as estrat\u00e9gias de \u201cterra arrasada\u201d por fechar escolas e lojas, al\u00e9m de criticar a m\u00eddia por espalhar \u201ca sensa\u00e7\u00e3o de medo\u201d. A publica\u00e7\u00e3o cita que o Pa\u00eds soma 59 mortes e tem mais de 2,5 mil casos confirmados, mas que o n\u00famero verdadeiro \u00e9 provavelmente muito maior. \u201cRespostas fragmentadas dos governos e do setor privado n\u00e3o evitar\u00e3o o desastre\u201d, assegurou.&nbsp;<\/p>\n\n\n\n<p>O seman\u00e1rio salientou que climas quentes, como o do Brasil, podem retardar a transmiss\u00e3o do v\u00edrus, mas que os hospitais particulares est\u00e3o sobrecarregados porque os pacientes atuais tendem a ser pessoas ricas que pegaram a doen\u00e7a no exterior ou seus \u00edntimos. \u00c0 medida que migra para as massas, pode rapidamente sobrecarregar o sistema de sa\u00fade p\u00fablica, que serve quatro quintos da popula\u00e7\u00e3o.&nbsp;<\/p>\n\n\n\n<p>A&nbsp;<em>The Economist<\/em>&nbsp;ressaltou que o sistema universal de sa\u00fade do Brasil atende mais pessoas do que qualquer outro totalmente gratuito no mundo, mas o pa\u00eds gasta apenas 3,8% do&nbsp;<strong>Produto Interno Bruto<\/strong>&nbsp;(PIB) nele. A It\u00e1lia gasta 6,7% do PIB; Alemanha, 9,4%. O sistema p\u00fablico do Brasil possui apenas sete leitos hospitalares para tratamento intensivo por 100 mil pessoas, quase todos ocupados por pacientes que n\u00e3o est\u00e3o cobertos. A demanda por leitos de tratamento intensivo em algumas cidades do exterior se aproximou de 25 por 100 mil durante a pandemia.&nbsp;<strong>Mandetta<\/strong>&nbsp;alerta que o&nbsp;<strong><a href=\"https:\/\/saude.estadao.com.br\/noticias\/geral,em-abril-o-sistema-de-saude-entrara-em-colapso-diz-mandetta,70003241718.amp\" target=\"_blank\" rel=\"noreferrer noopener\">sistema pode \u201centrar em colapso\u201d em abril<\/a><\/strong>.&nbsp;<\/p>\n\n\n\n<p>O Instituto de Estudos de Pol\u00edticas de Sa\u00fade do Rio calcula que o<strong><a href=\"https:\/\/politica.estadao.com.br\/noticias\/geral,se-contencao-der-errado-bolsonaro-culpara-os-outros-diz-cientista-politico,70003248384.amp\" target=\"_blank\" rel=\"noreferrer noopener\">&nbsp;governo precisaria gastar R$ 1 bilh\u00e3o para cada 1% da popula\u00e7\u00e3o infectada<\/a><\/strong>, a fim de tratar todos os casos graves. O governo aprovou cerca de R$ 10 bilh\u00f5es em gastos extras, um aumento de um d\u00e9cimo, mas provavelmente muito pouco. At\u00e9 o governo atingir sua meta de testar de 30 mil a 50 mil pessoas por dia, o que pode levar meses, os bloqueios s\u00e3o a \u00fanica maneira de retardar a transmiss\u00e3o, segundo a revista.&nbsp;<\/p>\n\n\n\n<p>A situa\u00e7\u00e3o, de acordo com a publica\u00e7\u00e3o, \u00e9 especialmente dif\u00edcil nas favelas. Esses assentamentos informais abrigam 13 milh\u00f5es das 211 milh\u00f5es de pessoas no Brasil, incluindo um quinto das pessoas no Rio. Eles s\u00e3o densamente compactados e muitos n\u00e3o t\u00eam \u00e1gua corrente. Por enquanto, grupos de base, e n\u00e3o o governo, est\u00e3o realizando campanhas de sa\u00fade p\u00fablica. Os organizadores da Mar\u00e9, no Rio, sugerem a quarentena de pacientes com sintomas leves em escolas vazias. Parais\u00f3polis, em S\u00e3o Paulo, planeja mudar moradores mais velhos para mans\u00f5es alugadas em um distrito arborizado nas proximidades.&nbsp;<\/p>\n\n\n\n<p>Ativistas est\u00e3o se dirigindo pelas favelas com alto-falantes, dizendo aos moradores para ficar em casa. Em algumas, os traficantes fecharam os mercados de drogas ao ar livre, cancelaram o baile funk e impuseram toque de recolher. \u201cSe o governo n\u00e3o for capaz de fazer isso acontecer, o crime organizado o far\u00e1\u201d, promete uma gangue no WhatsApp.&nbsp;<\/p>\n\n\n\n<p>Em muitas favelas, o com\u00e9rcio continua porque as pessoas precisam trabalhar, como relata o texto. Apenas um quinto dos residentes tem empregos formais. A maioria s\u00e3o diaristas, vendedores ou empregados dom\u00e9sticos e n\u00e3o podem parar. O governo planeja dar aos trabalhadores informais R$ 300 por m\u00eas durante tr\u00eas meses, o que pode n\u00e3o ser suficiente de acordo com a publica\u00e7\u00e3o. O d\u00e9ficit fiscal do Brasil e o fraco rating de cr\u00e9dito impedir\u00e3o o governo de oferecer um est\u00edmulo massivo. O ministro da Economia,&nbsp;<strong><a href=\"https:\/\/tudo-sobre.estadao.com.br\/paulo-guedes\" target=\"_blank\" rel=\"noreferrer noopener\">Paulo Guedes<\/a><\/strong>, quase n\u00e3o prop\u00f4s nenhum novo apoio econ\u00f4mico.&nbsp;<\/p>\n\n\n\n<h3 class=\"wp-block-heading\">Custo pol\u00edtico de Bolsonaro ficar\u00e1 mais claro, diz revista<\/h3>\n\n\n\n<p>\u00c0 medida que o sofrimento se espalhar, o custo pol\u00edtico para Bolsonaro ficar\u00e1 mais claro, segundo a&nbsp;<em>The Economist<\/em>. Vinte e tr\u00eas pessoas que viajaram com ele para visitar&nbsp;<strong><a href=\"https:\/\/tudo-sobre.estadao.com.br\/donald-trump\" target=\"_blank\" rel=\"noreferrer noopener\">Donald Trump<\/a><\/strong>&nbsp;na Fl\u00f3rida este m\u00eas deram positivo para a&nbsp;<strong>covid-19<\/strong>. Em 13 de mar\u00e7o, a&nbsp;<strong>Fox News<\/strong>&nbsp;informou que o filho do presidente, Eduardo, disse que seu pai estava com o v\u00edrus. Ambos ent\u00e3o negaram. Um juiz ordenou que o hospital militar de Bras\u00edlia publicasse os nomes dos casos confirmados da delega\u00e7\u00e3o, mas dois continuaram sem ser entregues.&nbsp;<\/p>\n\n\n\n<p>Pessoas em bairros mais ricos que votaram em Bolsonaro em 2018 agora est\u00e3o batendo em panelas e frigideiras em protestos noturnos. Em uma pesquisa, seu \u00edndice de aprova\u00e7\u00e3o caiu para o ponto mais baixo desde que assumiu o cargo no ano passado. Brincar enquanto uma pandemia se aproxima pode custar-lhe a reelei\u00e7\u00e3o em 2022.<\/p>\n","protected":false},"excerpt":{"rendered":"<p>Revista cita orienta\u00e7\u00e3o do governo ao mandar o Ministro da Sa\u00fade parar de pedir distanciamento social em larga escala LONDRES \u2013 A revista brit\u00e2nica\u00a0The Economistescreveu um longo texto sobre o Brasil e disse que o presidente\u00a0Jair Bolsonaro, a quem chamou de \u201cBolsoNero\u201d, brinca com a pandemia do novo\u00a0\u00a0coronav\u00edrus. \u201c\u00c9 apenas uma\u00a0gripezinha\u201d, avaliou. Para a publica\u00e7\u00e3o,&#8230;<a class=\"more-link\" href=\"http:\/\/blogdalucianaoliveira.com.br\/blog\/2020\/03\/26\/the-economist-diz-que-bolsonaro-brinca-com-coronavirus-e-chama-presidente-de-bolsonero\/\">Continue a leitura <span class=\"meta-nav\">&raquo;<\/span><\/a><\/p>\n","protected":false},"author":1,"featured_media":0,"comment_status":"closed","ping_status":"open","sticky":false,"template":"","format":"standard","meta":{"_exactmetrics_skip_tracking":false,"_exactmetrics_sitenote_active":false,"_exactmetrics_sitenote_note":"","_exactmetrics_sitenote_category":0,"jetpack_post_was_ever_published":false,"_jetpack_newsletter_access":"","_jetpack_dont_email_post_to_subs":false,"_jetpack_newsletter_tier_id":0,"_jetpack_memberships_contains_paywalled_content":false,"_jetpack_memberships_contains_paid_content":false,"footnotes":"","jetpack_publicize_message":"","jetpack_publicize_feature_enabled":true,"jetpack_social_post_already_shared":true,"jetpack_social_options":{"image_generator_settings":{"template":"highway","enabled":false},"version":2}},"categories":[1],"tags":[],"class_list":["post-27147","post","type-post","status-publish","format-standard","hentry","category-notas"],"jetpack_publicize_connections":[],"jetpack_sharing_enabled":true,"jetpack_featured_media_url":"","jetpack_shortlink":"https:\/\/wp.me\/p7wKYW-73R","jetpack-related-posts":[],"_links":{"self":[{"href":"http:\/\/blogdalucianaoliveira.com.br\/blog\/wp-json\/wp\/v2\/posts\/27147","targetHints":{"allow":["GET"]}}],"collection":[{"href":"http:\/\/blogdalucianaoliveira.com.br\/blog\/wp-json\/wp\/v2\/posts"}],"about":[{"href":"http:\/\/blogdalucianaoliveira.com.br\/blog\/wp-json\/wp\/v2\/types\/post"}],"author":[{"embeddable":true,"href":"http:\/\/blogdalucianaoliveira.com.br\/blog\/wp-json\/wp\/v2\/users\/1"}],"replies":[{"embeddable":true,"href":"http:\/\/blogdalucianaoliveira.com.br\/blog\/wp-json\/wp\/v2\/comments?post=27147"}],"version-history":[{"count":1,"href":"http:\/\/blogdalucianaoliveira.com.br\/blog\/wp-json\/wp\/v2\/posts\/27147\/revisions"}],"predecessor-version":[{"id":27149,"href":"http:\/\/blogdalucianaoliveira.com.br\/blog\/wp-json\/wp\/v2\/posts\/27147\/revisions\/27149"}],"wp:attachment":[{"href":"http:\/\/blogdalucianaoliveira.com.br\/blog\/wp-json\/wp\/v2\/media?parent=27147"}],"wp:term":[{"taxonomy":"category","embeddable":true,"href":"http:\/\/blogdalucianaoliveira.com.br\/blog\/wp-json\/wp\/v2\/categories?post=27147"},{"taxonomy":"post_tag","embeddable":true,"href":"http:\/\/blogdalucianaoliveira.com.br\/blog\/wp-json\/wp\/v2\/tags?post=27147"}],"curies":[{"name":"wp","href":"https:\/\/api.w.org\/{rel}","templated":true}]}}