{"id":27150,"date":"2020-03-26T22:25:08","date_gmt":"2020-03-27T02:25:08","guid":{"rendered":"http:\/\/blogdalucianaoliveira.com.br\/blog\/?p=27150"},"modified":"2020-03-26T22:25:16","modified_gmt":"2020-03-27T02:25:16","slug":"pt-celebra-renda-de-r-1-200-para-autonomos-e-crava-povo-venceu-bolsonaro","status":"publish","type":"post","link":"http:\/\/blogdalucianaoliveira.com.br\/blog\/2020\/03\/26\/pt-celebra-renda-de-r-1-200-para-autonomos-e-crava-povo-venceu-bolsonaro\/","title":{"rendered":"PT celebra renda de R$ 1.200 para aut\u00f4nomos e crava: &#8216;povo venceu Bolsonaro&#8217;"},"content":{"rendered":"\n<figure class=\"wp-block-image size-large\"><img data-recalc-dims=\"1\" loading=\"lazy\" decoding=\"async\" width=\"500\" height=\"240\" data-attachment-id=\"27151\" data-permalink=\"http:\/\/blogdalucianaoliveira.com.br\/blog\/2020\/03\/26\/pt-celebra-renda-de-r-1-200-para-autonomos-e-crava-povo-venceu-bolsonaro\/image-81-3\/\" data-orig-file=\"https:\/\/i0.wp.com\/blogdalucianaoliveira.com.br\/blog\/wp-content\/uploads\/2020\/03\/image-81.jpeg?fit=500%2C240\" data-orig-size=\"500,240\" data-comments-opened=\"0\" data-image-meta=\"{&quot;aperture&quot;:&quot;0&quot;,&quot;credit&quot;:&quot;&quot;,&quot;camera&quot;:&quot;&quot;,&quot;caption&quot;:&quot;&quot;,&quot;created_timestamp&quot;:&quot;0&quot;,&quot;copyright&quot;:&quot;&quot;,&quot;focal_length&quot;:&quot;0&quot;,&quot;iso&quot;:&quot;0&quot;,&quot;shutter_speed&quot;:&quot;0&quot;,&quot;title&quot;:&quot;&quot;,&quot;orientation&quot;:&quot;0&quot;}\" data-image-title=\"image-81\" data-image-description=\"\" data-image-caption=\"\" data-medium-file=\"https:\/\/i0.wp.com\/blogdalucianaoliveira.com.br\/blog\/wp-content\/uploads\/2020\/03\/image-81.jpeg?fit=300%2C144\" data-large-file=\"https:\/\/i0.wp.com\/blogdalucianaoliveira.com.br\/blog\/wp-content\/uploads\/2020\/03\/image-81.jpeg?fit=500%2C240\" src=\"https:\/\/i0.wp.com\/blogdalucianaoliveira.com.br\/blog\/wp-content\/uploads\/2020\/03\/image-81.jpeg?resize=500%2C240\" alt=\"\" class=\"wp-image-27151\" srcset=\"https:\/\/i0.wp.com\/blogdalucianaoliveira.com.br\/blog\/wp-content\/uploads\/2020\/03\/image-81.jpeg?w=500 500w, https:\/\/i0.wp.com\/blogdalucianaoliveira.com.br\/blog\/wp-content\/uploads\/2020\/03\/image-81.jpeg?resize=300%2C144 300w\" sizes=\"auto, (max-width: 500px) 100vw, 500px\" \/><\/figure>\n\n\n\n<p>247 &#8211; A renda de R$ 1.200 para a popula\u00e7\u00e3o de baixa renda atravessar a crise de coronav\u00edrus e a quarentena foi muito celebrada pelo Partido dos Trabalhadores, que soltou uma nota.\u00a0<\/p>\n\n\n\n<!--more-->\n\n\n\n<p>Leia a \u00edntegra da nota do PT:&nbsp;<\/p>\n\n\n\n<p>O projeto de lei aprovado hoje na&nbsp;<a target=\"_blank\" href=\"https:\/\/pt.org.br\/tag\/camara-dos-deputados\/\" rel=\"noreferrer noopener\">C\u00e2mara dos Deputados<\/a>, para garantir at\u00e9 R$1.200 por m\u00eas para milh\u00f5es de fam\u00edlias de baixa renda, aut\u00f4nomos e trabalhadores na informalidade, \u00e9 a primeira vit\u00f3ria do povo brasileiro sobre o governo cruel de&nbsp;<a target=\"_blank\" href=\"https:\/\/pt.org.br\/tag\/jair-bolsonaro\/\" rel=\"noreferrer noopener\">Jair Bolsonaro<\/a>&nbsp;na guerra contra o&nbsp;<a target=\"_blank\" href=\"https:\/\/pt.org.br\/tag\/coronavirus\/\" rel=\"noreferrer noopener\">coronav\u00edrus<\/a>.<\/p>\n\n\n\n<p>Apresentado pelo conjunto dos partidos de oposi\u00e7\u00e3o (<a target=\"_blank\" href=\"https:\/\/pt.org.br\/tag\/pt\/\" rel=\"noreferrer noopener\">PT<\/a>,&nbsp;<a target=\"_blank\" href=\"https:\/\/pt.org.br\/tag\/psb\/\" rel=\"noreferrer noopener\">PSB<\/a>,&nbsp;<a target=\"_blank\" href=\"https:\/\/pt.org.br\/tag\/pdt\/\" rel=\"noreferrer noopener\">PDT<\/a>,&nbsp;<a target=\"_blank\" href=\"https:\/\/pt.org.br\/tag\/psol\/\" rel=\"noreferrer noopener\">PSOL<\/a>,&nbsp;<a target=\"_blank\" href=\"https:\/\/pt.org.br\/tag\/pcdob-2\/\" rel=\"noreferrer noopener\">PCdoB<\/a>&nbsp;e Rede), a partir de uma proposta do PT, o projeto de lei rompeu a vis\u00e3o fiscalista e mesquinha da equipe de&nbsp;<a target=\"_blank\" href=\"https:\/\/pt.org.br\/tag\/paulo-guedes\/\" rel=\"noreferrer noopener\">Paulo Guedes<\/a>, que n\u00e3o queria pagar mais do que R$ 200 \u00e0s fam\u00edlias mais vulner\u00e1veis do pa\u00eds.<\/p>\n\n\n\n<p>A vota\u00e7\u00e3o na C\u00e2mara n\u00e3o apenas triplicou para R$ 600 o valor m\u00ednimo desse pagamento, como determinou que seja pago em dobro \u00e0s fam\u00edlias sustentadas por&nbsp;<a target=\"_blank\" href=\"https:\/\/pt.org.br\/tag\/mulheres\/\" rel=\"noreferrer noopener\">mulheres<\/a>&nbsp;e naquelas com pelo menos dois trabalhadores na informalidade.<\/p>\n\n\n\n<p>Esta medida de\u00a0<a rel=\"noreferrer noopener\" target=\"_blank\" href=\"https:\/\/pt.org.br\/tag\/justica\/\">justi\u00e7a<\/a>\u00a0ser\u00e1 fundamental para permitir que cerca de 100 milh\u00f5es de pessoas tenham condi\u00e7\u00f5es m\u00ednimas de sobreviver durante o per\u00edodo de isolamento social, absolutamente necess\u00e1rio para reduzir o cont\u00e1gio e combater a pandemia de maneira mais eficaz.<\/p>\n\n\n\n<p>\u00c9 a primeira resposta concreta da sociedade brasileira, por meio de seus representantes no Congresso, \u00e0 irresponsabilidade de Jair Bolsonaro e sua aposta criminosa no agravamento da crise sanit\u00e1ria e econ\u00f4mica.<\/p>\n\n\n\n<p>O PT lutar\u00e1 agora, junto com os partidos de oposi\u00e7\u00e3o, as&nbsp;<a target=\"_blank\" href=\"https:\/\/pt.org.br\/tag\/centrais-sindicais\/\" rel=\"noreferrer noopener\">centrais sindicais<\/a>&nbsp;e os&nbsp;<a target=\"_blank\" href=\"https:\/\/pt.org.br\/tag\/movimentos-sociais\/\" rel=\"noreferrer noopener\">movimentos sociais<\/a>, para aprovar medidas que garantam a estabilidade no&nbsp;<a target=\"_blank\" href=\"https:\/\/pt.org.br\/tag\/emprego-2\/\" rel=\"noreferrer noopener\">emprego<\/a>, o pagamento dos sal\u00e1rios dos trabalhadores e a sobreviv\u00eancia das empresas, especialmente as pequenas e m\u00e9dias, ao longo da crise.<\/p>\n\n\n\n<p>Mais uma vez ficou demonstrando que \u00e9 com mais\u00a0<a rel=\"noreferrer noopener\" target=\"_blank\" href=\"https:\/\/pt.org.br\/tag\/democracia\/\">democracia<\/a>, e n\u00e3o com mais autoritarismo, que se constroem as solu\u00e7\u00f5es para o pa\u00eds. E mais uma vez ficou demonstrada fal\u00eancia do credo neoliberal, pois s\u00f3 um estado forte \u00e9 capaz de responder \u00e0s necessidades do povo e do pa\u00eds.<\/p>\n\n\n\n<p><a rel=\"noreferrer noopener\" target=\"_blank\" href=\"https:\/\/pt.org.br\/tag\/gleisi-hoffmann\/\">Gleisi Hoffmann<\/a>, presidenta nacional do PT<br>\u00canio Verri, l\u00edder do\u00a0<a rel=\"noreferrer noopener\" target=\"_blank\" href=\"https:\/\/pt.org.br\/tag\/pt-na-camara\/\">PT na C\u00e2mara<\/a>\u00a0dos Deputados<\/p>\n","protected":false},"excerpt":{"rendered":"<p>247 &#8211; A renda de R$ 1.200 para a popula\u00e7\u00e3o de baixa renda atravessar a crise de coronav\u00edrus e a quarentena foi muito celebrada pelo Partido dos Trabalhadores, que soltou uma nota.\u00a0<\/p>\n","protected":false},"author":1,"featured_media":0,"comment_status":"closed","ping_status":"open","sticky":false,"template":"","format":"standard","meta":{"_exactmetrics_skip_tracking":false,"_exactmetrics_sitenote_active":false,"_exactmetrics_sitenote_note":"","_exactmetrics_sitenote_category":0,"jetpack_post_was_ever_published":false,"_jetpack_newsletter_access":"","_jetpack_dont_email_post_to_subs":false,"_jetpack_newsletter_tier_id":0,"_jetpack_memberships_contains_paywalled_content":false,"_jetpack_memberships_contains_paid_content":false,"footnotes":"","jetpack_publicize_message":"","jetpack_publicize_feature_enabled":true,"jetpack_social_post_already_shared":true,"jetpack_social_options":{"image_generator_settings":{"template":"highway","enabled":false},"version":2}},"categories":[1],"tags":[],"class_list":["post-27150","post","type-post","status-publish","format-standard","hentry","category-notas"],"jetpack_publicize_connections":[],"jetpack_sharing_enabled":true,"jetpack_featured_media_url":"","jetpack_shortlink":"https:\/\/wp.me\/p7wKYW-73U","jetpack-related-posts":[],"_links":{"self":[{"href":"http:\/\/blogdalucianaoliveira.com.br\/blog\/wp-json\/wp\/v2\/posts\/27150","targetHints":{"allow":["GET"]}}],"collection":[{"href":"http:\/\/blogdalucianaoliveira.com.br\/blog\/wp-json\/wp\/v2\/posts"}],"about":[{"href":"http:\/\/blogdalucianaoliveira.com.br\/blog\/wp-json\/wp\/v2\/types\/post"}],"author":[{"embeddable":true,"href":"http:\/\/blogdalucianaoliveira.com.br\/blog\/wp-json\/wp\/v2\/users\/1"}],"replies":[{"embeddable":true,"href":"http:\/\/blogdalucianaoliveira.com.br\/blog\/wp-json\/wp\/v2\/comments?post=27150"}],"version-history":[{"count":1,"href":"http:\/\/blogdalucianaoliveira.com.br\/blog\/wp-json\/wp\/v2\/posts\/27150\/revisions"}],"predecessor-version":[{"id":27152,"href":"http:\/\/blogdalucianaoliveira.com.br\/blog\/wp-json\/wp\/v2\/posts\/27150\/revisions\/27152"}],"wp:attachment":[{"href":"http:\/\/blogdalucianaoliveira.com.br\/blog\/wp-json\/wp\/v2\/media?parent=27150"}],"wp:term":[{"taxonomy":"category","embeddable":true,"href":"http:\/\/blogdalucianaoliveira.com.br\/blog\/wp-json\/wp\/v2\/categories?post=27150"},{"taxonomy":"post_tag","embeddable":true,"href":"http:\/\/blogdalucianaoliveira.com.br\/blog\/wp-json\/wp\/v2\/tags?post=27150"}],"curies":[{"name":"wp","href":"https:\/\/api.w.org\/{rel}","templated":true}]}}