{"id":27165,"date":"2020-03-27T08:42:22","date_gmt":"2020-03-27T12:42:22","guid":{"rendered":"http:\/\/blogdalucianaoliveira.com.br\/blog\/?p=27165"},"modified":"2020-03-27T08:42:27","modified_gmt":"2020-03-27T12:42:27","slug":"coronavirus-como-os-principais-aliados-de-bolsonaro-no-mundo-estao-respondendo-a-pandemia","status":"publish","type":"post","link":"http:\/\/blogdalucianaoliveira.com.br\/blog\/2020\/03\/27\/coronavirus-como-os-principais-aliados-de-bolsonaro-no-mundo-estao-respondendo-a-pandemia\/","title":{"rendered":"Coronav\u00edrus: como os principais aliados de Bolsonaro no mundo est\u00e3o respondendo \u00e0 pandemia"},"content":{"rendered":"\n<figure class=\"wp-block-image size-large\"><img data-recalc-dims=\"1\" loading=\"lazy\" decoding=\"async\" width=\"410\" height=\"230\" data-attachment-id=\"27166\" data-permalink=\"http:\/\/blogdalucianaoliveira.com.br\/blog\/2020\/03\/27\/coronavirus-como-os-principais-aliados-de-bolsonaro-no-mundo-estao-respondendo-a-pandemia\/image-85-3\/\" data-orig-file=\"https:\/\/i0.wp.com\/blogdalucianaoliveira.com.br\/blog\/wp-content\/uploads\/2020\/03\/image-85.jpeg?fit=410%2C230\" data-orig-size=\"410,230\" data-comments-opened=\"0\" data-image-meta=\"{&quot;aperture&quot;:&quot;0&quot;,&quot;credit&quot;:&quot;&quot;,&quot;camera&quot;:&quot;&quot;,&quot;caption&quot;:&quot;&quot;,&quot;created_timestamp&quot;:&quot;0&quot;,&quot;copyright&quot;:&quot;&quot;,&quot;focal_length&quot;:&quot;0&quot;,&quot;iso&quot;:&quot;0&quot;,&quot;shutter_speed&quot;:&quot;0&quot;,&quot;title&quot;:&quot;&quot;,&quot;orientation&quot;:&quot;0&quot;}\" data-image-title=\"image-85\" data-image-description=\"\" data-image-caption=\"\" data-medium-file=\"https:\/\/i0.wp.com\/blogdalucianaoliveira.com.br\/blog\/wp-content\/uploads\/2020\/03\/image-85.jpeg?fit=300%2C168\" data-large-file=\"https:\/\/i0.wp.com\/blogdalucianaoliveira.com.br\/blog\/wp-content\/uploads\/2020\/03\/image-85.jpeg?fit=410%2C230\" src=\"https:\/\/i0.wp.com\/blogdalucianaoliveira.com.br\/blog\/wp-content\/uploads\/2020\/03\/image-85.jpeg?resize=410%2C230\" alt=\"\" class=\"wp-image-27166\" srcset=\"https:\/\/i0.wp.com\/blogdalucianaoliveira.com.br\/blog\/wp-content\/uploads\/2020\/03\/image-85.jpeg?w=410 410w, https:\/\/i0.wp.com\/blogdalucianaoliveira.com.br\/blog\/wp-content\/uploads\/2020\/03\/image-85.jpeg?resize=300%2C168 300w\" sizes=\"auto, (max-width: 410px) 100vw, 410px\" \/><\/figure>\n\n\n\n<p>Ao criticar o fechamento de escolas e do com\u00e9rcio por causa do novo coronav\u00edrus \u2014 ao qual se referiu como &#8220;gripezinha ou resfriadinho&#8221; \u2014 e afirmar que o Brasil deve voltar \u00e0 normalidade, o presidente Jair Bolsonaro adotou uma postura diferente da maioria de seus aliados externos.<\/p>\n\n\n\n<!--more-->\n\n\n\n<p>Na BBC <\/p>\n\n\n\n<p>Enquanto o presidente dos Estados Unidos, Donald Trump, tamb\u00e9m anunciou nesta semana a inten\u00e7\u00e3o de &#8220;reabrir&#8221; a economia americana at\u00e9 a P\u00e1scoa, em 12 de abril, outros l\u00edderes internacionais alinhados a Bolsonaro est\u00e3o adotando restri\u00e7\u00f5es duras para combater a pandemia, que j\u00e1 afetou mais de 466 mil pessoas e deixou mais de 21 mil mortos em todo o mundo.&nbsp;<\/p>\n\n\n\n<p>As declara\u00e7\u00f5es de Bolsonaro e de Trump foram criticadas por epidemiologistas e especialistas em sa\u00fade p\u00fablica, que alertam para o risco de mortes caso medidas de distanciamento social sejam canceladas em meio \u00e0 pandemia.<\/p>\n\n\n\n<p>Na ter\u00e7a-feira (24\/03), mesmo dia em que a televis\u00e3o brasileira transmitia o pronunciamento de Bolsonaro, o primeiro-ministro da \u00cdndia, Narendra Modi, que recebeu o presidente brasileiro em janeiro deste ano, anunciava em rede nacional de TV uma quarentena de tr\u00eas semanas em todo o pa\u00eds.&nbsp;<\/p>\n\n\n\n<p>Segundo o an\u00fancio, feito apenas quatro horas antes da entrada em vigor, prevista para as 00h01min desta quarta (25\/03), a popula\u00e7\u00e3o indiana est\u00e1 proibida de sair de casa nos pr\u00f3ximos 21 dias. Quem desobedecer a ordem estar\u00e1 sujeito a at\u00e9 um ano de pris\u00e3o.<\/p>\n\n\n\n<h2 class=\"wp-block-heading\">&#8216;N\u00e3o h\u00e1 outra maneira&#8217;<\/h2>\n\n\n\n<p>A restri\u00e7\u00e3o \u00e9 uma das mais extremas j\u00e1 adotadas por um governante nesta pandemia, em um pa\u00eds com 1,3 bilh\u00e3o de habitantes.&nbsp;<\/p>\n\n\n\n<p>Escolas, templos, f\u00e1bricas, escrit\u00f3rios, parques e o espa\u00e7o a\u00e9reo est\u00e3o fechados, assim como as divisas entre os Estados. Lojas de alimentos, bancos e postos de gasolina permanecer\u00e3o em funcionamento.<\/p>\n\n\n\n<p>Economistas temem que um longo per\u00edodo de quarentena possa devastar a economia indiana, onde milhares trabalham no setor informal ou em fun\u00e7\u00f5es com baixa remunera\u00e7\u00e3o e n\u00e3o t\u00eam como trabalhar de casa, mas Modi disse que o distanciamento social \u00e9 a &#8220;\u00fanica op\u00e7\u00e3o&#8221; para enfrentar a pandemia.&nbsp;<\/p>\n\n\n\n<p>&#8220;N\u00e3o h\u00e1 outra maneira de escapar do coronav\u00edrus&#8221;, afirmou o primeiro-ministro.<\/p>\n\n\n\n<p>A decis\u00e3o foi elogiada por especialistas em sa\u00fade p\u00fablica, que alertam para o risco de devasta\u00e7\u00e3o caso o v\u00edrus se espalhe em um pa\u00eds em que milh\u00f5es vivem na pobreza e em condi\u00e7\u00f5es de aglomera\u00e7\u00e3o \u2014 que tornam dif\u00edcil manter distanciamento social \u2014 e com um sistema de sa\u00fade j\u00e1 sobrecarregado, sem condi\u00e7\u00f5es de responder \u00e0 pandemia.&nbsp;<\/p>\n\n\n\n<p>At\u00e9 o momento, a \u00cdndia tem 653 casos confirmados de covid-19, a doen\u00e7a causada pelo novo coronav\u00edrus, com 12 mortes.&nbsp;<\/p>\n\n\n\n<p>Acredita-se que a transmiss\u00e3o comunit\u00e1ria ainda seja baixa, e que a maioria dos doentes tenha sido infectado ap\u00f3s viagem ao exterior. Mas h\u00e1 o temor de que o n\u00famero real seja bem mais alto, j\u00e1 que h\u00e1 dificuldade de acesso a testes.&nbsp;<\/p>\n\n\n\n<figure class=\"wp-block-image\"><img data-recalc-dims=\"1\" decoding=\"async\" src=\"https:\/\/i0.wp.com\/ichef.bbci.co.uk\/news\/410\/cpsprodpb\/17FF4\/production\/_111329289_gettyimages-1172268535.jpg?w=600&#038;ssl=1\" alt=\"O primeiro-ministro Benjamin Netanyahu\"\/><figcaption>Image captionEm Israel, do primeiro-ministro Benjamin Netanyahu, s\u00e3o 2.369 casos confirmados e cinco mortes.<\/figcaption><\/figure>\n\n\n\n<h2 class=\"wp-block-heading\">Israel&nbsp;<\/h2>\n\n\n\n<p>Em Israel, outro dos principais aliados externos de Bolsonaro, o primeiro-ministro, Benjamin Netanyahu, disse nesta quarta-feira (25\/03) que seu governo j\u00e1 est\u00e1 se preparando para impor uma quarentena completa no pa\u00eds, caso o novo coronav\u00edrus continue a avan\u00e7ar rapidamente.<\/p>\n\n\n\n<p>Israel tem 2.369 casos confirmados, sendo mais de 400 deles apenas no \u00faltimo dia, e registra cinco mortes.<\/p>\n\n\n\n<p>&#8220;As medidas que n\u00f3s adotamos aqui em Israel est\u00e3o sendo adotadas em todo o mundo. No entanto, n\u00e3o s\u00e3o suficientes, porque o n\u00famero de pacientes est\u00e1 dobrando a cada tr\u00eas dias&#8221;, disse Netanyahu.<\/p>\n\n\n\n<p>&#8220;Se n\u00e3o ocorrer uma melhora imediata nessa tend\u00eancia, n\u00e3o haver\u00e1 alternativa a n\u00e3o ser impor uma quarentena completa, exceto para necessidades b\u00e1sicas como comida e medicamentos&#8221;, afirmou o premi\u00ea israelense.&nbsp;<\/p>\n\n\n\n<p>O governo israelense j\u00e1 vem endurecendo as restri\u00e7\u00f5es ao movimento de pessoas para tentar conter a crise. Novas medidas anunciadas nesta quarta determinam que as pessoas evitem sair de casa, a n\u00e3o ser para comprar comida, medicamentos ou ir ao m\u00e9dico. Quem quiser um pouco de ar fresco poder\u00e1 caminhar at\u00e9 no m\u00e1ximo 100 metros de dist\u00e2ncia de sua casa.&nbsp;<\/p>\n\n\n\n<p>As escolas, universidades e todo tipo de estabelecimento de cultura e lazer est\u00e3o fechados. Est\u00e3o proibidas aglomera\u00e7\u00f5es de mais de 10 pessoas, que devem manter dist\u00e2ncia de pelo menos dois metros entre si. Em setores essenciais e nos quais funcion\u00e1rios n\u00e3o t\u00eam como trabalhar de casa, a temperatura de todos os empregados ser\u00e1 medida e aqueles com mais de 38 graus ter\u00e3o a entrada proibida.<\/p>\n\n\n\n<p>&#8220;Precisamos ficar em casa. Fiquem em casa e fiquem vivos. Todos devem obedecer&#8221;, disse Netanyahu.<\/p>\n\n\n\n<p>Quem desobedecer as restri\u00e7\u00f5es estar\u00e1 sujeito a multa e a at\u00e9 seis meses de pris\u00e3o. Netanyahu tamb\u00e9m disse que dever\u00e1 anunciar nos pr\u00f3ximos dias um plano para enfrentar o impacto da pandemia na economia israelense, que j\u00e1 enfrenta taxa de desemprego de de 20%.<\/p>\n\n\n\n<p>Israel atravessa um per\u00edodo de turbul\u00eancia pol\u00edtica, depois de tr\u00eas elei\u00e7\u00f5es em menos de um ano. Algumas das medidas adotadas por Netanyahu, como o fechamento da maioria dos tribunais e a autoriza\u00e7\u00e3o do uso de dados secretos de celular para rastrear pessoas que estiveram em contato com doentes, foram consideradas por cr\u00edticos do premi\u00ea como uma tentativa de se aproveitar da pandemia para obter ganho pol\u00edtico.&nbsp;<\/p>\n\n\n\n<p>Netanyahu tamb\u00e9m conseguiu recentemente o adiamento de seu julgamento por corrup\u00e7\u00e3o devido ao coronav\u00edrus. Al\u00e9m disso, diante da pandemia, as negocia\u00e7\u00f5es para a forma\u00e7\u00e3o do governo ap\u00f3s as \u00faltimas elei\u00e7\u00f5es, realizadas no in\u00edcio do m\u00eas, est\u00e3o paradas.<\/p>\n\n\n\n<figure class=\"wp-block-image\"><img data-recalc-dims=\"1\" decoding=\"async\" src=\"https:\/\/i0.wp.com\/ichef.bbci.co.uk\/news\/410\/cpsprodpb\/30FE\/production\/_111424521_c80bcdc1-a432-430e-94e2-0cfd112082be.jpg?w=600&#038;ssl=1\" alt=\"M\u00e9dica e paciente em cama de hospital\"\/><figcaption>Image captionPessoas com mais de 60 anos s\u00e3o as mais vulner\u00e1veis ao coronav\u00edrus<\/figcaption><\/figure>\n\n\n\n<h2 class=\"wp-block-heading\">Reputa\u00e7\u00e3o<\/h2>\n\n\n\n<p>Outros l\u00edderes alinhados a Bolsonaro, como o primeiro-ministro da Hungria, Viktor Orb\u00e1n, e o presidente da Filipinas, Rodrigo Duterte, tamb\u00e9m adotaram medidas r\u00edgidas em rea\u00e7\u00e3o \u00e0 pandemia.&nbsp;<\/p>\n\n\n\n<p>Orb\u00e1n ordenou o fechamento de escolas, universidades e do com\u00e9rcio, com exce\u00e7\u00e3o de supermercados e farm\u00e1cias, e adiou a realiza\u00e7\u00e3o de eventos culturais e esportivos. Duterte, imp\u00f4s quarentena na ilha de Luzon, a mais populosa do pa\u00eds, com mais de 50 milh\u00f5es de habitantes.&nbsp;<\/p>\n\n\n\n<p>Tanto Duterte quanto Orb\u00e1n s\u00e3o criticados por usar a pandemia para ampliar seus poderes. Duterte por ter decretado estado de calamidade &#8211; assim como Bolsonaro -, e Orb\u00e1n por buscar ampliar o estado de emerg\u00eancia.<\/p>\n\n\n\n<h2 class=\"wp-block-heading\">Culpar os especialistas<\/h2>\n\n\n\n<p>O cientista pol\u00edtico Oliver Stuenkel, professor de Rela\u00e7\u00f5es Internacionais na Funda\u00e7\u00e3o Get\u00falio Vargas (FGV), afirma que a posi\u00e7\u00e3o brasileira talvez seja a que mais chama a aten\u00e7\u00e3o globalmente.<\/p>\n\n\n\n<p>&#8220;Apesar da peculiaridade (da resposta) brasileira, ela pode ser comparada com a resposta americana. Basicamente \u00e9 uma estrat\u00e9gia de tr\u00eas passos&#8221;, diz Stuenkel \u00e0 BBC News Brasil.<\/p>\n\n\n\n<p>&#8220;Minimizar inicialmente o problema, implementar medidas de distanciamento social, mas deixando claro para os seguidores que isso \u00e9 feito de maneira relutante, e o terceiro passo \u00e9 culpar os especialistas em sa\u00fade pelos danos econ\u00f4micos que essas medidas est\u00e3o causando.&#8221;<\/p>\n\n\n\n<p>No caso dos Estados Unidos, apesar de suas declara\u00e7\u00f5es, Trump n\u00e3o tem o poder para ordenar a reabertura da economia americana. S\u00e3o os governadores que decidem se e quando seus Estados voltar\u00e3o \u00e0 normalidade.<\/p>\n\n\n\n<p>Para Stuenkel, a postura amb\u00edgua e as cr\u00edticas \u00e0s medidas (de distanciamento social) permitem ao presidente se distanciar da crise econ\u00f4mica, quando esta ocorrer, e culpar outros. Ele ressalta ainda que parte dos eleitores ligados ao mercado financeiro quer que a economia volte ao normal o mais r\u00e1pido poss\u00edvel.<\/p>\n\n\n\n<p>Mas o analista afirma que, ao adotar uma resposta \u00e0 pandemia na contram\u00e3o da maioria dos pa\u00edses, o Brasil sofrer\u00e1 impacto &#8220;grav\u00edssimo&#8221; em sua reputa\u00e7\u00e3o internacional.<\/p>\n\n\n\n<p>&#8220;Depois da crise diplom\u00e1tica causada pelos inc\u00eandios na Amaz\u00f4nia, essa talvez seja a pior crise de reputa\u00e7\u00e3o do Brasil desde que o governo Bolsonaro come\u00e7ou.&#8221;<\/p>\n","protected":false},"excerpt":{"rendered":"<p>Ao criticar o fechamento de escolas e do com\u00e9rcio por causa do novo coronav\u00edrus \u2014 ao qual se referiu como &#8220;gripezinha ou resfriadinho&#8221; \u2014 e afirmar que o Brasil deve voltar \u00e0 normalidade, o presidente Jair Bolsonaro adotou uma postura diferente da maioria de seus aliados externos.<\/p>\n","protected":false},"author":1,"featured_media":0,"comment_status":"closed","ping_status":"open","sticky":false,"template":"","format":"standard","meta":{"_exactmetrics_skip_tracking":false,"_exactmetrics_sitenote_active":false,"_exactmetrics_sitenote_note":"","_exactmetrics_sitenote_category":0,"jetpack_post_was_ever_published":false,"_jetpack_newsletter_access":"","_jetpack_dont_email_post_to_subs":false,"_jetpack_newsletter_tier_id":0,"_jetpack_memberships_contains_paywalled_content":false,"_jetpack_memberships_contains_paid_content":false,"footnotes":"","jetpack_publicize_message":"","jetpack_publicize_feature_enabled":true,"jetpack_social_post_already_shared":true,"jetpack_social_options":{"image_generator_settings":{"template":"highway","enabled":false},"version":2}},"categories":[1],"tags":[],"class_list":["post-27165","post","type-post","status-publish","format-standard","hentry","category-notas"],"jetpack_publicize_connections":[],"jetpack_sharing_enabled":true,"jetpack_featured_media_url":"","jetpack_shortlink":"https:\/\/wp.me\/p7wKYW-749","jetpack-related-posts":[],"_links":{"self":[{"href":"http:\/\/blogdalucianaoliveira.com.br\/blog\/wp-json\/wp\/v2\/posts\/27165","targetHints":{"allow":["GET"]}}],"collection":[{"href":"http:\/\/blogdalucianaoliveira.com.br\/blog\/wp-json\/wp\/v2\/posts"}],"about":[{"href":"http:\/\/blogdalucianaoliveira.com.br\/blog\/wp-json\/wp\/v2\/types\/post"}],"author":[{"embeddable":true,"href":"http:\/\/blogdalucianaoliveira.com.br\/blog\/wp-json\/wp\/v2\/users\/1"}],"replies":[{"embeddable":true,"href":"http:\/\/blogdalucianaoliveira.com.br\/blog\/wp-json\/wp\/v2\/comments?post=27165"}],"version-history":[{"count":1,"href":"http:\/\/blogdalucianaoliveira.com.br\/blog\/wp-json\/wp\/v2\/posts\/27165\/revisions"}],"predecessor-version":[{"id":27167,"href":"http:\/\/blogdalucianaoliveira.com.br\/blog\/wp-json\/wp\/v2\/posts\/27165\/revisions\/27167"}],"wp:attachment":[{"href":"http:\/\/blogdalucianaoliveira.com.br\/blog\/wp-json\/wp\/v2\/media?parent=27165"}],"wp:term":[{"taxonomy":"category","embeddable":true,"href":"http:\/\/blogdalucianaoliveira.com.br\/blog\/wp-json\/wp\/v2\/categories?post=27165"},{"taxonomy":"post_tag","embeddable":true,"href":"http:\/\/blogdalucianaoliveira.com.br\/blog\/wp-json\/wp\/v2\/tags?post=27165"}],"curies":[{"name":"wp","href":"https:\/\/api.w.org\/{rel}","templated":true}]}}