{"id":27168,"date":"2020-03-27T12:20:53","date_gmt":"2020-03-27T16:20:53","guid":{"rendered":"http:\/\/blogdalucianaoliveira.com.br\/blog\/?p=27168"},"modified":"2020-03-27T12:30:54","modified_gmt":"2020-03-27T16:30:54","slug":"ro-propagacao-da-estupidez-pronunciamento-de-bolsonaro-estimula-carreata-pelo-fim-da-quarentena-contra-coronavirus","status":"publish","type":"post","link":"http:\/\/blogdalucianaoliveira.com.br\/blog\/2020\/03\/27\/ro-propagacao-da-estupidez-pronunciamento-de-bolsonaro-estimula-carreata-pelo-fim-da-quarentena-contra-coronavirus\/","title":{"rendered":"RO: Propaga\u00e7\u00e3o da estupidez; Pronunciamento de Bolsonaro estimula carreata pelo fim da quarentena contra coronav\u00edrus"},"content":{"rendered":"\n<figure class=\"wp-block-image size-large\"><img data-recalc-dims=\"1\" loading=\"lazy\" decoding=\"async\" width=\"600\" height=\"332\" data-attachment-id=\"27170\" data-permalink=\"http:\/\/blogdalucianaoliveira.com.br\/blog\/2020\/03\/27\/ro-propagacao-da-estupidez-pronunciamento-de-bolsonaro-estimula-carreata-pelo-fim-da-quarentena-contra-coronavirus\/c11c9429-a673-499d-a367-6941b14b12ad\/\" data-orig-file=\"https:\/\/i0.wp.com\/blogdalucianaoliveira.com.br\/blog\/wp-content\/uploads\/2020\/03\/C11C9429-A673-499D-A367-6941B14B12AD.jpeg?fit=828%2C458\" data-orig-size=\"828,458\" data-comments-opened=\"0\" data-image-meta=\"{&quot;aperture&quot;:&quot;0&quot;,&quot;credit&quot;:&quot;&quot;,&quot;camera&quot;:&quot;&quot;,&quot;caption&quot;:&quot;&quot;,&quot;created_timestamp&quot;:&quot;0&quot;,&quot;copyright&quot;:&quot;&quot;,&quot;focal_length&quot;:&quot;0&quot;,&quot;iso&quot;:&quot;0&quot;,&quot;shutter_speed&quot;:&quot;0&quot;,&quot;title&quot;:&quot;&quot;,&quot;orientation&quot;:&quot;0&quot;}\" data-image-title=\"C11C9429-A673-499D-A367-6941B14B12AD\" data-image-description=\"\" data-image-caption=\"\" data-medium-file=\"https:\/\/i0.wp.com\/blogdalucianaoliveira.com.br\/blog\/wp-content\/uploads\/2020\/03\/C11C9429-A673-499D-A367-6941B14B12AD.jpeg?fit=300%2C166\" data-large-file=\"https:\/\/i0.wp.com\/blogdalucianaoliveira.com.br\/blog\/wp-content\/uploads\/2020\/03\/C11C9429-A673-499D-A367-6941B14B12AD.jpeg?fit=600%2C332\" src=\"https:\/\/i0.wp.com\/blogdalucianaoliveira.com.br\/blog\/wp-content\/uploads\/2020\/03\/C11C9429-A673-499D-A367-6941B14B12AD.jpeg?resize=600%2C332\" alt=\"\" class=\"wp-image-27170\" srcset=\"https:\/\/i0.wp.com\/blogdalucianaoliveira.com.br\/blog\/wp-content\/uploads\/2020\/03\/C11C9429-A673-499D-A367-6941B14B12AD.jpeg?w=828 828w, https:\/\/i0.wp.com\/blogdalucianaoliveira.com.br\/blog\/wp-content\/uploads\/2020\/03\/C11C9429-A673-499D-A367-6941B14B12AD.jpeg?resize=300%2C166 300w, https:\/\/i0.wp.com\/blogdalucianaoliveira.com.br\/blog\/wp-content\/uploads\/2020\/03\/C11C9429-A673-499D-A367-6941B14B12AD.jpeg?resize=768%2C425 768w, https:\/\/i0.wp.com\/blogdalucianaoliveira.com.br\/blog\/wp-content\/uploads\/2020\/03\/C11C9429-A673-499D-A367-6941B14B12AD.jpeg?resize=542%2C300 542w\" sizes=\"auto, (max-width: 600px) 100vw, 600px\" \/><\/figure>\n\n\n\n<p>Uma viatura da pol\u00edcia militar bloqueou ruas e outras duas acompanharam a carreata pelo fim do isolamento contra a pandemia do Covid19 em Rolim de Moura, em Rond\u00f4nia, nesta sexta-feira, 27. Um grande n\u00famero de mototaxistas participou, pois \u00e9 o servi\u00e7o de transporte mais utilizado no munic\u00edpio e que atende em condi\u00e7\u00f5es prec\u00e1rias, com motos velhas e capacetes sujos.<\/p>\n\n\n\n<!--more-->\n\n\n\n<figure class=\"wp-block-image size-large\"><img data-recalc-dims=\"1\" loading=\"lazy\" decoding=\"async\" width=\"600\" height=\"329\" data-attachment-id=\"27171\" data-permalink=\"http:\/\/blogdalucianaoliveira.com.br\/blog\/2020\/03\/27\/ro-propagacao-da-estupidez-pronunciamento-de-bolsonaro-estimula-carreata-pelo-fim-da-quarentena-contra-coronavirus\/d6e5ad77-fe21-4a55-85b8-a4b29d1ef2b1\/\" data-orig-file=\"https:\/\/i0.wp.com\/blogdalucianaoliveira.com.br\/blog\/wp-content\/uploads\/2020\/03\/D6E5AD77-FE21-4A55-85B8-A4B29D1EF2B1.jpeg?fit=828%2C454\" data-orig-size=\"828,454\" data-comments-opened=\"0\" data-image-meta=\"{&quot;aperture&quot;:&quot;0&quot;,&quot;credit&quot;:&quot;&quot;,&quot;camera&quot;:&quot;&quot;,&quot;caption&quot;:&quot;&quot;,&quot;created_timestamp&quot;:&quot;0&quot;,&quot;copyright&quot;:&quot;&quot;,&quot;focal_length&quot;:&quot;0&quot;,&quot;iso&quot;:&quot;0&quot;,&quot;shutter_speed&quot;:&quot;0&quot;,&quot;title&quot;:&quot;&quot;,&quot;orientation&quot;:&quot;0&quot;}\" data-image-title=\"D6E5AD77-FE21-4A55-85B8-A4B29D1EF2B1\" data-image-description=\"\" data-image-caption=\"\" data-medium-file=\"https:\/\/i0.wp.com\/blogdalucianaoliveira.com.br\/blog\/wp-content\/uploads\/2020\/03\/D6E5AD77-FE21-4A55-85B8-A4B29D1EF2B1.jpeg?fit=300%2C164\" data-large-file=\"https:\/\/i0.wp.com\/blogdalucianaoliveira.com.br\/blog\/wp-content\/uploads\/2020\/03\/D6E5AD77-FE21-4A55-85B8-A4B29D1EF2B1.jpeg?fit=600%2C329\" src=\"https:\/\/i0.wp.com\/blogdalucianaoliveira.com.br\/blog\/wp-content\/uploads\/2020\/03\/D6E5AD77-FE21-4A55-85B8-A4B29D1EF2B1.jpeg?resize=600%2C329\" alt=\"\" class=\"wp-image-27171\" srcset=\"https:\/\/i0.wp.com\/blogdalucianaoliveira.com.br\/blog\/wp-content\/uploads\/2020\/03\/D6E5AD77-FE21-4A55-85B8-A4B29D1EF2B1.jpeg?w=828 828w, https:\/\/i0.wp.com\/blogdalucianaoliveira.com.br\/blog\/wp-content\/uploads\/2020\/03\/D6E5AD77-FE21-4A55-85B8-A4B29D1EF2B1.jpeg?resize=300%2C164 300w, https:\/\/i0.wp.com\/blogdalucianaoliveira.com.br\/blog\/wp-content\/uploads\/2020\/03\/D6E5AD77-FE21-4A55-85B8-A4B29D1EF2B1.jpeg?resize=768%2C421 768w, https:\/\/i0.wp.com\/blogdalucianaoliveira.com.br\/blog\/wp-content\/uploads\/2020\/03\/D6E5AD77-FE21-4A55-85B8-A4B29D1EF2B1.jpeg?resize=547%2C300 547w\" sizes=\"auto, (max-width: 600px) 100vw, 600px\" \/><\/figure>\n\n\n\n<p><br><br>O movimento come\u00e7ou a convoca\u00e7\u00e3o pelas redes sociais logo ap\u00f3s o pronunciamento do presidente Jair Bolsonaro em que estimulou os brasileiros a voltarem \u00e0s suas atividades normais, apesar do seu ministro da sa\u00fade, Henrique Mandetta, pedir o contr\u00e1rio.<\/p>\n\n\n\n<p>A insana atitude do presidente fez empres\u00e1rios, comerciantes, motoristas de aplicativo e profissionais liberais come\u00e7arem uma campanha nas ruas para acabar com o confinamento que protege a popula\u00e7\u00e3o de cont\u00e1gio e transmiss\u00e3o do v\u00edrus mortal.<\/p>\n\n\n\n<p>Na quarta-feira (25), o governador bolsonarista Marcos Rocha flexibilizou o decreto de calamidade p\u00fablica liberando v\u00e1rias atividades da quarentena. <\/p>\n\n\n\n<p>Isso estimulou ainda mais o movimento que incentiva as pessoas a desafiarem as orienta\u00e7\u00e3o da Organiza\u00e7\u00e3o Mundial de Sa\u00fade contra a pandemia.<\/p>\n\n\n\n<div class=\"fb-video\" data-allowfullscreen=\"true\" data-href=\"https:\/\/www.facebook.com\/rolnews\/videos\/2764586320257122\/\"><\/div>\n\n\n\n<p>Conforme \u00faltimo boletim da Secretaria Estadual de Sa\u00fade, Rond\u00f4nia tem seis casos confirmados de coronav\u00edrus, 219 descartados e 717 notificados.<\/p>\n\n\n\n<p>O Brasil registrou 2 mil novos casos em seis dias e tem 77 mortes.<\/p>\n\n\n\n<p> V\u00e1rias convoca\u00e7\u00f5es est\u00e3o marcadas em outros munic\u00edpios propagando o contr\u00e1rio do que orientam especialistas em sa\u00fade no mundo todo. <br><\/p>\n\n\n\n<p>O isolamento social \u00e9 para evitar propaga\u00e7\u00e3o do v\u00edrus mortal e permitir que a rede p\u00fablica de sa\u00fade atenda os que est\u00e3o doentes. <\/p>\n\n\n\n<p> <\/p>\n\n\n\n<p><\/p>\n\n\n\n<p><\/p>\n","protected":false},"excerpt":{"rendered":"<p>Uma viatura da pol\u00edcia militar bloqueou ruas e outras duas acompanharam a carreata pelo fim do isolamento contra a pandemia do Covid19 em Rolim de Moura, em Rond\u00f4nia, nesta sexta-feira, 27. Um grande n\u00famero de mototaxistas participou, pois \u00e9 o servi\u00e7o de transporte mais utilizado no munic\u00edpio e que atende em condi\u00e7\u00f5es prec\u00e1rias, com motos&#8230;<a class=\"more-link\" href=\"http:\/\/blogdalucianaoliveira.com.br\/blog\/2020\/03\/27\/ro-propagacao-da-estupidez-pronunciamento-de-bolsonaro-estimula-carreata-pelo-fim-da-quarentena-contra-coronavirus\/\">Continue a leitura <span class=\"meta-nav\">&raquo;<\/span><\/a><\/p>\n","protected":false},"author":1,"featured_media":0,"comment_status":"closed","ping_status":"open","sticky":false,"template":"","format":"standard","meta":{"_exactmetrics_skip_tracking":false,"_exactmetrics_sitenote_active":false,"_exactmetrics_sitenote_note":"","_exactmetrics_sitenote_category":0,"jetpack_post_was_ever_published":false,"_jetpack_newsletter_access":"","_jetpack_dont_email_post_to_subs":false,"_jetpack_newsletter_tier_id":0,"_jetpack_memberships_contains_paywalled_content":false,"_jetpack_memberships_contains_paid_content":false,"footnotes":"","jetpack_publicize_message":"","jetpack_publicize_feature_enabled":true,"jetpack_social_post_already_shared":true,"jetpack_social_options":{"image_generator_settings":{"template":"highway","enabled":false},"version":2}},"categories":[1],"tags":[],"class_list":["post-27168","post","type-post","status-publish","format-standard","hentry","category-notas"],"jetpack_publicize_connections":[],"jetpack_sharing_enabled":true,"jetpack_featured_media_url":"","jetpack_shortlink":"https:\/\/wp.me\/p7wKYW-74c","jetpack-related-posts":[],"_links":{"self":[{"href":"http:\/\/blogdalucianaoliveira.com.br\/blog\/wp-json\/wp\/v2\/posts\/27168","targetHints":{"allow":["GET"]}}],"collection":[{"href":"http:\/\/blogdalucianaoliveira.com.br\/blog\/wp-json\/wp\/v2\/posts"}],"about":[{"href":"http:\/\/blogdalucianaoliveira.com.br\/blog\/wp-json\/wp\/v2\/types\/post"}],"author":[{"embeddable":true,"href":"http:\/\/blogdalucianaoliveira.com.br\/blog\/wp-json\/wp\/v2\/users\/1"}],"replies":[{"embeddable":true,"href":"http:\/\/blogdalucianaoliveira.com.br\/blog\/wp-json\/wp\/v2\/comments?post=27168"}],"version-history":[{"count":4,"href":"http:\/\/blogdalucianaoliveira.com.br\/blog\/wp-json\/wp\/v2\/posts\/27168\/revisions"}],"predecessor-version":[{"id":27174,"href":"http:\/\/blogdalucianaoliveira.com.br\/blog\/wp-json\/wp\/v2\/posts\/27168\/revisions\/27174"}],"wp:attachment":[{"href":"http:\/\/blogdalucianaoliveira.com.br\/blog\/wp-json\/wp\/v2\/media?parent=27168"}],"wp:term":[{"taxonomy":"category","embeddable":true,"href":"http:\/\/blogdalucianaoliveira.com.br\/blog\/wp-json\/wp\/v2\/categories?post=27168"},{"taxonomy":"post_tag","embeddable":true,"href":"http:\/\/blogdalucianaoliveira.com.br\/blog\/wp-json\/wp\/v2\/tags?post=27168"}],"curies":[{"name":"wp","href":"https:\/\/api.w.org\/{rel}","templated":true}]}}