{"id":27176,"date":"2020-03-27T16:25:51","date_gmt":"2020-03-27T20:25:51","guid":{"rendered":"http:\/\/blogdalucianaoliveira.com.br\/blog\/?p=27176"},"modified":"2020-03-27T16:35:10","modified_gmt":"2020-03-27T20:35:10","slug":"vilhena-empresarios-intimidam-funcionarios-com-demissoes-e-pressionam-prefeito-a-acabar-com-isolamento-social","status":"publish","type":"post","link":"http:\/\/blogdalucianaoliveira.com.br\/blog\/2020\/03\/27\/vilhena-empresarios-intimidam-funcionarios-com-demissoes-e-pressionam-prefeito-a-acabar-com-isolamento-social\/","title":{"rendered":"Vilhena: Empres\u00e1rios intimidam funcion\u00e1rios com demiss\u00f5es e pressionam prefeito a acabar com isolamento social"},"content":{"rendered":"\n<figure class=\"wp-block-image size-large\"><img data-recalc-dims=\"1\" loading=\"lazy\" decoding=\"async\" width=\"600\" height=\"432\" data-attachment-id=\"27178\" data-permalink=\"http:\/\/blogdalucianaoliveira.com.br\/blog\/2020\/03\/27\/vilhena-empresarios-intimidam-funcionarios-com-demissoes-e-pressionam-prefeito-a-acabar-com-isolamento-social\/0fd0a5d6-4dc4-4399-80ab-d957c530a4f9\/\" data-orig-file=\"https:\/\/i0.wp.com\/blogdalucianaoliveira.com.br\/blog\/wp-content\/uploads\/2020\/03\/0FD0A5D6-4DC4-4399-80AB-D957C530A4F9.jpeg?fit=720%2C518\" data-orig-size=\"720,518\" data-comments-opened=\"0\" data-image-meta=\"{&quot;aperture&quot;:&quot;0&quot;,&quot;credit&quot;:&quot;&quot;,&quot;camera&quot;:&quot;&quot;,&quot;caption&quot;:&quot;&quot;,&quot;created_timestamp&quot;:&quot;0&quot;,&quot;copyright&quot;:&quot;&quot;,&quot;focal_length&quot;:&quot;0&quot;,&quot;iso&quot;:&quot;0&quot;,&quot;shutter_speed&quot;:&quot;0&quot;,&quot;title&quot;:&quot;&quot;,&quot;orientation&quot;:&quot;0&quot;}\" data-image-title=\"0FD0A5D6-4DC4-4399-80AB-D957C530A4F9\" data-image-description=\"\" data-image-caption=\"\" data-medium-file=\"https:\/\/i0.wp.com\/blogdalucianaoliveira.com.br\/blog\/wp-content\/uploads\/2020\/03\/0FD0A5D6-4DC4-4399-80AB-D957C530A4F9.jpeg?fit=300%2C216\" data-large-file=\"https:\/\/i0.wp.com\/blogdalucianaoliveira.com.br\/blog\/wp-content\/uploads\/2020\/03\/0FD0A5D6-4DC4-4399-80AB-D957C530A4F9.jpeg?fit=600%2C432\" src=\"https:\/\/i0.wp.com\/blogdalucianaoliveira.com.br\/blog\/wp-content\/uploads\/2020\/03\/0FD0A5D6-4DC4-4399-80AB-D957C530A4F9.jpeg?resize=600%2C432\" alt=\"\" class=\"wp-image-27178\" srcset=\"https:\/\/i0.wp.com\/blogdalucianaoliveira.com.br\/blog\/wp-content\/uploads\/2020\/03\/0FD0A5D6-4DC4-4399-80AB-D957C530A4F9.jpeg?w=720 720w, https:\/\/i0.wp.com\/blogdalucianaoliveira.com.br\/blog\/wp-content\/uploads\/2020\/03\/0FD0A5D6-4DC4-4399-80AB-D957C530A4F9.jpeg?resize=300%2C216 300w, https:\/\/i0.wp.com\/blogdalucianaoliveira.com.br\/blog\/wp-content\/uploads\/2020\/03\/0FD0A5D6-4DC4-4399-80AB-D957C530A4F9.jpeg?resize=417%2C300 417w\" sizes=\"auto, (max-width: 600px) 100vw, 600px\" \/><\/figure>\n\n\n\n<p>Como em outras cidades teve carreata pelo fim do isolamento social em Vilhena, munic\u00edpio de Rond\u00f4nia.<\/p>\n\n\n\n<p>Foi igualmente convocada por empres\u00e1rios que se sentiram incentivados pelo pronunciamento do presidente Jair Bolsonaro contra a quarentena que obriga a popula\u00e7\u00e3o a ficar e em casa e o com\u00e9rcio a se manter praticamente todo fechado.<\/p>\n\n\n\n<!--more-->\n\n\n\n<p>Este blog recebeu mensagens trocadas por empres\u00e1rios pelo whatsApp que revelam a press\u00e3o sobre funcion\u00e1rios e o prefeito, <a href=\"https:\/\/www.google.com.br\/search?sxsrf=ALeKk02tG9Mh6t4DeTfVCk7sf7Dt4LZtRw:1585338626603&amp;q=vilhena+eduardo+toshyia+tsuru&amp;stick=H4sIAAAAAAAAAONgVuLVT9c3NEzLzrEsSEnOfcTozS3w8sc9YSmnSWtOXmO04eIKzsgvd80rySypFNLjYoOyVLgEpVB1ajBI8XOhCvEsYpUty8zJSM1LVEhNKU0sSslXKMkvzqjMTFQoKS4tKgUAaL32uH8AAAA&amp;sxsrf=ALeKk02tG9Mh6t4DeTfVCk7sf7Dt4LZtRw:1585338626603\">Eduardo Toshyia Tsuru<\/a>, que aparece na conversa como o japon\u00eas da granja.<\/p>\n\n\n\n<p>Rodrigo Gomes pede que cada empres\u00e1rio informe quantos pretende demitir para que fa\u00e7am uma lista a ser apresentada ao prefeito.<\/p>\n\n\n\n<figure class=\"wp-block-image size-large\"><img loading=\"lazy\" decoding=\"async\" width=\"622\" height=\"1280\" data-attachment-id=\"27179\" data-permalink=\"http:\/\/blogdalucianaoliveira.com.br\/blog\/2020\/03\/27\/vilhena-empresarios-intimidam-funcionarios-com-demissoes-e-pressionam-prefeito-a-acabar-com-isolamento-social\/033810f6-0e7b-4c2e-a4d3-51d8b14bf0ff\/\" data-orig-file=\"https:\/\/i0.wp.com\/blogdalucianaoliveira.com.br\/blog\/wp-content\/uploads\/2020\/03\/033810F6-0E7B-4C2E-A4D3-51D8B14BF0FF.jpeg?fit=622%2C1280\" data-orig-size=\"622,1280\" data-comments-opened=\"0\" data-image-meta=\"{&quot;aperture&quot;:&quot;0&quot;,&quot;credit&quot;:&quot;&quot;,&quot;camera&quot;:&quot;&quot;,&quot;caption&quot;:&quot;&quot;,&quot;created_timestamp&quot;:&quot;0&quot;,&quot;copyright&quot;:&quot;&quot;,&quot;focal_length&quot;:&quot;0&quot;,&quot;iso&quot;:&quot;0&quot;,&quot;shutter_speed&quot;:&quot;0&quot;,&quot;title&quot;:&quot;&quot;,&quot;orientation&quot;:&quot;0&quot;}\" data-image-title=\"033810F6-0E7B-4C2E-A4D3-51D8B14BF0FF\" data-image-description=\"\" data-image-caption=\"\" data-medium-file=\"https:\/\/i0.wp.com\/blogdalucianaoliveira.com.br\/blog\/wp-content\/uploads\/2020\/03\/033810F6-0E7B-4C2E-A4D3-51D8B14BF0FF.jpeg?fit=146%2C300\" data-large-file=\"https:\/\/i0.wp.com\/blogdalucianaoliveira.com.br\/blog\/wp-content\/uploads\/2020\/03\/033810F6-0E7B-4C2E-A4D3-51D8B14BF0FF.jpeg?fit=498%2C1024\" src=\"https:\/\/i1.wp.com\/blogdalucianaoliveira.com.br\/blog\/wp-content\/uploads\/2020\/03\/033810F6-0E7B-4C2E-A4D3-51D8B14BF0FF.jpeg?fit=498%2C1024\" alt=\"\" class=\"wp-image-27179\" srcset=\"https:\/\/i0.wp.com\/blogdalucianaoliveira.com.br\/blog\/wp-content\/uploads\/2020\/03\/033810F6-0E7B-4C2E-A4D3-51D8B14BF0FF.jpeg?w=622 622w, https:\/\/i0.wp.com\/blogdalucianaoliveira.com.br\/blog\/wp-content\/uploads\/2020\/03\/033810F6-0E7B-4C2E-A4D3-51D8B14BF0FF.jpeg?resize=146%2C300 146w, https:\/\/i0.wp.com\/blogdalucianaoliveira.com.br\/blog\/wp-content\/uploads\/2020\/03\/033810F6-0E7B-4C2E-A4D3-51D8B14BF0FF.jpeg?resize=498%2C1024 498w\" sizes=\"auto, (max-width: 600px) 100vw, 600px\" \/><\/figure>\n\n\n\n<p><br><\/p>\n\n\n\n<figure class=\"wp-block-image size-large\"><img loading=\"lazy\" decoding=\"async\" width=\"622\" height=\"1280\" data-attachment-id=\"27185\" data-permalink=\"http:\/\/blogdalucianaoliveira.com.br\/blog\/2020\/03\/27\/vilhena-empresarios-intimidam-funcionarios-com-demissoes-e-pressionam-prefeito-a-acabar-com-isolamento-social\/af9d11bc-9381-4957-8612-3c7ecb11401e\/\" data-orig-file=\"https:\/\/i0.wp.com\/blogdalucianaoliveira.com.br\/blog\/wp-content\/uploads\/2020\/03\/AF9D11BC-9381-4957-8612-3C7ECB11401E.jpeg?fit=622%2C1280\" data-orig-size=\"622,1280\" data-comments-opened=\"0\" data-image-meta=\"{&quot;aperture&quot;:&quot;0&quot;,&quot;credit&quot;:&quot;&quot;,&quot;camera&quot;:&quot;&quot;,&quot;caption&quot;:&quot;&quot;,&quot;created_timestamp&quot;:&quot;0&quot;,&quot;copyright&quot;:&quot;&quot;,&quot;focal_length&quot;:&quot;0&quot;,&quot;iso&quot;:&quot;0&quot;,&quot;shutter_speed&quot;:&quot;0&quot;,&quot;title&quot;:&quot;&quot;,&quot;orientation&quot;:&quot;0&quot;}\" data-image-title=\"AF9D11BC-9381-4957-8612-3C7ECB11401E\" data-image-description=\"\" data-image-caption=\"\" data-medium-file=\"https:\/\/i0.wp.com\/blogdalucianaoliveira.com.br\/blog\/wp-content\/uploads\/2020\/03\/AF9D11BC-9381-4957-8612-3C7ECB11401E.jpeg?fit=146%2C300\" data-large-file=\"https:\/\/i0.wp.com\/blogdalucianaoliveira.com.br\/blog\/wp-content\/uploads\/2020\/03\/AF9D11BC-9381-4957-8612-3C7ECB11401E.jpeg?fit=498%2C1024\" src=\"https:\/\/i2.wp.com\/blogdalucianaoliveira.com.br\/blog\/wp-content\/uploads\/2020\/03\/AF9D11BC-9381-4957-8612-3C7ECB11401E.jpeg?fit=498%2C1024\" alt=\"\" class=\"wp-image-27185\" srcset=\"https:\/\/i0.wp.com\/blogdalucianaoliveira.com.br\/blog\/wp-content\/uploads\/2020\/03\/AF9D11BC-9381-4957-8612-3C7ECB11401E.jpeg?w=622 622w, https:\/\/i0.wp.com\/blogdalucianaoliveira.com.br\/blog\/wp-content\/uploads\/2020\/03\/AF9D11BC-9381-4957-8612-3C7ECB11401E.jpeg?resize=146%2C300 146w, https:\/\/i0.wp.com\/blogdalucianaoliveira.com.br\/blog\/wp-content\/uploads\/2020\/03\/AF9D11BC-9381-4957-8612-3C7ECB11401E.jpeg?resize=498%2C1024 498w\" sizes=\"auto, (max-width: 600px) 100vw, 600px\" \/><\/figure>\n\n\n\n<p>A empresa Espa\u00e7o Animal repassou mensagem em grupo de funcion\u00e1rios para &#8216;acalmar&#8217; os \u00e2nimos pelo temor de demiss\u00f5es. O tom final, no entanto, \u00e9 amea\u00e7ador: &#8220;Se meu barco afunda, o de voc\u00eas tamb\u00e9m&#8221;.<\/p>\n\n\n\n<figure class=\"wp-block-image size-large\"><img loading=\"lazy\" decoding=\"async\" width=\"828\" height=\"1792\" data-attachment-id=\"27180\" data-permalink=\"http:\/\/blogdalucianaoliveira.com.br\/blog\/2020\/03\/27\/vilhena-empresarios-intimidam-funcionarios-com-demissoes-e-pressionam-prefeito-a-acabar-com-isolamento-social\/b3e73bf7-94f8-4f28-9b7d-464d83a03d50\/\" data-orig-file=\"https:\/\/i0.wp.com\/blogdalucianaoliveira.com.br\/blog\/wp-content\/uploads\/2020\/03\/B3E73BF7-94F8-4F28-9B7D-464D83A03D50.png?fit=828%2C1792\" data-orig-size=\"828,1792\" data-comments-opened=\"0\" data-image-meta=\"{&quot;aperture&quot;:&quot;0&quot;,&quot;credit&quot;:&quot;&quot;,&quot;camera&quot;:&quot;&quot;,&quot;caption&quot;:&quot;&quot;,&quot;created_timestamp&quot;:&quot;0&quot;,&quot;copyright&quot;:&quot;&quot;,&quot;focal_length&quot;:&quot;0&quot;,&quot;iso&quot;:&quot;0&quot;,&quot;shutter_speed&quot;:&quot;0&quot;,&quot;title&quot;:&quot;&quot;,&quot;orientation&quot;:&quot;0&quot;}\" data-image-title=\"B3E73BF7-94F8-4F28-9B7D-464D83A03D50\" data-image-description=\"\" data-image-caption=\"\" data-medium-file=\"https:\/\/i0.wp.com\/blogdalucianaoliveira.com.br\/blog\/wp-content\/uploads\/2020\/03\/B3E73BF7-94F8-4F28-9B7D-464D83A03D50.png?fit=139%2C300\" data-large-file=\"https:\/\/i0.wp.com\/blogdalucianaoliveira.com.br\/blog\/wp-content\/uploads\/2020\/03\/B3E73BF7-94F8-4F28-9B7D-464D83A03D50.png?fit=473%2C1024\" src=\"https:\/\/i0.wp.com\/blogdalucianaoliveira.com.br\/blog\/wp-content\/uploads\/2020\/03\/B3E73BF7-94F8-4F28-9B7D-464D83A03D50.png?fit=473%2C1024\" alt=\"\" class=\"wp-image-27180\" srcset=\"https:\/\/i0.wp.com\/blogdalucianaoliveira.com.br\/blog\/wp-content\/uploads\/2020\/03\/B3E73BF7-94F8-4F28-9B7D-464D83A03D50.png?w=828 828w, https:\/\/i0.wp.com\/blogdalucianaoliveira.com.br\/blog\/wp-content\/uploads\/2020\/03\/B3E73BF7-94F8-4F28-9B7D-464D83A03D50.png?resize=139%2C300 139w, https:\/\/i0.wp.com\/blogdalucianaoliveira.com.br\/blog\/wp-content\/uploads\/2020\/03\/B3E73BF7-94F8-4F28-9B7D-464D83A03D50.png?resize=473%2C1024 473w, https:\/\/i0.wp.com\/blogdalucianaoliveira.com.br\/blog\/wp-content\/uploads\/2020\/03\/B3E73BF7-94F8-4F28-9B7D-464D83A03D50.png?resize=768%2C1662 768w, https:\/\/i0.wp.com\/blogdalucianaoliveira.com.br\/blog\/wp-content\/uploads\/2020\/03\/B3E73BF7-94F8-4F28-9B7D-464D83A03D50.png?resize=710%2C1536 710w\" sizes=\"auto, (max-width: 600px) 100vw, 600px\" \/><\/figure>\n\n\n\n<p>O site vilhenanoticias.com.br divulgou a quantidade de demiss\u00f5es e por estabelecimentos comerciais, um total de 87.<\/p>\n\n\n\n<figure class=\"wp-block-image size-large\"><img loading=\"lazy\" decoding=\"async\" width=\"825\" height=\"1060\" data-attachment-id=\"27181\" data-permalink=\"http:\/\/blogdalucianaoliveira.com.br\/blog\/2020\/03\/27\/vilhena-empresarios-intimidam-funcionarios-com-demissoes-e-pressionam-prefeito-a-acabar-com-isolamento-social\/4b331b1c-7eb8-45b9-adec-aa8c0ef68221\/\" data-orig-file=\"https:\/\/i0.wp.com\/blogdalucianaoliveira.com.br\/blog\/wp-content\/uploads\/2020\/03\/4B331B1C-7EB8-45B9-ADEC-AA8C0EF68221.jpeg?fit=825%2C1060\" data-orig-size=\"825,1060\" data-comments-opened=\"0\" data-image-meta=\"{&quot;aperture&quot;:&quot;0&quot;,&quot;credit&quot;:&quot;&quot;,&quot;camera&quot;:&quot;&quot;,&quot;caption&quot;:&quot;&quot;,&quot;created_timestamp&quot;:&quot;0&quot;,&quot;copyright&quot;:&quot;&quot;,&quot;focal_length&quot;:&quot;0&quot;,&quot;iso&quot;:&quot;0&quot;,&quot;shutter_speed&quot;:&quot;0&quot;,&quot;title&quot;:&quot;&quot;,&quot;orientation&quot;:&quot;0&quot;}\" data-image-title=\"4B331B1C-7EB8-45B9-ADEC-AA8C0EF68221\" data-image-description=\"\" data-image-caption=\"\" data-medium-file=\"https:\/\/i0.wp.com\/blogdalucianaoliveira.com.br\/blog\/wp-content\/uploads\/2020\/03\/4B331B1C-7EB8-45B9-ADEC-AA8C0EF68221.jpeg?fit=233%2C300\" data-large-file=\"https:\/\/i0.wp.com\/blogdalucianaoliveira.com.br\/blog\/wp-content\/uploads\/2020\/03\/4B331B1C-7EB8-45B9-ADEC-AA8C0EF68221.jpeg?fit=600%2C771\" src=\"https:\/\/i0.wp.com\/blogdalucianaoliveira.com.br\/blog\/wp-content\/uploads\/2020\/03\/4B331B1C-7EB8-45B9-ADEC-AA8C0EF68221.jpeg?fit=600%2C771\" alt=\"\" class=\"wp-image-27181\" srcset=\"https:\/\/i0.wp.com\/blogdalucianaoliveira.com.br\/blog\/wp-content\/uploads\/2020\/03\/4B331B1C-7EB8-45B9-ADEC-AA8C0EF68221.jpeg?w=825 825w, https:\/\/i0.wp.com\/blogdalucianaoliveira.com.br\/blog\/wp-content\/uploads\/2020\/03\/4B331B1C-7EB8-45B9-ADEC-AA8C0EF68221.jpeg?resize=233%2C300 233w, https:\/\/i0.wp.com\/blogdalucianaoliveira.com.br\/blog\/wp-content\/uploads\/2020\/03\/4B331B1C-7EB8-45B9-ADEC-AA8C0EF68221.jpeg?resize=797%2C1024 797w, https:\/\/i0.wp.com\/blogdalucianaoliveira.com.br\/blog\/wp-content\/uploads\/2020\/03\/4B331B1C-7EB8-45B9-ADEC-AA8C0EF68221.jpeg?resize=768%2C987 768w\" sizes=\"auto, (max-width: 600px) 100vw, 600px\" \/><\/figure>\n\n\n\n<p>Leia: <\/p>\n\n\n\n<p><a href=\"https:\/\/www.vilhenanoticias.com.br\/destaques\/vilhena-tem-87-demissoes-confirmadas-segundo-grupo-de-comerciantes\/\">https:\/\/www.vilhenanoticias.com.br\/destaques\/vilhena-tem-87-demissoes-confirmadas-segundo-grupo-de-comerciantes\/<\/a><\/p>\n\n\n\n<p>Uma funcion\u00e1ria diz que n\u00e3o dorme desde que a lista foi divulgada e pediu sigilo para n\u00e3o ser sumariamente demitida por denunciar a press\u00e3o psicol\u00f3gica.<\/p>\n\n\n\n<p>Em v\u00eddeo encaminhado ao blog, algu\u00e9m diz que a carreata aconteceu por causa do pronunciamento do presidente.<\/p>\n\n\n\n<div class=\"fb-post\" data-href=\"https:\/\/www.facebook.com\/100001977379087\/posts\/2967176383358245\/?d=n\" data-width=\"552\"><\/div>\n\n\n\n<p>O prefeito coerentemente respondeu ao movimento insano que vai na contram\u00e3o do decreto estadual e das orienta\u00e7\u00f5es do Minist\u00e9rio da Sa\u00fade.<\/p>\n\n\n\n<figure class=\"wp-block-image size-large\"><img loading=\"lazy\" decoding=\"async\" width=\"934\" height=\"1280\" data-attachment-id=\"27182\" data-permalink=\"http:\/\/blogdalucianaoliveira.com.br\/blog\/2020\/03\/27\/vilhena-empresarios-intimidam-funcionarios-com-demissoes-e-pressionam-prefeito-a-acabar-com-isolamento-social\/a94e1a7a-d248-41f2-bdf5-e378a196e51a\/\" data-orig-file=\"https:\/\/i0.wp.com\/blogdalucianaoliveira.com.br\/blog\/wp-content\/uploads\/2020\/03\/A94E1A7A-D248-41F2-BDF5-E378A196E51A.jpeg?fit=934%2C1280\" data-orig-size=\"934,1280\" data-comments-opened=\"0\" data-image-meta=\"{&quot;aperture&quot;:&quot;0&quot;,&quot;credit&quot;:&quot;&quot;,&quot;camera&quot;:&quot;&quot;,&quot;caption&quot;:&quot;&quot;,&quot;created_timestamp&quot;:&quot;0&quot;,&quot;copyright&quot;:&quot;&quot;,&quot;focal_length&quot;:&quot;0&quot;,&quot;iso&quot;:&quot;0&quot;,&quot;shutter_speed&quot;:&quot;0&quot;,&quot;title&quot;:&quot;&quot;,&quot;orientation&quot;:&quot;0&quot;}\" data-image-title=\"A94E1A7A-D248-41F2-BDF5-E378A196E51A\" data-image-description=\"\" data-image-caption=\"\" data-medium-file=\"https:\/\/i0.wp.com\/blogdalucianaoliveira.com.br\/blog\/wp-content\/uploads\/2020\/03\/A94E1A7A-D248-41F2-BDF5-E378A196E51A.jpeg?fit=219%2C300\" data-large-file=\"https:\/\/i0.wp.com\/blogdalucianaoliveira.com.br\/blog\/wp-content\/uploads\/2020\/03\/A94E1A7A-D248-41F2-BDF5-E378A196E51A.jpeg?fit=600%2C822\" src=\"https:\/\/i2.wp.com\/blogdalucianaoliveira.com.br\/blog\/wp-content\/uploads\/2020\/03\/A94E1A7A-D248-41F2-BDF5-E378A196E51A.jpeg?fit=600%2C822\" alt=\"\" class=\"wp-image-27182\" srcset=\"https:\/\/i0.wp.com\/blogdalucianaoliveira.com.br\/blog\/wp-content\/uploads\/2020\/03\/A94E1A7A-D248-41F2-BDF5-E378A196E51A.jpeg?w=934 934w, https:\/\/i0.wp.com\/blogdalucianaoliveira.com.br\/blog\/wp-content\/uploads\/2020\/03\/A94E1A7A-D248-41F2-BDF5-E378A196E51A.jpeg?resize=219%2C300 219w, https:\/\/i0.wp.com\/blogdalucianaoliveira.com.br\/blog\/wp-content\/uploads\/2020\/03\/A94E1A7A-D248-41F2-BDF5-E378A196E51A.jpeg?resize=747%2C1024 747w, https:\/\/i0.wp.com\/blogdalucianaoliveira.com.br\/blog\/wp-content\/uploads\/2020\/03\/A94E1A7A-D248-41F2-BDF5-E378A196E51A.jpeg?resize=768%2C1053 768w\" sizes=\"auto, (max-width: 600px) 100vw, 600px\" \/><\/figure>\n\n\n\n<p>Segundo o \u00faltimo boletim da Secretaria de Sa\u00fade, o estado tem 06 casos de coronav\u00edrus confirmados, 219 descartados e 717 notificados.<\/p>\n\n\n\n<p><br><\/p>\n\n\n\n<p><\/p>\n","protected":false},"excerpt":{"rendered":"<p>Como em outras cidades teve carreata pelo fim do isolamento social em Vilhena, munic\u00edpio de Rond\u00f4nia. Foi igualmente convocada por empres\u00e1rios que se sentiram incentivados pelo pronunciamento do presidente Jair Bolsonaro contra a quarentena que obriga a popula\u00e7\u00e3o a ficar e em casa e o com\u00e9rcio a se manter praticamente todo fechado.<\/p>\n","protected":false},"author":1,"featured_media":0,"comment_status":"closed","ping_status":"open","sticky":false,"template":"","format":"standard","meta":{"_exactmetrics_skip_tracking":false,"_exactmetrics_sitenote_active":false,"_exactmetrics_sitenote_note":"","_exactmetrics_sitenote_category":0,"jetpack_post_was_ever_published":false,"_jetpack_newsletter_access":"","_jetpack_dont_email_post_to_subs":false,"_jetpack_newsletter_tier_id":0,"_jetpack_memberships_contains_paywalled_content":false,"_jetpack_memberships_contains_paid_content":false,"footnotes":"","jetpack_publicize_message":"","jetpack_publicize_feature_enabled":true,"jetpack_social_post_already_shared":true,"jetpack_social_options":{"image_generator_settings":{"template":"highway","enabled":false},"version":2}},"categories":[1],"tags":[],"class_list":["post-27176","post","type-post","status-publish","format-standard","hentry","category-notas"],"jetpack_publicize_connections":[],"jetpack_sharing_enabled":true,"jetpack_featured_media_url":"","jetpack_shortlink":"https:\/\/wp.me\/p7wKYW-74k","jetpack-related-posts":[],"_links":{"self":[{"href":"http:\/\/blogdalucianaoliveira.com.br\/blog\/wp-json\/wp\/v2\/posts\/27176","targetHints":{"allow":["GET"]}}],"collection":[{"href":"http:\/\/blogdalucianaoliveira.com.br\/blog\/wp-json\/wp\/v2\/posts"}],"about":[{"href":"http:\/\/blogdalucianaoliveira.com.br\/blog\/wp-json\/wp\/v2\/types\/post"}],"author":[{"embeddable":true,"href":"http:\/\/blogdalucianaoliveira.com.br\/blog\/wp-json\/wp\/v2\/users\/1"}],"replies":[{"embeddable":true,"href":"http:\/\/blogdalucianaoliveira.com.br\/blog\/wp-json\/wp\/v2\/comments?post=27176"}],"version-history":[{"count":4,"href":"http:\/\/blogdalucianaoliveira.com.br\/blog\/wp-json\/wp\/v2\/posts\/27176\/revisions"}],"predecessor-version":[{"id":27186,"href":"http:\/\/blogdalucianaoliveira.com.br\/blog\/wp-json\/wp\/v2\/posts\/27176\/revisions\/27186"}],"wp:attachment":[{"href":"http:\/\/blogdalucianaoliveira.com.br\/blog\/wp-json\/wp\/v2\/media?parent=27176"}],"wp:term":[{"taxonomy":"category","embeddable":true,"href":"http:\/\/blogdalucianaoliveira.com.br\/blog\/wp-json\/wp\/v2\/categories?post=27176"},{"taxonomy":"post_tag","embeddable":true,"href":"http:\/\/blogdalucianaoliveira.com.br\/blog\/wp-json\/wp\/v2\/tags?post=27176"}],"curies":[{"name":"wp","href":"https:\/\/api.w.org\/{rel}","templated":true}]}}