{"id":27189,"date":"2020-03-28T07:39:46","date_gmt":"2020-03-28T11:39:46","guid":{"rendered":"http:\/\/blogdalucianaoliveira.com.br\/blog\/?p=27189"},"modified":"2020-03-28T07:39:52","modified_gmt":"2020-03-28T11:39:52","slug":"por-lucro-durante-pandemia-milionarios-brasileiros-desprezam-mortos-ciencia-e-dados","status":"publish","type":"post","link":"http:\/\/blogdalucianaoliveira.com.br\/blog\/2020\/03\/28\/por-lucro-durante-pandemia-milionarios-brasileiros-desprezam-mortos-ciencia-e-dados\/","title":{"rendered":"Por lucro durante pandemia, milion\u00e1rios brasileiros desprezam mortos, ci\u00eancia e dados"},"content":{"rendered":"\n<figure class=\"wp-block-image size-large\"><img data-recalc-dims=\"1\" loading=\"lazy\" decoding=\"async\" width=\"600\" height=\"377\" data-attachment-id=\"27190\" data-permalink=\"http:\/\/blogdalucianaoliveira.com.br\/blog\/2020\/03\/28\/por-lucro-durante-pandemia-milionarios-brasileiros-desprezam-mortos-ciencia-e-dados\/image-86-3\/\" data-orig-file=\"https:\/\/i0.wp.com\/blogdalucianaoliveira.com.br\/blog\/wp-content\/uploads\/2020\/03\/image-86.jpeg?fit=800%2C502\" data-orig-size=\"800,502\" data-comments-opened=\"0\" data-image-meta=\"{&quot;aperture&quot;:&quot;0&quot;,&quot;credit&quot;:&quot;&quot;,&quot;camera&quot;:&quot;&quot;,&quot;caption&quot;:&quot;&quot;,&quot;created_timestamp&quot;:&quot;1585346156&quot;,&quot;copyright&quot;:&quot;&quot;,&quot;focal_length&quot;:&quot;0&quot;,&quot;iso&quot;:&quot;0&quot;,&quot;shutter_speed&quot;:&quot;0&quot;,&quot;title&quot;:&quot;&quot;,&quot;orientation&quot;:&quot;0&quot;}\" data-image-title=\"image-86\" data-image-description=\"\" data-image-caption=\"\" data-medium-file=\"https:\/\/i0.wp.com\/blogdalucianaoliveira.com.br\/blog\/wp-content\/uploads\/2020\/03\/image-86.jpeg?fit=300%2C188\" data-large-file=\"https:\/\/i0.wp.com\/blogdalucianaoliveira.com.br\/blog\/wp-content\/uploads\/2020\/03\/image-86.jpeg?fit=600%2C377\" src=\"https:\/\/i0.wp.com\/blogdalucianaoliveira.com.br\/blog\/wp-content\/uploads\/2020\/03\/image-86.jpeg?resize=600%2C377\" alt=\"\" class=\"wp-image-27190\" srcset=\"https:\/\/i0.wp.com\/blogdalucianaoliveira.com.br\/blog\/wp-content\/uploads\/2020\/03\/image-86.jpeg?w=800 800w, https:\/\/i0.wp.com\/blogdalucianaoliveira.com.br\/blog\/wp-content\/uploads\/2020\/03\/image-86.jpeg?resize=300%2C188 300w, https:\/\/i0.wp.com\/blogdalucianaoliveira.com.br\/blog\/wp-content\/uploads\/2020\/03\/image-86.jpeg?resize=768%2C482 768w, https:\/\/i0.wp.com\/blogdalucianaoliveira.com.br\/blog\/wp-content\/uploads\/2020\/03\/image-86.jpeg?resize=478%2C300 478w\" sizes=\"auto, (max-width: 600px) 100vw, 600px\" \/><\/figure>\n\n\n\n<h4 class=\"wp-block-heading\">Manifesta\u00e7\u00f5es foram registradas no pa\u00eds pedindo o fim da quarentena. Doria chama empres\u00e1rios de &#8220;irrespons\u00e1veis&#8221;&nbsp;<\/h4>\n\n\n\n<!--more-->\n\n\n\n<p>Igor Carvalho <\/p>\n\n\n\n<p>Brasil de Fato | S\u00e3o Paulo (SP)<\/p>\n\n\n\n<p>Al\u00e9m da fortuna, Ab\u00edlio Diniz, Luciano Hang, Roberto Justus e Junior Durski possuem outra coisa em comum: em nome de seus lucros, todos desprezam a ci\u00eancia e as estat\u00edsticas que mostram que o&nbsp;<a href=\"https:\/\/www.brasildefato.com.br\/minuto-a-minuto\/coronavirus-no-brasil\">coronav\u00edrus<\/a>&nbsp;j\u00e1 infectou mais de&nbsp;<a href=\"https:\/\/coronavirus.jhu.edu\/map.html\">meio milh\u00e3o de pessoas e causou 27 mil mortes no&nbsp;mundo.<\/a>&nbsp;A&nbsp;despeito dos n\u00fameros alarmantes, os ricos brasileiros convocam a popula\u00e7\u00e3o para sair \u00e0s ruas.<\/p>\n\n\n\n<p>Nos \u00faltimos dias, empres\u00e1rios se uniram nas redes sociais para alavancar&nbsp;<a href=\"https:\/\/www.brasildefato.com.br\/2020\/03\/24\/na-tv-bolsonaro-faz-pouco-caso-do-coronavirus-e-pede-volta-a-normalidade\">o discurso do presidente Jair Bolsonaro<\/a>&nbsp;(sem partido), que se isola da ci\u00eancia mundial e dos<a href=\"https:\/\/www.brasildefato.com.br\/2020\/03\/26\/artigo-ate-trump-muda-discurso-sobre-coronavirus-e-bolsonaro-esta-isolado-no-mundo\">&nbsp;principais l\u00edderes mundiais<\/a>, pedindo que apenas as pessoas do grupo de risco, idosos e doentes cr\u00f4nicos, se mantenham em quarentena. \u00c9 o chamado \u201cisolamento vertical.\u201d<\/p>\n\n\n\n<p>Ato cont\u00ednuo, h\u00e1 not\u00edcias de diversas carreatas pelo pa\u00eds, nesta sexta-feira (27), apoiando Jair Bolsonaro e pedindo o fim do isolamento social e a volta ao trabalho. Ironicamente, na maioria dos casos os manifestantes n\u00e3o quiseram caminhar, evitando o contato entre eles, e ficaram em seus ve\u00edculos, buzinando.<\/p>\n\n\n\n<p>Embora n\u00e3o tenham ocorrido em grande quantidade, as manifesta\u00e7\u00f5es preocupam especialistas, que seguem recomendando o isolamento. Wladimir Queiroz, consultor da Sociedade Brasileira de Infectologia e professor do Centro Universit\u00e1rio Lus\u00edadas (Unilus), alerta para os riscos do isolamento vertical e o retorno \u00e0s atividades da popula\u00e7\u00e3o.<\/p>\n\n\n\n<p>\u201cRealmente vamos ter uma situa\u00e7\u00e3o parecida com a It\u00e1lia, onde as pessoas n\u00e3o est\u00e3o morrendo nas portas de hospitais, est\u00e3o morrendo em casa, porque as ambul\u00e2ncias est\u00e3o servindo de quartos para os pacientes que n\u00e3o encontram vaga nos hospitais. Esse \u00e9 o medo\u201d, explica Queiroz.<\/p>\n\n\n\n<p>Eleonora Dorsi, m\u00e9dica epidemiologista e professora do departamento de Sa\u00fade P\u00fablica da Universidade Federal de Santa Catarina (UFSC), explica que afrouxar a quarentena, neste momento, nos far\u00e1 trilhar o mesmo caminho da It\u00e1lia, um dos pa\u00edses mais afetados pelo Coronav\u00edrus.<\/p>\n\n\n\n<p>\u201cEu penso que o isolamento vertical e um erro, estamos em um momento da epidemia de covid-19 em que a curva est\u00e1 em ascens\u00e3o, o n\u00famero de casos est\u00e1 crescendo e esperamos um aumento bastante importante nos pr\u00f3ximos dias. Com o aumento, aumentar\u00e1 o n\u00famero de pessoas que precisar\u00e3o de interna\u00e7\u00e3o e tamb\u00e9m os \u00f3bitos. A \u00fanica forma desses casos acontecerem de forma mais lenta, \u00e9 o isolamento social, o m\u00e1ximo poss\u00edvel\u201d, explica Dorsi.<\/p>\n\n\n\n<blockquote class=\"wp-block-quote is-layout-flow wp-block-quote-is-layout-flow\"><p>&nbsp;<\/p><p><em><strong>Eu penso que o isolamento vertical e um erro, estamos em um momento da epidemia de covid-19 em que a curva est\u00e1 em ascens\u00e3o, o n\u00famero de casos est\u00e1 crescendo e esperamos um aumento bastante importante nos pr\u00f3ximos dias.<\/strong><\/em>&nbsp;<\/p><\/blockquote>\n\n\n\n<p>\u201cIrrespons\u00e1veis\u201d<\/p>\n\n\n\n<p>As carreatas vistas em alguns pontos do pa\u00eds apoiam o \u201cisolamento vertical\u201d de Bolsonaro, mas tamb\u00e9m s\u00e3o uma repercuss\u00e3o da lamenta\u00e7\u00e3o de empres\u00e1rios nas redes sociais, preocupados com seus lucros.<\/p>\n\n\n\n<p>Junior Durski, dono de uma rede de hamburgueria, lamentou que o pa\u00eds pare por \u201c5.000 ou 7.000 mil pessoas que v\u00e3o morrer\u201d por coronav\u00edrus. &#8220;O Brasil n\u00e3o pode parar dessa maneira. O Brasil n\u00e3o aguenta. Tem que ter trabalho. As pessoas t\u00eam que produzir, t\u00eam que trabalhar. O Brasil n\u00e3o tem essa condi\u00e7\u00e3o de ficar parado assim, as consequ\u00eancias que n\u00f3s vamos ter economicamente, no futuro, ser\u00e3o muito maiores do que as pessoas que v\u00e3o morrer agora com coronav\u00edrus.&#8221;<\/p>\n\n\n\n<p>Mais ao sul, em Santa Catarina, um dos mais fieis seguidores de Bolsonaro, Luciano Hang, propriet\u00e1rio de uma rede de varejo, lamentou a perda de dinheiro. \u201cDizem que o pico talvez da nossa doen\u00e7a seja no m\u00eas de maio. N\u00f3s estamos no m\u00eas de mar\u00e7o. Voc\u00ea j\u00e1 imaginou se o Brasil come\u00e7ar a parar agora, no m\u00eas de mar\u00e7o, abril, maio e vamos dizer que continue, junho. Vai ser a trag\u00e9dia do s\u00e9culo. N\u00f3s podemos causar nesse pa\u00eds um caos econ\u00f4mico muito maior a epidemia de coronav\u00edrus\u201d, completou.<\/p>\n\n\n\n<blockquote class=\"wp-block-quote is-layout-flow wp-block-quote-is-layout-flow\"><p>&nbsp;<\/p><p><em><strong>Vai ser a trag\u00e9dia do s\u00e9culo. N\u00f3s podemos causar nesse pa\u00eds um caos econ\u00f4mico muito maior a epidemia de coronav\u00edrus<\/strong><\/em>&nbsp;<\/p><\/blockquote>\n\n\n\n<p>Respons\u00e1vel pelo discurso que mais viralizou, o empres\u00e1rio Roberto Justus n\u00e3o disfar\u00e7ou o alinhamento com o discurso do presidente Bolsonaro e foi criticado em suas pr\u00f3prias redes sociais. \u201cNo Brasil, n\u00f3s temos aqui poucos casos ainda e temos, infelizmente, 25 mortos, mas 25 mortos para 210 milh\u00f5es de habitantes, de novo, \u00e9 um n\u00famero muito baixo. O que eu quero dizer com isso? Eu quero dizer que n\u00f3s estamos dando um tiro de canh\u00e3o para matar um p\u00e1ssaro. N\u00f3s estamos exagerando na dose\u201d, afirmou.<\/p>\n\n\n\n<p>Menos conhecido, Alexandre Guerra, fundador de uma rede de restaurantes, tentou intimidar seus empregados, com um v\u00eddeo publicado em suas redes sociais. \u201cVoc\u00ea que \u00e9 funcion\u00e1rio, que talvez esteja em casa numa boa, numa tranquilidade, curtindo um pouco esse home office, esse descanso for\u00e7ado, voc\u00ea j\u00e1 se deu conta de que, ao inv\u00e9s de estar com medo de pegar esse v\u00edrus, voc\u00ea deveria tamb\u00e9m estar com medo de perder o emprego? Ser\u00e1 que sua empresa tem condi\u00e7\u00f5es de segurar o seu sal\u00e1rio por 60, 90 dias? Voc\u00ea j\u00e1 pensou nisso?\u201d<\/p>\n\n\n\n<p>Nesta sexta-feira (27), o governador Jo\u00e3o Doria Jr, empres\u00e1rio e um dos articuladores do Grupo L\u00edderes Empresariais (LIDE), criticou o \u201cisolamento vertical\u201d proposto por Jair Bolsonaro. \u201cN\u00e3o \u00e9 racional, fazer pol\u00edtica com a sa\u00fade e a vida das pessoas. \u00c9 racional sim, ter atitudes corretas, honestas, humanit\u00e1rias e solid\u00e1rias. Hoje, mais de 50 pa\u00edses est\u00e3o em quarentena, lutando contra uma pandemia, quase a metade do planeta est\u00e1 recolhida em casa. O mundo inteiro est\u00e1 errado e o \u00fanico certo \u00e9 o presidente Jair Bolsonaro? O mundo est\u00e1 errado e um dirigente est\u00e1 certo? Reflitam sobre isso.\u201d<\/p>\n\n\n\n<p>Edi\u00e7\u00e3o: Rodrigo Chagas<\/p>\n","protected":false},"excerpt":{"rendered":"<p>Manifesta\u00e7\u00f5es foram registradas no pa\u00eds pedindo o fim da quarentena. Doria chama empres\u00e1rios de &#8220;irrespons\u00e1veis&#8221;&nbsp;<\/p>\n","protected":false},"author":1,"featured_media":0,"comment_status":"closed","ping_status":"open","sticky":false,"template":"","format":"standard","meta":{"_exactmetrics_skip_tracking":false,"_exactmetrics_sitenote_active":false,"_exactmetrics_sitenote_note":"","_exactmetrics_sitenote_category":0,"jetpack_post_was_ever_published":false,"_jetpack_newsletter_access":"","_jetpack_dont_email_post_to_subs":false,"_jetpack_newsletter_tier_id":0,"_jetpack_memberships_contains_paywalled_content":false,"_jetpack_memberships_contains_paid_content":false,"footnotes":"","jetpack_publicize_message":"","jetpack_publicize_feature_enabled":true,"jetpack_social_post_already_shared":true,"jetpack_social_options":{"image_generator_settings":{"template":"highway","enabled":false},"version":2}},"categories":[1],"tags":[],"class_list":["post-27189","post","type-post","status-publish","format-standard","hentry","category-notas"],"jetpack_publicize_connections":[],"jetpack_sharing_enabled":true,"jetpack_featured_media_url":"","jetpack_shortlink":"https:\/\/wp.me\/p7wKYW-74x","jetpack-related-posts":[],"_links":{"self":[{"href":"http:\/\/blogdalucianaoliveira.com.br\/blog\/wp-json\/wp\/v2\/posts\/27189","targetHints":{"allow":["GET"]}}],"collection":[{"href":"http:\/\/blogdalucianaoliveira.com.br\/blog\/wp-json\/wp\/v2\/posts"}],"about":[{"href":"http:\/\/blogdalucianaoliveira.com.br\/blog\/wp-json\/wp\/v2\/types\/post"}],"author":[{"embeddable":true,"href":"http:\/\/blogdalucianaoliveira.com.br\/blog\/wp-json\/wp\/v2\/users\/1"}],"replies":[{"embeddable":true,"href":"http:\/\/blogdalucianaoliveira.com.br\/blog\/wp-json\/wp\/v2\/comments?post=27189"}],"version-history":[{"count":1,"href":"http:\/\/blogdalucianaoliveira.com.br\/blog\/wp-json\/wp\/v2\/posts\/27189\/revisions"}],"predecessor-version":[{"id":27191,"href":"http:\/\/blogdalucianaoliveira.com.br\/blog\/wp-json\/wp\/v2\/posts\/27189\/revisions\/27191"}],"wp:attachment":[{"href":"http:\/\/blogdalucianaoliveira.com.br\/blog\/wp-json\/wp\/v2\/media?parent=27189"}],"wp:term":[{"taxonomy":"category","embeddable":true,"href":"http:\/\/blogdalucianaoliveira.com.br\/blog\/wp-json\/wp\/v2\/categories?post=27189"},{"taxonomy":"post_tag","embeddable":true,"href":"http:\/\/blogdalucianaoliveira.com.br\/blog\/wp-json\/wp\/v2\/tags?post=27189"}],"curies":[{"name":"wp","href":"https:\/\/api.w.org\/{rel}","templated":true}]}}