{"id":27192,"date":"2020-03-28T07:44:19","date_gmt":"2020-03-28T11:44:19","guid":{"rendered":"http:\/\/blogdalucianaoliveira.com.br\/blog\/?p=27192"},"modified":"2020-03-28T07:44:26","modified_gmt":"2020-03-28T11:44:26","slug":"bolsonaro-e-noblat-tem-bate-boca-virtual-e-gabinete-do-odio-pede-jornalista-na-cadeia","status":"publish","type":"post","link":"http:\/\/blogdalucianaoliveira.com.br\/blog\/2020\/03\/28\/bolsonaro-e-noblat-tem-bate-boca-virtual-e-gabinete-do-odio-pede-jornalista-na-cadeia\/","title":{"rendered":"Bolsonaro e Noblat t\u00eam bate-boca virtual e gabinete do \u00f3dio pede jornalista na cadeia"},"content":{"rendered":"\n<figure class=\"wp-block-image size-large\"><img data-recalc-dims=\"1\" loading=\"lazy\" decoding=\"async\" width=\"500\" height=\"240\" data-attachment-id=\"27193\" data-permalink=\"http:\/\/blogdalucianaoliveira.com.br\/blog\/2020\/03\/28\/bolsonaro-e-noblat-tem-bate-boca-virtual-e-gabinete-do-odio-pede-jornalista-na-cadeia\/image-87-3\/\" data-orig-file=\"https:\/\/i0.wp.com\/blogdalucianaoliveira.com.br\/blog\/wp-content\/uploads\/2020\/03\/image-87.jpeg?fit=500%2C240\" data-orig-size=\"500,240\" data-comments-opened=\"0\" data-image-meta=\"{&quot;aperture&quot;:&quot;0&quot;,&quot;credit&quot;:&quot;&quot;,&quot;camera&quot;:&quot;&quot;,&quot;caption&quot;:&quot;&quot;,&quot;created_timestamp&quot;:&quot;0&quot;,&quot;copyright&quot;:&quot;&quot;,&quot;focal_length&quot;:&quot;0&quot;,&quot;iso&quot;:&quot;0&quot;,&quot;shutter_speed&quot;:&quot;0&quot;,&quot;title&quot;:&quot;&quot;,&quot;orientation&quot;:&quot;0&quot;}\" data-image-title=\"image-87\" data-image-description=\"\" data-image-caption=\"\" data-medium-file=\"https:\/\/i0.wp.com\/blogdalucianaoliveira.com.br\/blog\/wp-content\/uploads\/2020\/03\/image-87.jpeg?fit=300%2C144\" data-large-file=\"https:\/\/i0.wp.com\/blogdalucianaoliveira.com.br\/blog\/wp-content\/uploads\/2020\/03\/image-87.jpeg?fit=500%2C240\" src=\"https:\/\/i0.wp.com\/blogdalucianaoliveira.com.br\/blog\/wp-content\/uploads\/2020\/03\/image-87.jpeg?resize=500%2C240\" alt=\"\" class=\"wp-image-27193\" srcset=\"https:\/\/i0.wp.com\/blogdalucianaoliveira.com.br\/blog\/wp-content\/uploads\/2020\/03\/image-87.jpeg?w=500 500w, https:\/\/i0.wp.com\/blogdalucianaoliveira.com.br\/blog\/wp-content\/uploads\/2020\/03\/image-87.jpeg?resize=300%2C144 300w\" sizes=\"auto, (max-width: 500px) 100vw, 500px\" \/><\/figure>\n\n\n\n<p><strong>Revista Forum &#8211;<\/strong>\u00a0O jornalista Ricardo Noblat postou um tu\u00edte, nesta sexta-feira (28), onde diz que \u201cdo jeito que v\u00e3o as coisas, cuide-se Bolsonaro para que n\u00e3o apare\u00e7a outro louco como o Ad\u00e9lio\u201d.<\/p>\n\n\n\n<!--more-->\n\n\n\n<p>O presidente Jair Bolsonaro (Sem Partido-RJ) respondeu logo a seguir: \u201cQue Deus lhe d\u00ea em dobro tudo aquilo que deseja para mim. Am\u00e9m!\u201d<\/p>\n\n\n\n<p>O gabinete do \u00f3dio n\u00e3o perdeu tempo e levantou a hashtag #NoblatNaCadeiaJa, que amanheceu neste s\u00e1bado em primeiro lugar entre os assuntos mais comentados do Twitter.<\/p>\n","protected":false},"excerpt":{"rendered":"<p>Revista Forum &#8211;\u00a0O jornalista Ricardo Noblat postou um tu\u00edte, nesta sexta-feira (28), onde diz que \u201cdo jeito que v\u00e3o as coisas, cuide-se Bolsonaro para que n\u00e3o apare\u00e7a outro louco como o Ad\u00e9lio\u201d.<\/p>\n","protected":false},"author":1,"featured_media":0,"comment_status":"closed","ping_status":"open","sticky":false,"template":"","format":"standard","meta":{"_exactmetrics_skip_tracking":false,"_exactmetrics_sitenote_active":false,"_exactmetrics_sitenote_note":"","_exactmetrics_sitenote_category":0,"jetpack_post_was_ever_published":false,"_jetpack_newsletter_access":"","_jetpack_dont_email_post_to_subs":false,"_jetpack_newsletter_tier_id":0,"_jetpack_memberships_contains_paywalled_content":false,"_jetpack_memberships_contains_paid_content":false,"footnotes":"","jetpack_publicize_message":"","jetpack_publicize_feature_enabled":true,"jetpack_social_post_already_shared":true,"jetpack_social_options":{"image_generator_settings":{"template":"highway","enabled":false},"version":2}},"categories":[1],"tags":[],"class_list":["post-27192","post","type-post","status-publish","format-standard","hentry","category-notas"],"jetpack_publicize_connections":[],"jetpack_sharing_enabled":true,"jetpack_featured_media_url":"","jetpack_shortlink":"https:\/\/wp.me\/p7wKYW-74A","jetpack-related-posts":[],"_links":{"self":[{"href":"http:\/\/blogdalucianaoliveira.com.br\/blog\/wp-json\/wp\/v2\/posts\/27192","targetHints":{"allow":["GET"]}}],"collection":[{"href":"http:\/\/blogdalucianaoliveira.com.br\/blog\/wp-json\/wp\/v2\/posts"}],"about":[{"href":"http:\/\/blogdalucianaoliveira.com.br\/blog\/wp-json\/wp\/v2\/types\/post"}],"author":[{"embeddable":true,"href":"http:\/\/blogdalucianaoliveira.com.br\/blog\/wp-json\/wp\/v2\/users\/1"}],"replies":[{"embeddable":true,"href":"http:\/\/blogdalucianaoliveira.com.br\/blog\/wp-json\/wp\/v2\/comments?post=27192"}],"version-history":[{"count":1,"href":"http:\/\/blogdalucianaoliveira.com.br\/blog\/wp-json\/wp\/v2\/posts\/27192\/revisions"}],"predecessor-version":[{"id":27194,"href":"http:\/\/blogdalucianaoliveira.com.br\/blog\/wp-json\/wp\/v2\/posts\/27192\/revisions\/27194"}],"wp:attachment":[{"href":"http:\/\/blogdalucianaoliveira.com.br\/blog\/wp-json\/wp\/v2\/media?parent=27192"}],"wp:term":[{"taxonomy":"category","embeddable":true,"href":"http:\/\/blogdalucianaoliveira.com.br\/blog\/wp-json\/wp\/v2\/categories?post=27192"},{"taxonomy":"post_tag","embeddable":true,"href":"http:\/\/blogdalucianaoliveira.com.br\/blog\/wp-json\/wp\/v2\/tags?post=27192"}],"curies":[{"name":"wp","href":"https:\/\/api.w.org\/{rel}","templated":true}]}}