{"id":27198,"date":"2020-03-29T20:10:36","date_gmt":"2020-03-30T00:10:36","guid":{"rendered":"http:\/\/blogdalucianaoliveira.com.br\/blog\/?p=27198"},"modified":"2020-03-29T20:10:40","modified_gmt":"2020-03-30T00:10:40","slug":"um-dia-apos-mandetta-enfatizar-isolamento-social-bolsonaro-passeia-pelo-comercio-de-brasilia","status":"publish","type":"post","link":"http:\/\/blogdalucianaoliveira.com.br\/blog\/2020\/03\/29\/um-dia-apos-mandetta-enfatizar-isolamento-social-bolsonaro-passeia-pelo-comercio-de-brasilia\/","title":{"rendered":"Um dia ap\u00f3s Mandetta enfatizar isolamento social, Bolsonaro passeia pelo com\u00e9rcio de Bras\u00edlia"},"content":{"rendered":"\n<figure class=\"wp-block-image\"><img data-recalc-dims=\"1\" decoding=\"async\" src=\"https:\/\/i0.wp.com\/s02.video.glbimg.com\/x720\/8441141.jpg?w=600&#038;ssl=1\" alt=\"Bolsonaro volta a contrariar recomenda\u00e7\u00f5es do Minist\u00e9rio da Sa\u00fade\"\/><\/figure>\n\n\n\n<p>G1 &#8211; Um dia depois de o ministro da Sa\u00fade, Luiz Henrique Mandetta, dizer que as\u00a0<a href=\"https:\/\/g1.globo.com\/bemestar\/coronavirus\/noticia\/2020\/03\/28\/se-a-gente-sair-andando-todo-mundo-de-uma-vez-vai-faltar-pro-rico-pro-pobre-diz-ministro-da-saude.ghtml\">pessoas devem permanecer em casa<\/a>, em isolamento social, para evitar a dissemina\u00e7\u00e3o do coronav\u00edrus, o presidente Jair Bolsonaro saiu de carro da resid\u00eancia oficial do Pal\u00e1cio da Alvorada, na manh\u00e3 deste domingo (29), para fazer um passeio por Bras\u00edlia.\u00a0<\/p>\n\n\n\n<!--more-->\n\n\n\n<p>Ele foi a uma farm\u00e1cia e a uma padaria no bairro Sudoeste, em Bras\u00edlia, depois ao Hospital das For\u00e7as Armadas e ao centro de Ceil\u00e2ndia, uma das regi\u00f5es administrativas do Distrito Federal.\u00a0<br><br><\/p>\n\n\n\n<p>Nas ruas, a presen\u00e7a do presidente provocou pequenas aglomera\u00e7\u00f5es, contrariando as recomenda\u00e7\u00f5es do Minist\u00e9rio da Sa\u00fade e da Organiza\u00e7\u00e3o Mundial de Sa\u00fade (OMS).&nbsp;<\/p>\n\n\n\n<p>No Sudoeste, ouviu grito de &#8220;Abre o com\u00e9rcio, presidente&#8221;. Uma mulher fez um apelo por isolamento. &#8220;Isolamento para n\u00f3s, hein? Sem isolamento, a gente n\u00e3o vai conseguir&#8221;. Outros desejaram boa sorte. &#8220;Presidente, Deus te ilumine&#8221;.&nbsp;<\/p>\n\n\n\n<p>Do Sudoeste, Bolsonaro seguiu para o Hospital das For\u00e7as Armadas. Na sa\u00edda, se aproximou de pessoas e fez fotos, juntando o rosto ao de apoiadores que o aguardavam do lado de fora.&nbsp;<\/p>\n\n\n\n<p>&#8220;Passei por l\u00e1 tamb\u00e9m para ver como estava o fluxo de pessoas porventura chegando&#8221;, afirmou Bolsonaro ao retornar do passeio, sobre a visita ao hospital. Ele n\u00e3o quis responder ao ser indagado se fez exame. &#8220;Que pergunta, meu Deus do c\u00e9u. Outra pergunta&#8221;, disse.&nbsp;<\/p>\n\n\n\n<p>Em seguida, foi ao centro de Ceil\u00e2ndia, onde uma aglomera\u00e7\u00e3o maior se juntou. Alguns populares aparentemente eram maiores de 60 anos, grupo mais vulner\u00e1vel ao cont\u00e1gio do novo coronav\u00edrus.&nbsp;<\/p>\n\n\n\n<p>O presidente parou para conversar com um ambulante que vende espetinhos de churrasco. O v\u00eddeo com a grava\u00e7\u00e3o da conversa foi postado na p\u00e1gina de uma das redes sociais do presidente.&nbsp;<\/p>\n\n\n\n<p>Decreto do \u00faltimo dia 19 do governador Ibaneis Rocha (MDB),&nbsp;<a href=\"https:\/\/g1.globo.com\/df\/distrito-federal\/noticia\/2020\/03\/19\/ibaneis-decreta-fechamento-de-lojas-bares-restaurantes-e-proibe-cultos-e-missas-no-df-devido-ao-coronavirus.ghtml\">determinou o fechamento at\u00e9 o pr\u00f3ximo dia 5<\/a>&nbsp;de lojas, bares, restaurantes e a proibi\u00e7\u00e3o de cultos e missas no Distrito Federal devido ao coronav\u00edrus. Escolas tamb\u00e9m est\u00e3o com as atividades suspensas. De acordo com o decreto, podem se manter em funcionamento cl\u00ednicas m\u00e9dicas, laborat\u00f3rios, farm\u00e1cias, postos de gasolina, mercados, lojas de material de constru\u00e7\u00e3o e padarias.&nbsp;<\/p>\n\n\n\n<p>Sob o argumento de que as rea\u00e7\u00f5es \u00e0 crise s\u00e3o motivadas por &#8220;histeria&#8221; e &#8220;p\u00e2nico&#8221;,&nbsp;<a href=\"https:\/\/g1.globo.com\/politica\/noticia\/2020\/03\/17\/bolsonaro-volta-a-falar-em-histeria-e-diz-que-acoes-de-governadores-sobre-isolamento-prejudicam-a-economia.ghtml\">Bolsonaro vem defendendo a reabertura do com\u00e9rcio&nbsp;<\/a>e de escolas, embora o Minist\u00e9rio da Sa\u00fade tenha posi\u00e7\u00e3o contr\u00e1ria. O fechamento desses estabelecimentos \u00e9 medida recomendada por especialistas como forma de conter a dissemina\u00e7\u00e3o do coronav\u00edrus.&nbsp;<\/p>\n\n\n\n<p>No s\u00e1bado (28), Bolsonaro fez uma&nbsp;<a href=\"https:\/\/g1.globo.com\/politica\/blog\/andreia-sadi\/post\/2020\/03\/29\/mandetta-diz-a-bolsonaro-que-enquanto-for-ministro-vai-contraria-lo-se-orientacao-nao-for-tecnica.ghtml\">reuni\u00e3o com Luiz Henrique Mandetta<\/a>&nbsp;e outros ministros no Pal\u00e1cio da Alvorada a fim de discutir medidas contra a crise do coronav\u00edrus. No mesmo dia, uma&nbsp;<a href=\"https:\/\/g1.globo.com\/politica\/noticia\/2020\/03\/28\/juiza-do-rio-proibe-governo-federal-de-veicular-campanha-publicitaria-o-brasil-nao-pode-parar.ghtml\">ju\u00edza do Rio de Janeiro proibiu a veicula\u00e7\u00e3o da propaganda<\/a>&nbsp;&#8220;O Brasil n\u00e3o pode parar&#8221;, registrada em uma das p\u00e1ginas de redes sociais do governo e cujo v\u00eddeo foi compartilhado por parlamentares bolsonaristas. Segundo a Secret\u00e1ria de Comunica\u00e7\u00e3o da Presid\u00eancia, o v\u00eddeo era de &#8220;car\u00e1ter experimental&#8221; e n\u00e3o existe uma campanha publicit\u00e1ria sobre o assunto.<\/p>\n","protected":false},"excerpt":{"rendered":"<p>G1 &#8211; Um dia depois de o ministro da Sa\u00fade, Luiz Henrique Mandetta, dizer que as\u00a0pessoas devem permanecer em casa, em isolamento social, para evitar a dissemina\u00e7\u00e3o do coronav\u00edrus, o presidente Jair Bolsonaro saiu de carro da resid\u00eancia oficial do Pal\u00e1cio da Alvorada, na manh\u00e3 deste domingo (29), para fazer um passeio por Bras\u00edlia.\u00a0<\/p>\n","protected":false},"author":1,"featured_media":0,"comment_status":"closed","ping_status":"open","sticky":false,"template":"","format":"standard","meta":{"_exactmetrics_skip_tracking":false,"_exactmetrics_sitenote_active":false,"_exactmetrics_sitenote_note":"","_exactmetrics_sitenote_category":0,"jetpack_post_was_ever_published":false,"_jetpack_newsletter_access":"","_jetpack_dont_email_post_to_subs":false,"_jetpack_newsletter_tier_id":0,"_jetpack_memberships_contains_paywalled_content":false,"_jetpack_memberships_contains_paid_content":false,"footnotes":"","jetpack_publicize_message":"","jetpack_publicize_feature_enabled":true,"jetpack_social_post_already_shared":true,"jetpack_social_options":{"image_generator_settings":{"template":"highway","enabled":false},"version":2}},"categories":[1],"tags":[],"class_list":["post-27198","post","type-post","status-publish","format-standard","hentry","category-notas"],"jetpack_publicize_connections":[],"jetpack_sharing_enabled":true,"jetpack_featured_media_url":"","jetpack_shortlink":"https:\/\/wp.me\/p7wKYW-74G","jetpack-related-posts":[],"_links":{"self":[{"href":"http:\/\/blogdalucianaoliveira.com.br\/blog\/wp-json\/wp\/v2\/posts\/27198","targetHints":{"allow":["GET"]}}],"collection":[{"href":"http:\/\/blogdalucianaoliveira.com.br\/blog\/wp-json\/wp\/v2\/posts"}],"about":[{"href":"http:\/\/blogdalucianaoliveira.com.br\/blog\/wp-json\/wp\/v2\/types\/post"}],"author":[{"embeddable":true,"href":"http:\/\/blogdalucianaoliveira.com.br\/blog\/wp-json\/wp\/v2\/users\/1"}],"replies":[{"embeddable":true,"href":"http:\/\/blogdalucianaoliveira.com.br\/blog\/wp-json\/wp\/v2\/comments?post=27198"}],"version-history":[{"count":3,"href":"http:\/\/blogdalucianaoliveira.com.br\/blog\/wp-json\/wp\/v2\/posts\/27198\/revisions"}],"predecessor-version":[{"id":27201,"href":"http:\/\/blogdalucianaoliveira.com.br\/blog\/wp-json\/wp\/v2\/posts\/27198\/revisions\/27201"}],"wp:attachment":[{"href":"http:\/\/blogdalucianaoliveira.com.br\/blog\/wp-json\/wp\/v2\/media?parent=27198"}],"wp:term":[{"taxonomy":"category","embeddable":true,"href":"http:\/\/blogdalucianaoliveira.com.br\/blog\/wp-json\/wp\/v2\/categories?post=27198"},{"taxonomy":"post_tag","embeddable":true,"href":"http:\/\/blogdalucianaoliveira.com.br\/blog\/wp-json\/wp\/v2\/tags?post=27198"}],"curies":[{"name":"wp","href":"https:\/\/api.w.org\/{rel}","templated":true}]}}