{"id":27205,"date":"2020-03-29T21:13:04","date_gmt":"2020-03-30T01:13:04","guid":{"rendered":"http:\/\/blogdalucianaoliveira.com.br\/blog\/?p=27205"},"modified":"2020-03-29T21:13:13","modified_gmt":"2020-03-30T01:13:13","slug":"governadores-se-dizem-indignados-e-prometem-reagir-a-eventual-decreto-de-bolsonaro","status":"publish","type":"post","link":"http:\/\/blogdalucianaoliveira.com.br\/blog\/2020\/03\/29\/governadores-se-dizem-indignados-e-prometem-reagir-a-eventual-decreto-de-bolsonaro\/","title":{"rendered":"Governadores se dizem indignados e prometem reagir a eventual decreto de Bolsonaro"},"content":{"rendered":"\n<figure class=\"wp-block-image size-large\"><img data-recalc-dims=\"1\" loading=\"lazy\" decoding=\"async\" width=\"600\" height=\"400\" data-attachment-id=\"27206\" data-permalink=\"http:\/\/blogdalucianaoliveira.com.br\/blog\/2020\/03\/29\/governadores-se-dizem-indignados-e-prometem-reagir-a-eventual-decreto-de-bolsonaro\/image-90-3\/\" data-orig-file=\"https:\/\/i0.wp.com\/blogdalucianaoliveira.com.br\/blog\/wp-content\/uploads\/2020\/03\/image-90.jpeg?fit=1024%2C683\" data-orig-size=\"1024,683\" data-comments-opened=\"0\" data-image-meta=\"{&quot;aperture&quot;:&quot;0&quot;,&quot;credit&quot;:&quot;&quot;,&quot;camera&quot;:&quot;&quot;,&quot;caption&quot;:&quot;&quot;,&quot;created_timestamp&quot;:&quot;0&quot;,&quot;copyright&quot;:&quot;&quot;,&quot;focal_length&quot;:&quot;0&quot;,&quot;iso&quot;:&quot;0&quot;,&quot;shutter_speed&quot;:&quot;0&quot;,&quot;title&quot;:&quot;&quot;,&quot;orientation&quot;:&quot;0&quot;}\" data-image-title=\"image-90\" data-image-description=\"\" data-image-caption=\"\" data-medium-file=\"https:\/\/i0.wp.com\/blogdalucianaoliveira.com.br\/blog\/wp-content\/uploads\/2020\/03\/image-90.jpeg?fit=300%2C200\" data-large-file=\"https:\/\/i0.wp.com\/blogdalucianaoliveira.com.br\/blog\/wp-content\/uploads\/2020\/03\/image-90.jpeg?fit=600%2C400\" src=\"https:\/\/i0.wp.com\/blogdalucianaoliveira.com.br\/blog\/wp-content\/uploads\/2020\/03\/image-90.jpeg?resize=600%2C400\" alt=\"\" class=\"wp-image-27206\" srcset=\"https:\/\/i0.wp.com\/blogdalucianaoliveira.com.br\/blog\/wp-content\/uploads\/2020\/03\/image-90.jpeg?w=1024 1024w, https:\/\/i0.wp.com\/blogdalucianaoliveira.com.br\/blog\/wp-content\/uploads\/2020\/03\/image-90.jpeg?resize=300%2C200 300w, https:\/\/i0.wp.com\/blogdalucianaoliveira.com.br\/blog\/wp-content\/uploads\/2020\/03\/image-90.jpeg?resize=768%2C512 768w, https:\/\/i0.wp.com\/blogdalucianaoliveira.com.br\/blog\/wp-content\/uploads\/2020\/03\/image-90.jpeg?resize=450%2C300 450w\" sizes=\"auto, (max-width: 600px) 100vw, 600px\" \/><\/figure>\n\n\n\n<p>Presidente disse neste domingo que gostaria de editar medida para reabrir o com\u00e9rcio pelo pa\u00eds.<\/p>\n\n\n\n<!--more-->\n\n\n\n<p><strong><a href=\"https:\/\/www1.folha.uol.com.br\/autores\/renato-onofre.shtml\">Renato Onofre<\/a><a href=\"https:\/\/www1.folha.uol.com.br\/autores\/talita-fernandes.shtml\"> <\/a><\/strong> e <strong><a href=\"https:\/\/www1.folha.uol.com.br\/autores\/talita-fernandes.shtml\">Talita Fernandes<\/a><\/strong> &#8211; FSP<\/p>\n\n\n\n<p>Governadores estudam acionar a Justi\u00e7a se o presidente Jair Bolsonaro cumprir a sua vontade e assinar um decreto para liberar setores da economia a voltarem a funcionar.<\/p>\n\n\n\n<p><a href=\"https:\/\/www1.folha.uol.com.br\/poder\/2020\/03\/apos-ignorar-ministro-bolsonaro-diz-ter-vontade-de-baixar-decreto-para-populacao-poder-trabalhar.shtml\">Bolsonaro disse<\/a>&nbsp;neste domingo (29) que pensa em liberar a volta ao trabalho para quem precisa.<\/p>\n\n\n\n<p>Os mandat\u00e1rios estaduais se disseram indignados com a atitude do presidente, que neste domingo contrariou a orienta\u00e7\u00e3o do Minist\u00e9rio da Sa\u00fade e circulou por Bras\u00edlia cumprimentando apoiadores.<\/p>\n\n\n\n<p>A avalia\u00e7\u00e3o feita em um grupo de WhatsApp com governadores do Nordeste \u00e9 que o presidente continua &#8220;inflando&#8221; o inc\u00eandio em vez de sentar \u00e0 mesa e liderar o pa\u00eds frente aos desafios da pandemia.<\/p>\n\n\n\n<p>&#8220;Ele tem que parar de fazer pol\u00edtica, parar de fazer intriga e assumir a fun\u00e7\u00e3o que a maioria do povo lhe deu de presidente da Rep\u00fablica. Cabe ao governo federal liderar esse processo e n\u00e3o ficar alimentando crise&#8221;, afirmou o governador da Bahia, Rui Costa (PT).<\/p>\n\n\n\n<p>Costa disse que os estados v\u00e3o continuar acionando a Justi\u00e7a caso&nbsp;<a href=\"https:\/\/www1.folha.uol.com.br\/poder\/2020\/03\/entenda-os-limites-de-bolsonaro-para-controlar-acoes-de-estados-e-municipios.shtml\">alguma medida do governo<\/a>&nbsp;ponha em risco a popula\u00e7\u00e3o.<\/p>\n\n\n\n<p>&#8220;N\u00e3o vamos permitir&#8221;, afirmou. &#8220;O que os governadores querem \u00e9 que o presidente assuma suas responsabilidades de coordenar as a\u00e7\u00f5es de sa\u00fade p\u00fablica para salvar vidas humanas.&#8221;<\/p>\n\n\n\n<p>&#8220;Parece que todos n\u00f3s estamos vivendo um grande pesadelo e o presidente brincando&#8221;, conclui.<\/p>\n\n\n\n<p>A mesma posi\u00e7\u00e3o foi adotada pelo governador do Par\u00e1, Helder Barbalho (MDB). &#8220;Aqui, n\u00e3o vamos recuar. Se for necess\u00e1rio, iremos at\u00e9 \u00e0 Justi\u00e7a&#8221;.<\/p>\n\n\n\n<p>Outros dois governadores tamb\u00e9m se mostraram indignados com o presidente. Paulo C\u00e2mara (PSB), de Pernambuco, disse ser \u201ctotalmente contra\u201d a medida estudada pelo presidente. O governador do&nbsp;<a href=\"https:\/\/www1.folha.uol.com.br\/folha-topicos\/espirito-santo-estado\/\">Esp\u00edrito Santo,<\/a>&nbsp;Renato Casagrande (PSB), tamb\u00e9m criticou.<\/p>\n\n\n\n<p>&#8220;Que ele assuma as responsabilidades&#8221;, disse, sobre a possibilidade de se agravar a pandemia no pa\u00eds.<\/p>\n\n\n\n<p>O governador do Rio,\u00a0<a href=\"https:\/\/www1.folha.uol.com.br\/poder\/2020\/03\/ministro-confunde-e-bolsonaro-tem-que-voltar-a-tv-e-desfazer-o-que-fez-diz-witzel.shtml\">Wilson Witzel (PSC),<\/a>tamb\u00e9m reagiu \u00e0s declara\u00e7\u00f5es do presidente. &#8220;Amanh\u00e3, segunda-feira, 30 de mar\u00e7o, assino decreto renovando as medidas restritivas. Essa decis\u00e3o \u00e9 baseada na avalia\u00e7\u00e3o da OMS [Organiza\u00e7\u00e3o Mundial de Sa\u00fade] e das autoridades sanit\u00e1rias. N\u00e3o desafie o coronav\u00edrus. N\u00e3o siga atitudes impensadas e descoladas da realidade&#8221;, disse, em postagem nas redes sociais.<\/p>\n\n\n\n<figure class=\"wp-block-image size-large\"><img data-recalc-dims=\"1\" loading=\"lazy\" decoding=\"async\" width=\"600\" height=\"400\" data-attachment-id=\"27207\" data-permalink=\"http:\/\/blogdalucianaoliveira.com.br\/blog\/2020\/03\/29\/governadores-se-dizem-indignados-e-prometem-reagir-a-eventual-decreto-de-bolsonaro\/image-91-3\/\" data-orig-file=\"https:\/\/i0.wp.com\/blogdalucianaoliveira.com.br\/blog\/wp-content\/uploads\/2020\/03\/image-91.jpeg?fit=1024%2C682\" data-orig-size=\"1024,682\" data-comments-opened=\"0\" data-image-meta=\"{&quot;aperture&quot;:&quot;0&quot;,&quot;credit&quot;:&quot;&quot;,&quot;camera&quot;:&quot;&quot;,&quot;caption&quot;:&quot;&quot;,&quot;created_timestamp&quot;:&quot;0&quot;,&quot;copyright&quot;:&quot;&quot;,&quot;focal_length&quot;:&quot;0&quot;,&quot;iso&quot;:&quot;0&quot;,&quot;shutter_speed&quot;:&quot;0&quot;,&quot;title&quot;:&quot;&quot;,&quot;orientation&quot;:&quot;0&quot;}\" data-image-title=\"image-91\" data-image-description=\"\" data-image-caption=\"\" data-medium-file=\"https:\/\/i0.wp.com\/blogdalucianaoliveira.com.br\/blog\/wp-content\/uploads\/2020\/03\/image-91.jpeg?fit=300%2C200\" data-large-file=\"https:\/\/i0.wp.com\/blogdalucianaoliveira.com.br\/blog\/wp-content\/uploads\/2020\/03\/image-91.jpeg?fit=600%2C400\" src=\"https:\/\/i0.wp.com\/blogdalucianaoliveira.com.br\/blog\/wp-content\/uploads\/2020\/03\/image-91.jpeg?resize=600%2C400\" alt=\"\" class=\"wp-image-27207\" srcset=\"https:\/\/i0.wp.com\/blogdalucianaoliveira.com.br\/blog\/wp-content\/uploads\/2020\/03\/image-91.jpeg?w=1024 1024w, https:\/\/i0.wp.com\/blogdalucianaoliveira.com.br\/blog\/wp-content\/uploads\/2020\/03\/image-91.jpeg?resize=300%2C200 300w, https:\/\/i0.wp.com\/blogdalucianaoliveira.com.br\/blog\/wp-content\/uploads\/2020\/03\/image-91.jpeg?resize=768%2C512 768w, https:\/\/i0.wp.com\/blogdalucianaoliveira.com.br\/blog\/wp-content\/uploads\/2020\/03\/image-91.jpeg?resize=450%2C300 450w\" sizes=\"auto, (max-width: 600px) 100vw, 600px\" \/><\/figure>\n\n\n\n<p>Witzel pediu que as pessoas n\u00e3o se orientem por &#8220;irrespons\u00e1veis&#8221;.<\/p>\n\n\n\n<p>\u200b&#8221;Olhe o que aconteceu nos pa\u00edses nos quais as pessoas n\u00e3o acreditaram nas consequ\u00eancias desse v\u00edrus. N\u00e3o se oriente por a\u00e7\u00f5es irrespons\u00e1veis de quem quer que seja. Mantenha-se em casa. Os fluminenses podem ter certeza de que vamos, juntos, vencer essa doen\u00e7a&#8221;, disse.<\/p>\n\n\n\n<p>O governador do Rio j\u00e1 orientou sua assessoria jur\u00eddica a recorrer de toda decis\u00e3o que v\u00e1 contra as medidas restritivas implementadas no Rio.<\/p>\n\n\n\n<p>A&nbsp;<strong>Folha<\/strong>&nbsp;ouviu tamb\u00e9m, de maneira reservada, um governador da regi\u00e3o Sul do pa\u00eds, que disse esperar que o presidente recue da medida e que vai manter as restri\u00e7\u00f5es em seu estado, mesmo que para isso tenha que acionar o Judici\u00e1rio.<\/p>\n\n\n\n<p>Bolsonaro disse ao chegar no Pal\u00e1cio do Alvorada, ap\u00f3s passear por Bras\u00edlia, que estuda um novo decreto.<\/p>\n\n\n\n<p>&#8220;Eu estou com vontade, n\u00e3o sei se eu vou fazer, de baixar um decreto amanh\u00e3: toda e qualquer profiss\u00e3o legalmente existente ou aquela que \u00e9 voltada para a informalidade, se for necess\u00e1ria para levar o sustento para os seus filhos, para levar leite para seus filhos, para levar arroz e feij\u00e3o para casa, vai poder trabalhar&#8221;, afirmou.<\/p>\n\n\n\n<p>No s\u00e1bado, o presidente Jair Bolsonaro foi alertado pelo ministro do Supremo Tribunal Federal&nbsp;<a href=\"https:\/\/www1.folha.uol.com.br\/folha-topicos\/gilmar-mendes\/\">Gilmar Mendes<\/a>&nbsp;sobre o excesso de judicializa\u00e7\u00e3o. Quem tamb\u00e9m conversou com o presidente sobre o assunto foi o procurador-geral da Rep\u00fablica,&nbsp;<a href=\"https:\/\/www1.folha.uol.com.br\/folha-topicos\/augusto-aras\/\">Augusto Aras.<\/a><\/p>\n","protected":false},"excerpt":{"rendered":"<p>Presidente disse neste domingo que gostaria de editar medida para reabrir o com\u00e9rcio pelo pa\u00eds.<\/p>\n","protected":false},"author":1,"featured_media":0,"comment_status":"closed","ping_status":"open","sticky":false,"template":"","format":"standard","meta":{"_exactmetrics_skip_tracking":false,"_exactmetrics_sitenote_active":false,"_exactmetrics_sitenote_note":"","_exactmetrics_sitenote_category":0,"jetpack_post_was_ever_published":false,"_jetpack_newsletter_access":"","_jetpack_dont_email_post_to_subs":false,"_jetpack_newsletter_tier_id":0,"_jetpack_memberships_contains_paywalled_content":false,"_jetpack_memberships_contains_paid_content":false,"footnotes":"","jetpack_publicize_message":"","jetpack_publicize_feature_enabled":true,"jetpack_social_post_already_shared":true,"jetpack_social_options":{"image_generator_settings":{"template":"highway","enabled":false},"version":2}},"categories":[1],"tags":[],"class_list":["post-27205","post","type-post","status-publish","format-standard","hentry","category-notas"],"jetpack_publicize_connections":[],"jetpack_sharing_enabled":true,"jetpack_featured_media_url":"","jetpack_shortlink":"https:\/\/wp.me\/p7wKYW-74N","jetpack-related-posts":[],"_links":{"self":[{"href":"http:\/\/blogdalucianaoliveira.com.br\/blog\/wp-json\/wp\/v2\/posts\/27205","targetHints":{"allow":["GET"]}}],"collection":[{"href":"http:\/\/blogdalucianaoliveira.com.br\/blog\/wp-json\/wp\/v2\/posts"}],"about":[{"href":"http:\/\/blogdalucianaoliveira.com.br\/blog\/wp-json\/wp\/v2\/types\/post"}],"author":[{"embeddable":true,"href":"http:\/\/blogdalucianaoliveira.com.br\/blog\/wp-json\/wp\/v2\/users\/1"}],"replies":[{"embeddable":true,"href":"http:\/\/blogdalucianaoliveira.com.br\/blog\/wp-json\/wp\/v2\/comments?post=27205"}],"version-history":[{"count":1,"href":"http:\/\/blogdalucianaoliveira.com.br\/blog\/wp-json\/wp\/v2\/posts\/27205\/revisions"}],"predecessor-version":[{"id":27208,"href":"http:\/\/blogdalucianaoliveira.com.br\/blog\/wp-json\/wp\/v2\/posts\/27205\/revisions\/27208"}],"wp:attachment":[{"href":"http:\/\/blogdalucianaoliveira.com.br\/blog\/wp-json\/wp\/v2\/media?parent=27205"}],"wp:term":[{"taxonomy":"category","embeddable":true,"href":"http:\/\/blogdalucianaoliveira.com.br\/blog\/wp-json\/wp\/v2\/categories?post=27205"},{"taxonomy":"post_tag","embeddable":true,"href":"http:\/\/blogdalucianaoliveira.com.br\/blog\/wp-json\/wp\/v2\/tags?post=27205"}],"curies":[{"name":"wp","href":"https:\/\/api.w.org\/{rel}","templated":true}]}}