{"id":27214,"date":"2020-03-29T23:18:25","date_gmt":"2020-03-30T03:18:25","guid":{"rendered":"http:\/\/blogdalucianaoliveira.com.br\/blog\/?p=27214"},"modified":"2020-03-29T23:18:32","modified_gmt":"2020-03-30T03:18:32","slug":"washington-post-bolsonaro-esta-pondo-em-risco-o-brasil-ele-deve-sofrer-impeachment","status":"publish","type":"post","link":"http:\/\/blogdalucianaoliveira.com.br\/blog\/2020\/03\/29\/washington-post-bolsonaro-esta-pondo-em-risco-o-brasil-ele-deve-sofrer-impeachment\/","title":{"rendered":"Washington Post: \u201cBolsonaro est\u00e1 pondo em risco o Brasil. Ele deve sofrer impeachment\u201d"},"content":{"rendered":"\n<figure class=\"wp-block-image size-large\"><img data-recalc-dims=\"1\" loading=\"lazy\" decoding=\"async\" width=\"600\" height=\"358\" data-attachment-id=\"27215\" data-permalink=\"http:\/\/blogdalucianaoliveira.com.br\/blog\/2020\/03\/29\/washington-post-bolsonaro-esta-pondo-em-risco-o-brasil-ele-deve-sofrer-impeachment\/image-92-3\/\" data-orig-file=\"https:\/\/i0.wp.com\/blogdalucianaoliveira.com.br\/blog\/wp-content\/uploads\/2020\/03\/image-92.jpeg?fit=600%2C358\" data-orig-size=\"600,358\" data-comments-opened=\"0\" data-image-meta=\"{&quot;aperture&quot;:&quot;0&quot;,&quot;credit&quot;:&quot;&quot;,&quot;camera&quot;:&quot;&quot;,&quot;caption&quot;:&quot;&quot;,&quot;created_timestamp&quot;:&quot;0&quot;,&quot;copyright&quot;:&quot;&quot;,&quot;focal_length&quot;:&quot;0&quot;,&quot;iso&quot;:&quot;0&quot;,&quot;shutter_speed&quot;:&quot;0&quot;,&quot;title&quot;:&quot;&quot;,&quot;orientation&quot;:&quot;0&quot;}\" data-image-title=\"image-92\" data-image-description=\"\" data-image-caption=\"\" data-medium-file=\"https:\/\/i0.wp.com\/blogdalucianaoliveira.com.br\/blog\/wp-content\/uploads\/2020\/03\/image-92.jpeg?fit=300%2C179\" data-large-file=\"https:\/\/i0.wp.com\/blogdalucianaoliveira.com.br\/blog\/wp-content\/uploads\/2020\/03\/image-92.jpeg?fit=600%2C358\" src=\"https:\/\/i0.wp.com\/blogdalucianaoliveira.com.br\/blog\/wp-content\/uploads\/2020\/03\/image-92.jpeg?resize=600%2C358\" alt=\"\" class=\"wp-image-27215\" srcset=\"https:\/\/i0.wp.com\/blogdalucianaoliveira.com.br\/blog\/wp-content\/uploads\/2020\/03\/image-92.jpeg?w=600 600w, https:\/\/i0.wp.com\/blogdalucianaoliveira.com.br\/blog\/wp-content\/uploads\/2020\/03\/image-92.jpeg?resize=300%2C179 300w, https:\/\/i0.wp.com\/blogdalucianaoliveira.com.br\/blog\/wp-content\/uploads\/2020\/03\/image-92.jpeg?resize=503%2C300 503w\" sizes=\"auto, (max-width: 600px) 100vw, 600px\" \/><\/figure>\n\n\n\n<p><em>Do Washington Post, em artigo de Rosana Pinheiro Machado<\/em> &#8211; Enquanto o novo coronav\u00edrus se espalha no Brasil, o presidente Jair Bolsonaro demonstrou uma incapacidade alarmante de governar o pa\u00eds, minando a pandemia e os esfor\u00e7os para proteger e salvar vidas. E como resultado de seu comportamento irrespons\u00e1vel e divisivo, ele jogou o Brasil em uma profunda crise. Ele deve ser removido do cargo.<\/p>\n\n\n\n<!--more-->\n\n\n\n<p>Os brasileiros est\u00e3o sentindo muita ansiedade e n\u00e3o conseguem mais suportar essa falta de lideran\u00e7a. Durante semanas, eles protestaram de suas casas batendo em panelas e gritando \u201cBolsonaro fora\u201d de suas janelas. O apoio ao seu impeachment aumentou drasticamente, de acordo com o Atlas Politico, com quase metade da popula\u00e7\u00e3o apoiando sua remo\u00e7\u00e3o.<\/p>\n\n\n\n<p>Nos \u00faltimos dias, Bolsonaro contradiz seus pr\u00f3prios especialistas em sa\u00fade, chamando o auto-isolamento de \u201cconfinamento em massa\u201d e a covid-19 como \u201cum pouco de frio\u201d. Ele participou de um com\u00edcio e apertou a m\u00e3o dos apoiadores em 15 de mar\u00e7o, recebendo cr\u00edticas por incentivar grandes reuni\u00f5es. Ele tamb\u00e9m disse a seus seguidores, por meio de m\u00eddias sociais e canais oficiais, para assistir a uma manifesta\u00e7\u00e3o em 25 de mar\u00e7o em apoio \u00e0 sua administra\u00e7\u00e3o. E ele ignorou as recomenda\u00e7\u00f5es para praticar o distanciamento social depois que membros de sua pr\u00f3pria equipe deram positivo para o v\u00edrus.<\/p>\n\n\n\n<p>\u00c9 claro que Bolsonaro abandonou seu dever de proteger a popula\u00e7\u00e3o. Ele acha que o v\u00edrus mortal \u00e9 um truque da m\u00eddia. \u201cEles espalham a sensa\u00e7\u00e3o de pavor\u201d, disse ele em 24 de mar\u00e7o. \u201cO cen\u00e1rio perfeito a ser usado pela m\u00eddia para espalhar a histeria\u201d. (\u2026)<\/p>\n","protected":false},"excerpt":{"rendered":"<p>Do Washington Post, em artigo de Rosana Pinheiro Machado &#8211; Enquanto o novo coronav\u00edrus se espalha no Brasil, o presidente Jair Bolsonaro demonstrou uma incapacidade alarmante de governar o pa\u00eds, minando a pandemia e os esfor\u00e7os para proteger e salvar vidas. E como resultado de seu comportamento irrespons\u00e1vel e divisivo, ele jogou o Brasil em&#8230;<a class=\"more-link\" href=\"http:\/\/blogdalucianaoliveira.com.br\/blog\/2020\/03\/29\/washington-post-bolsonaro-esta-pondo-em-risco-o-brasil-ele-deve-sofrer-impeachment\/\">Continue a leitura <span class=\"meta-nav\">&raquo;<\/span><\/a><\/p>\n","protected":false},"author":1,"featured_media":0,"comment_status":"closed","ping_status":"open","sticky":false,"template":"","format":"standard","meta":{"_exactmetrics_skip_tracking":false,"_exactmetrics_sitenote_active":false,"_exactmetrics_sitenote_note":"","_exactmetrics_sitenote_category":0,"jetpack_post_was_ever_published":false,"_jetpack_newsletter_access":"","_jetpack_dont_email_post_to_subs":false,"_jetpack_newsletter_tier_id":0,"_jetpack_memberships_contains_paywalled_content":false,"_jetpack_memberships_contains_paid_content":false,"footnotes":"","jetpack_publicize_message":"","jetpack_publicize_feature_enabled":true,"jetpack_social_post_already_shared":true,"jetpack_social_options":{"image_generator_settings":{"template":"highway","enabled":false},"version":2}},"categories":[1],"tags":[],"class_list":["post-27214","post","type-post","status-publish","format-standard","hentry","category-notas"],"jetpack_publicize_connections":[],"jetpack_sharing_enabled":true,"jetpack_featured_media_url":"","jetpack_shortlink":"https:\/\/wp.me\/p7wKYW-74W","jetpack-related-posts":[],"_links":{"self":[{"href":"http:\/\/blogdalucianaoliveira.com.br\/blog\/wp-json\/wp\/v2\/posts\/27214","targetHints":{"allow":["GET"]}}],"collection":[{"href":"http:\/\/blogdalucianaoliveira.com.br\/blog\/wp-json\/wp\/v2\/posts"}],"about":[{"href":"http:\/\/blogdalucianaoliveira.com.br\/blog\/wp-json\/wp\/v2\/types\/post"}],"author":[{"embeddable":true,"href":"http:\/\/blogdalucianaoliveira.com.br\/blog\/wp-json\/wp\/v2\/users\/1"}],"replies":[{"embeddable":true,"href":"http:\/\/blogdalucianaoliveira.com.br\/blog\/wp-json\/wp\/v2\/comments?post=27214"}],"version-history":[{"count":1,"href":"http:\/\/blogdalucianaoliveira.com.br\/blog\/wp-json\/wp\/v2\/posts\/27214\/revisions"}],"predecessor-version":[{"id":27216,"href":"http:\/\/blogdalucianaoliveira.com.br\/blog\/wp-json\/wp\/v2\/posts\/27214\/revisions\/27216"}],"wp:attachment":[{"href":"http:\/\/blogdalucianaoliveira.com.br\/blog\/wp-json\/wp\/v2\/media?parent=27214"}],"wp:term":[{"taxonomy":"category","embeddable":true,"href":"http:\/\/blogdalucianaoliveira.com.br\/blog\/wp-json\/wp\/v2\/categories?post=27214"},{"taxonomy":"post_tag","embeddable":true,"href":"http:\/\/blogdalucianaoliveira.com.br\/blog\/wp-json\/wp\/v2\/tags?post=27214"}],"curies":[{"name":"wp","href":"https:\/\/api.w.org\/{rel}","templated":true}]}}