{"id":27217,"date":"2020-03-30T07:18:04","date_gmt":"2020-03-30T11:18:04","guid":{"rendered":"http:\/\/blogdalucianaoliveira.com.br\/blog\/?p=27217"},"modified":"2020-03-30T07:18:09","modified_gmt":"2020-03-30T11:18:09","slug":"bolsonaro-desautoriza-ministros-centraliza-decisoes-sobre-pandemia-e-esvazia-comite-de-crise","status":"publish","type":"post","link":"http:\/\/blogdalucianaoliveira.com.br\/blog\/2020\/03\/30\/bolsonaro-desautoriza-ministros-centraliza-decisoes-sobre-pandemia-e-esvazia-comite-de-crise\/","title":{"rendered":"Bolsonaro desautoriza ministros, centraliza decis\u00f5es sobre pandemia e esvazia comit\u00ea de crise"},"content":{"rendered":"\n<figure class=\"wp-block-image size-large\"><img data-recalc-dims=\"1\" loading=\"lazy\" decoding=\"async\" width=\"600\" height=\"400\" data-attachment-id=\"27218\" data-permalink=\"http:\/\/blogdalucianaoliveira.com.br\/blog\/2020\/03\/30\/bolsonaro-desautoriza-ministros-centraliza-decisoes-sobre-pandemia-e-esvazia-comite-de-crise\/image-93-3\/\" data-orig-file=\"https:\/\/i0.wp.com\/blogdalucianaoliveira.com.br\/blog\/wp-content\/uploads\/2020\/03\/image-93.jpeg?fit=1024%2C683\" data-orig-size=\"1024,683\" data-comments-opened=\"0\" data-image-meta=\"{&quot;aperture&quot;:&quot;0&quot;,&quot;credit&quot;:&quot;&quot;,&quot;camera&quot;:&quot;&quot;,&quot;caption&quot;:&quot;&quot;,&quot;created_timestamp&quot;:&quot;0&quot;,&quot;copyright&quot;:&quot;&quot;,&quot;focal_length&quot;:&quot;0&quot;,&quot;iso&quot;:&quot;0&quot;,&quot;shutter_speed&quot;:&quot;0&quot;,&quot;title&quot;:&quot;&quot;,&quot;orientation&quot;:&quot;0&quot;}\" data-image-title=\"image-93\" data-image-description=\"\" data-image-caption=\"\" data-medium-file=\"https:\/\/i0.wp.com\/blogdalucianaoliveira.com.br\/blog\/wp-content\/uploads\/2020\/03\/image-93.jpeg?fit=300%2C200\" data-large-file=\"https:\/\/i0.wp.com\/blogdalucianaoliveira.com.br\/blog\/wp-content\/uploads\/2020\/03\/image-93.jpeg?fit=600%2C400\" src=\"https:\/\/i0.wp.com\/blogdalucianaoliveira.com.br\/blog\/wp-content\/uploads\/2020\/03\/image-93.jpeg?resize=600%2C400\" alt=\"\" class=\"wp-image-27218\" srcset=\"https:\/\/i0.wp.com\/blogdalucianaoliveira.com.br\/blog\/wp-content\/uploads\/2020\/03\/image-93.jpeg?w=1024 1024w, https:\/\/i0.wp.com\/blogdalucianaoliveira.com.br\/blog\/wp-content\/uploads\/2020\/03\/image-93.jpeg?resize=300%2C200 300w, https:\/\/i0.wp.com\/blogdalucianaoliveira.com.br\/blog\/wp-content\/uploads\/2020\/03\/image-93.jpeg?resize=768%2C512 768w, https:\/\/i0.wp.com\/blogdalucianaoliveira.com.br\/blog\/wp-content\/uploads\/2020\/03\/image-93.jpeg?resize=450%2C300 450w\" sizes=\"auto, (max-width: 600px) 100vw, 600px\" \/><\/figure>\n\n\n\n<p>Colegiado criado para tratar de medidas perde sua fun\u00e7\u00e3o original diante de a\u00e7\u00f5es de presidente.<\/p>\n\n\n\n<!--more-->\n\n\n\n<p><strong><a href=\"https:\/\/www1.folha.uol.com.br\/autores\/renato-onofre.shtml\">Renato Onofre<\/a><a href=\"https:\/\/www1.folha.uol.com.br\/autores\/talita-fernandes.shtml\"> e Talita Fernandes<\/a><\/strong>, na FSP<\/p>\n\n\n\n<p><a href=\"https:\/\/www1.folha.uol.com.br\/poder\/2020\/03\/relembre-episodios-explosivos-da-crise-politica-em-meio-ao-coronavirus.shtml\">A intempestividade do presidente Jair&nbsp;<\/a><a href=\"https:\/\/www1.folha.uol.com.br\/poder\/2020\/03\/relembre-episodios-explosivos-da-crise-politica-em-meio-ao-coronavirus.shtml\">Bolsonaro<\/a>&nbsp;e seu perfil centralizador t\u00eam esvaziado o Comit\u00ea de Crise para Supervis\u00e3o e Monitoramento dos Impactos da Covid-19. Bolsonaro tem concentrado em si os an\u00fancios de a\u00e7\u00f5es do governo de combate ao novo coronav\u00edrus.<\/p>\n\n\n\n<p>O colegiado, criado no dia 16, perdeu a fun\u00e7\u00e3o consultiva para o qual foi formado. O esvaziamento do grupo foi sentido na semana passada, quando deixou de ter a atua\u00e7\u00e3o direta de ministros e passou a ser gerido por auxiliares com a cria\u00e7\u00e3o do CCOP (Centro de Coordena\u00e7\u00e3o de Opera\u00e7\u00f5es).<\/p>\n\n\n\n<p><a href=\"https:\/\/www1.folha.uol.com.br\/poder\/2020\/03\/ministros-pedem-a-bolsonaro-um-alinhamento-de-discurso-com-acoes-do-governo.shtml\">No s\u00e1bado (28), os ministros<\/a>\u00a0cobraram de Bolsonaro a necessidade de ter uma \u00fanica voz para guiar para dentro e para fora as medidas contra a pandemia.<\/p>\n\n\n\n<p>No mesmo dia,&nbsp;<a href=\"https:\/\/www1.folha.uol.com.br\/folha-topicos\/gilmar-mendes\/\">o ministro Gilmar Mendes,<\/a>&nbsp;do Supremo Tribunal Federal, sugeriu ao presidente um comit\u00ea de crise com poderes, a exemplo do que fez Fernando Henrique Cardoso durante o apag\u00e3o el\u00e9trico em 2001.<\/p>\n\n\n\n<p>Tr\u00eas epis\u00f3dios nas \u00faltimas duas semanas deixaram claro para t\u00e9cnicos e ministros ouvidos pela&nbsp;<strong>Folha<\/strong>&nbsp;que o colegiado perdeu for\u00e7a.<\/p>\n\n\n\n<p>Um exemplo \u00e9 a campanha de publicidade #OBrasilNaoPodeParar,&nbsp;<a href=\"https:\/\/www1.folha.uol.com.br\/poder\/2020\/03\/apos-proibicao-da-justica-governo-apaga-mensagens-de-campanha-anticonfinamento.shtml\">que acabou n\u00e3o circulando<\/a>&nbsp;oficialmente ap\u00f3s cr\u00edticas e por decis\u00e3o judicial.<\/p>\n\n\n\n<p>O governo produziu um v\u00eddeo de dura\u00e7\u00e3o de um minuto e meio em que s\u00e3o mostradas imagens de trabalhadores com o slogan de que o pa\u00eds n\u00e3o pode ser paralisado diante da pandemia.<\/p>\n\n\n\n<p>A campanha n\u00e3o foi discutida pelo comit\u00ea, que conta inclusive com um representante da Secom (Secretaria de Comunica\u00e7\u00e3o Social). Ap\u00f3s a publica\u00e7\u00e3o de reportagens sobre o v\u00eddeo, a Secom divulgou uma nota negando a exist\u00eancia da campanha.<\/p>\n\n\n\n<p>Outro exemplo de a\u00e7\u00e3o tomada \u00e0 margem do colegiado foi o pronunciamento \u00e0 na\u00e7\u00e3o\u00a0<a href=\"https:\/\/www1.folha.uol.com.br\/poder\/2020\/03\/bolsonaro-contrariou-orgaos-de-saude-e-distorceu-cenario-sobre-coronavirus-veja-discurso-comentado.shtml\">feito por Bolsonaro na ter\u00e7a (24),<\/a>\u00a0no qual defendeu a reabertura de com\u00e9rcios e escolas. O texto foi elaborado com a ajuda dos filhos do presidente, em especial do\u00a0<a href=\"https:\/\/www1.folha.uol.com.br\/folha-topicos\/carlos-bolsonaro\/\">vereador Carlos Bolsonaro (Republicanos-RJ).<\/a><\/p>\n\n\n\n<p>Insatisfeito com a condu\u00e7\u00e3o da crise, o presidente, al\u00e9m de alterar as decis\u00f5es t\u00e9cnicas tomadas pelo comit\u00ea, passou a exigir ter a palavra final sobre todas as delibera\u00e7\u00f5es tomadas. A centralidade atinge at\u00e9 as orienta\u00e7\u00f5es do Minist\u00e9rio da Sa\u00fade.<\/p>\n\n\n\n<p>No s\u00e1bado, o ministro&nbsp;<a href=\"https:\/\/www1.folha.uol.com.br\/equilibrioesaude\/2020\/03\/mandetta-diz-que-quarentena-total-e-desastre-e-critica-carreatas.shtml\">Luiz Henrique Mandetta (Sa\u00fade)<\/a>&nbsp;e outros sete membros do primeiro escal\u00e3o foram a Bolsonaro pedir modera\u00e7\u00e3o e receberam uma sinaliza\u00e7\u00e3o positiva.<\/p>\n\n\n\n<p>Menos de 24h depois, Bolsonaro&nbsp;<a href=\"https:\/\/www1.folha.uol.com.br\/poder\/2020\/03\/apos-ignorar-ministro-bolsonaro-diz-ter-vontade-de-baixar-decreto-para-populacao-poder-trabalhar.shtml\">passeou pelo com\u00e9rcio<\/a>&nbsp;de Bras\u00edlia e deu um recado. \u201cAlguns querem que eu me cale. \u2018Ah, siga o protocolo\u2019. Quantos m\u00e9dicos n\u00e3o seguem o protocolo.\u201d<\/p>\n\n\n\n<p>Outro momento em que o comit\u00ea n\u00e3o foi consultado foi quando o presidente, na quarta (25), anunciou que iria determinar que a popula\u00e7\u00e3o adotasse o &#8220;isolamento vertical&#8221;, deixando apenas idosos e pessoas com doen\u00e7as preexistentes fora do conv\u00edvio social.<\/p>\n\n\n\n<p>&#8220;A orienta\u00e7\u00e3o vai ser o [isolamento] vertical daqui para a frente. Vou conversar com ele [Luiz Henrique Mandetta, ministro da Sa\u00fade] e tomar uma decis\u00e3o.&#8221;<\/p>\n\n\n\n<p>Em entrevista \u00e0 TV Bandeirantes,\u00a0<a href=\"https:\/\/www1.folha.uol.com.br\/poder\/2020\/03\/sem-apresentar-provas-bolsonaro-diz-desconfiar-do-numeros-de-vitimas-do-coronavirus-em-sp.shtml\">na sexta-feira (27),<\/a>\u00a0Bolsonaro foi questionado sobre a interfer\u00eancia no Minist\u00e9rio da Sa\u00fade. &#8220;H\u00e1 um comandante no navio&#8221;, afirmou o presidente.<\/p>\n\n\n\n<p>Originalmente formado pelos 22 ministros, presidentes dos bancos p\u00fablicos federais e o representante da Anvisa (Ag\u00eancia de Vigil\u00e2ncia Sanit\u00e1ria), a atua\u00e7\u00e3o do comit\u00ea ficou nas m\u00e3os de 32 representantes t\u00e9cnicos.<\/p>\n\n\n\n<p>A coordena\u00e7\u00e3o saiu da m\u00e3o direta do ministro-chefe da Casa Civil, Walter Braga Netto, escolhido por Bolsonaro como gestor da crise, e passou ao seu subordinado, o subchefe de Articula\u00e7\u00e3o e Monitoramento da Casa Civil, Heitor Freire de Abreu.<\/p>\n\n\n\n<p>O esvaziamento do comit\u00ea j\u00e1 vinha sendo sentido desde sua cria\u00e7\u00e3o, mas se acentuou nos \u00faltimos dias.<\/p>\n\n\n\n<p>Uma das primeiras medidas debatidas pelo colegiado, as regras de funcionamento de estabelecimento durante a crise, foi alterada por determina\u00e7\u00e3o direta do presidente.<\/p>\n\n\n\n<p><a href=\"https:\/\/www1.folha.uol.com.br\/equilibrioesaude\/2020\/03\/em-meio-a-pandemia-bolsonaro-inclui-atividades-religiosas-em-lista-de-servicos-essenciais.shtml\">Na quinta (26),<\/a>&nbsp;o governo liberou o funcionamento de lot\u00e9ricas, igrejas e templos religiosos, contrariando diagn\u00f3stico inicial do comit\u00ea publicado no dia 20. A decis\u00e3o acabou sendo suspensa por determina\u00e7\u00e3o da Justi\u00e7a.<\/p>\n\n\n\n<p>A altera\u00e7\u00e3o atendeu a press\u00e3o de l\u00edderes evang\u00e9licos, uma das principais bases pol\u00edticas de Bolsonaro.<\/p>\n\n\n\n<p>A falta do protagonismo do comit\u00ea foi relatada \u00e0&nbsp;<strong>Folha<\/strong>&nbsp;por dois ministros, em car\u00e1ter reservado, que afirmaram tamb\u00e9m que est\u00e3o proibidos de dar entrevistas.<\/p>\n\n\n\n<p>Sem poder decis\u00f3rio, o \u00f3rg\u00e3o virou uma central de monitoramento e de acompanhamento de a\u00e7\u00f5es como transporte de cargas e o fechamento das fronteiras.<\/p>\n\n\n\n<p>O grupo tamb\u00e9m cancelou os an\u00fancios di\u00e1rios de suas atividades. Eles foram previstos no primeiro dia de funcionamento do comit\u00ea, mas n\u00e3o chegaram a ocorrer.<\/p>\n","protected":false},"excerpt":{"rendered":"<p>Colegiado criado para tratar de medidas perde sua fun\u00e7\u00e3o original diante de a\u00e7\u00f5es de presidente.<\/p>\n","protected":false},"author":1,"featured_media":0,"comment_status":"closed","ping_status":"open","sticky":false,"template":"","format":"standard","meta":{"_exactmetrics_skip_tracking":false,"_exactmetrics_sitenote_active":false,"_exactmetrics_sitenote_note":"","_exactmetrics_sitenote_category":0,"jetpack_post_was_ever_published":false,"_jetpack_newsletter_access":"","_jetpack_dont_email_post_to_subs":false,"_jetpack_newsletter_tier_id":0,"_jetpack_memberships_contains_paywalled_content":false,"_jetpack_memberships_contains_paid_content":false,"footnotes":"","jetpack_publicize_message":"","jetpack_publicize_feature_enabled":true,"jetpack_social_post_already_shared":true,"jetpack_social_options":{"image_generator_settings":{"template":"highway","enabled":false},"version":2}},"categories":[1],"tags":[],"class_list":["post-27217","post","type-post","status-publish","format-standard","hentry","category-notas"],"jetpack_publicize_connections":[],"jetpack_sharing_enabled":true,"jetpack_featured_media_url":"","jetpack_shortlink":"https:\/\/wp.me\/p7wKYW-74Z","jetpack-related-posts":[],"_links":{"self":[{"href":"http:\/\/blogdalucianaoliveira.com.br\/blog\/wp-json\/wp\/v2\/posts\/27217","targetHints":{"allow":["GET"]}}],"collection":[{"href":"http:\/\/blogdalucianaoliveira.com.br\/blog\/wp-json\/wp\/v2\/posts"}],"about":[{"href":"http:\/\/blogdalucianaoliveira.com.br\/blog\/wp-json\/wp\/v2\/types\/post"}],"author":[{"embeddable":true,"href":"http:\/\/blogdalucianaoliveira.com.br\/blog\/wp-json\/wp\/v2\/users\/1"}],"replies":[{"embeddable":true,"href":"http:\/\/blogdalucianaoliveira.com.br\/blog\/wp-json\/wp\/v2\/comments?post=27217"}],"version-history":[{"count":1,"href":"http:\/\/blogdalucianaoliveira.com.br\/blog\/wp-json\/wp\/v2\/posts\/27217\/revisions"}],"predecessor-version":[{"id":27219,"href":"http:\/\/blogdalucianaoliveira.com.br\/blog\/wp-json\/wp\/v2\/posts\/27217\/revisions\/27219"}],"wp:attachment":[{"href":"http:\/\/blogdalucianaoliveira.com.br\/blog\/wp-json\/wp\/v2\/media?parent=27217"}],"wp:term":[{"taxonomy":"category","embeddable":true,"href":"http:\/\/blogdalucianaoliveira.com.br\/blog\/wp-json\/wp\/v2\/categories?post=27217"},{"taxonomy":"post_tag","embeddable":true,"href":"http:\/\/blogdalucianaoliveira.com.br\/blog\/wp-json\/wp\/v2\/tags?post=27217"}],"curies":[{"name":"wp","href":"https:\/\/api.w.org\/{rel}","templated":true}]}}