{"id":27220,"date":"2020-03-30T11:15:08","date_gmt":"2020-03-30T15:15:08","guid":{"rendered":"http:\/\/blogdalucianaoliveira.com.br\/blog\/?p=27220"},"modified":"2020-03-30T11:15:16","modified_gmt":"2020-03-30T15:15:16","slug":"governo-bolsonaro-pede-que-stf-derrube-decretos-que-restringiram-transportes-nos-estados","status":"publish","type":"post","link":"http:\/\/blogdalucianaoliveira.com.br\/blog\/2020\/03\/30\/governo-bolsonaro-pede-que-stf-derrube-decretos-que-restringiram-transportes-nos-estados\/","title":{"rendered":"Governo Bolsonaro pede que STF derrube decretos que restringiram transportes nos estados"},"content":{"rendered":"\n<figure class=\"wp-block-image\"><img data-recalc-dims=\"1\" decoding=\"async\" src=\"https:\/\/i0.wp.com\/poliarquia.com.br\/wp-content\/uploads\/2020\/03\/20200330110348_2dd8d17b-9273-4660-8676-6d00ed2dc913-1.jpeg?w=600\" alt=\"\"\/><\/figure>\n\n\n\n<p><strong>Sputnik &#8211;\u00a0<\/strong>O governo federal pediu ao Supremo Tribunal Federal (STF) para que derrube os decretos estaduais que restringiram o transporte intermunicipal e interestadual. <\/p>\n\n\n\n<!--more-->\n\n\n\n<p>Os&nbsp;<a target=\"_blank\" href=\"http:\/\/br.sputniknews.com\/brasil\/20200325\/15375417.html\" rel=\"noreferrer noopener\">decretos foram publicados<\/a>&nbsp;na Bahia, em Goi\u00e1s, no Paran\u00e1, no Rio de Janeiro e em Santa Catarina. As informa\u00e7\u00f5es foram&nbsp;<a target=\"_blank\" href=\"https:\/\/g1.globo.com\/politica\/noticia\/2020\/03\/30\/governo-pede-que-supremo-derrube-decretos-de-ba-go-pr-rj-e-sc-que-restringiram-transportes.ghtml\" rel=\"noreferrer noopener\">publicadas<\/a>&nbsp;pelo portal G1.<\/p>\n\n\n\n<p>Neste fim de semana, a Ag\u00eancia Nacional de Transportes Terrestres (ANTT) e a Advocacia Geral da Uni\u00e3o (AGU)&nbsp;<a target=\"_blank\" href=\"http:\/\/br.sputniknews.com\/brasil\/20200329\/15391720.html\" rel=\"noreferrer noopener\">endossaram ao STF<\/a>&nbsp;o pedido feito pela Confedera\u00e7\u00e3o Nacional do Transporte (CNT).<\/p>\n\n\n\n<p>O relator da a\u00e7\u00e3o \u00e9 o ministro Luiz Fux, mas ainda n\u00e3o h\u00e1 previs\u00e3o de ele tomar\u00e1 a&nbsp;<a target=\"_blank\" href=\"http:\/\/br.sputniknews.com\/opiniao\/20200328\/15388737.html\" rel=\"noreferrer noopener\">decis\u00e3o sobre o assunto<\/a>.<\/p>\n\n\n\n<p>&#8220;A ANTT manifesta-se pela inconstitucionalidade dos atos normativos editados pelas unidades da Federa\u00e7\u00e3o que, em desacordo com a legisla\u00e7\u00e3o federal aplic\u00e1vel, determinem a suspens\u00e3o total ou parcial dos servi\u00e7os de transporte rodovi\u00e1rio interestadual e internacional de cargas ou de passageiros, ou impliquem, de alguma forma, em fechamento total ou parcial, ainda que temporariamente, da infraestrutura de transportes ou de linhas de transportes no territ\u00f3rio nacional&#8221;, diz o parecer da ag\u00eancia, enviado ao STF no s\u00e1bado (28).<\/p>\n\n\n\n<p>No domingo (29), a AGU enviou parecer ao Supremo no qual concordou com a ANTT.<\/p>\n\n\n\n<p>&#8220;O apelo a medidas desproporcionais, al\u00e9m de muitas vezes vazio de efic\u00e1cia, pode se revelar criticamente contraproducente aos interesses da popula\u00e7\u00e3o pretensamente protegida. Afinal, h\u00e1 necessidades que n\u00e3o cessam mesmo em contextos de distanciamento&#8221;, diz a AGU.<\/p>\n","protected":false},"excerpt":{"rendered":"<p>Sputnik &#8211;\u00a0O governo federal pediu ao Supremo Tribunal Federal (STF) para que derrube os decretos estaduais que restringiram o transporte intermunicipal e interestadual.<\/p>\n","protected":false},"author":1,"featured_media":0,"comment_status":"closed","ping_status":"open","sticky":false,"template":"","format":"standard","meta":{"_exactmetrics_skip_tracking":false,"_exactmetrics_sitenote_active":false,"_exactmetrics_sitenote_note":"","_exactmetrics_sitenote_category":0,"jetpack_post_was_ever_published":false,"_jetpack_newsletter_access":"","_jetpack_dont_email_post_to_subs":false,"_jetpack_newsletter_tier_id":0,"_jetpack_memberships_contains_paywalled_content":false,"_jetpack_memberships_contains_paid_content":false,"footnotes":"","jetpack_publicize_message":"","jetpack_publicize_feature_enabled":true,"jetpack_social_post_already_shared":true,"jetpack_social_options":{"image_generator_settings":{"template":"highway","enabled":false},"version":2}},"categories":[1],"tags":[],"class_list":["post-27220","post","type-post","status-publish","format-standard","hentry","category-notas"],"jetpack_publicize_connections":[],"jetpack_sharing_enabled":true,"jetpack_featured_media_url":"","jetpack_shortlink":"https:\/\/wp.me\/p7wKYW-752","jetpack-related-posts":[],"_links":{"self":[{"href":"http:\/\/blogdalucianaoliveira.com.br\/blog\/wp-json\/wp\/v2\/posts\/27220","targetHints":{"allow":["GET"]}}],"collection":[{"href":"http:\/\/blogdalucianaoliveira.com.br\/blog\/wp-json\/wp\/v2\/posts"}],"about":[{"href":"http:\/\/blogdalucianaoliveira.com.br\/blog\/wp-json\/wp\/v2\/types\/post"}],"author":[{"embeddable":true,"href":"http:\/\/blogdalucianaoliveira.com.br\/blog\/wp-json\/wp\/v2\/users\/1"}],"replies":[{"embeddable":true,"href":"http:\/\/blogdalucianaoliveira.com.br\/blog\/wp-json\/wp\/v2\/comments?post=27220"}],"version-history":[{"count":1,"href":"http:\/\/blogdalucianaoliveira.com.br\/blog\/wp-json\/wp\/v2\/posts\/27220\/revisions"}],"predecessor-version":[{"id":27221,"href":"http:\/\/blogdalucianaoliveira.com.br\/blog\/wp-json\/wp\/v2\/posts\/27220\/revisions\/27221"}],"wp:attachment":[{"href":"http:\/\/blogdalucianaoliveira.com.br\/blog\/wp-json\/wp\/v2\/media?parent=27220"}],"wp:term":[{"taxonomy":"category","embeddable":true,"href":"http:\/\/blogdalucianaoliveira.com.br\/blog\/wp-json\/wp\/v2\/categories?post=27220"},{"taxonomy":"post_tag","embeddable":true,"href":"http:\/\/blogdalucianaoliveira.com.br\/blog\/wp-json\/wp\/v2\/tags?post=27220"}],"curies":[{"name":"wp","href":"https:\/\/api.w.org\/{rel}","templated":true}]}}