{"id":27222,"date":"2020-03-30T11:41:11","date_gmt":"2020-03-30T15:41:11","guid":{"rendered":"http:\/\/blogdalucianaoliveira.com.br\/blog\/?p=27222"},"modified":"2020-03-30T11:46:32","modified_gmt":"2020-03-30T15:46:32","slug":"a-saida-de-gabriela-prioli-e-os-interesses-politicos-da-cnn-brasil","status":"publish","type":"post","link":"http:\/\/blogdalucianaoliveira.com.br\/blog\/2020\/03\/30\/a-saida-de-gabriela-prioli-e-os-interesses-politicos-da-cnn-brasil\/","title":{"rendered":"A sa\u00edda de Gabriela Prioli e os interesses pol\u00edticos da CNN Brasil"},"content":{"rendered":"\n<figure class=\"wp-block-image\"><img data-recalc-dims=\"1\" decoding=\"async\" src=\"https:\/\/i0.wp.com\/img.brasildefato.com.br\/media\/d0430dd5d599ef866c824733da793d8b.jpeg?w=600&#038;ssl=1\" alt=\"\"\/><\/figure>\n\n\n\n<h4 class=\"wp-block-heading\">A advogada foi diversas vezes constrangida por comentaristas alinhados politicamente \u00e0 presid\u00eancia do canal<\/h4>\n\n\n\n<!--more-->\n\n\n\n<p>Reda\u00e7\u00e3oBrasil de Fato | S\u00e3o Paulo (SP) <\/p>\n\n\n\n<p>A sa\u00edda da advogada criminalista e mestre em Direito Penal pela Universidade de S\u00e3o Paulo (USP), Gabriela Prioli, da CNN Brasil, foi confirmada pela pr\u00f3pria emissora na tarde deste domingo (29), por meio de uma nota oficial.<\/p>\n\n\n\n<p>Em suas redes sociais, a ent\u00e3o comentarista do programa \u201cO Grande Debate\u201d afirmou que sentiu constrangida durante a apresenta\u00e7\u00e3o do programa ao lado dos outros comentaristas, o bacharel em direito Caio Coppola e Tom\u00e9 Abduch, porta-voz do movimento Nas Ruas.&nbsp;<br><\/p>\n\n\n\n<p> \u201cEm mais de uma oportunidade tive que me posicionar cobrando respeito ao meu espa\u00e7o de fala. \u00c9 preciso ser mais contundente. (&#8230;) N\u00e3o consigo atingir o meu objetivo se for constrangida e n\u00e3o posso seguir participando do debate sem que a convic\u00e7\u00e3o sobre a gravidade do constrangimento n\u00e3o seja s\u00f3 minha, mas de todos os envolvidos, na frente e atr\u00e1s das c\u00e2meras\u201d, afirmou a advogada. <\/p>\n\n\n\n <blockquote class=\"twitter-tweet\"><p lang=\"pt\" dir=\"ltr\">4- O meu compromisso \u00e9 com um debate racional, prospectivo, informativo e respeitoso.<\/p>\u2014 Gabriela Prioli (@GabrielaPrioli) <a href=\"https:\/\/twitter.com\/GabrielaPrioli\/status\/1244274512453087233?ref_src=twsrc%5Etfw\">March 29, 2020<\/a><\/blockquote> <script async src=\"https:\/\/platform.twitter.com\/widgets.js\" charset=\"utf-8\"><\/script> \n\n\n\n<p> Durante a apresenta\u00e7\u00e3o do programa, que coloca duas pessoas de pensamentos antag\u00f4nicos para debaterem, Prioli foi interrompida diversas, e seu conhecimento sobre Direito Penal, questionado. <\/p>\n\n\n\n<p>A \u00faltima investida foi feita pelo apresentador do programa, Reinaldo Gottino, que tem o papel de mediador. Ap\u00f3s a sa\u00edda da colega de bancada, ele se desculpou publicamente, tamb\u00e9m em suas redes sociais.&nbsp;<\/p>\n\n\n\n<p>\u201cPe\u00e7o publicamente desculpas \u00e0 Gabriela Prioli por ter sido incisivo no meu questionamento na \u00faltima sexta. Perguntei se ela entendia que a lei era branda e deveria ser mudada. Me exaltei e a interrompi. Errei.\u201d<\/p>\n\n\n\n<p>Em nota, a emissora afirmou que &#8220;Prioli manifestou publicamente sua inten\u00e7\u00e3o de deixar a participa\u00e7\u00e3o nos debates nas redes sociais neste domingo. Ela fez refer\u00eancias ao quadro da \u00faltima sexta-feira, em que houve uma discuss\u00e3o acalorada entre ela e o mediador, o jornalista Reinaldo Gottino. No epis\u00f3dio, Gottino, um profissional com larga hist\u00f3ria na TV, excedeu a postura de mediador&#8221;, diz a emissora.<br><\/p>\n\n\n\n<p>Caio Coppola e Tom\u00e9 Abduch n\u00e3o se posicionaram sobre o ocorrido em suas redes sociais. Abduch respondeu a um coment\u00e1rio da jornalista Vera Magalh\u00e3es, que comentou o caso. Magalh\u00e3es afirmou que Gabriela Prioli \u201cfoi exposta pela chefia a debater com um militante bolsonarista. Erro de uma emissora que precisa firmar sua independ\u00eancia no nascimento\u201d. Abduch respondeu: \u201cuma rep\u00f3rter com n\u00edtido vi\u00e9s comunista\u201d.<\/p>\n\n\n\n<p>O posicionamento de Coppola e Abduch seguem a mesma t\u00f4nica do posicionamento de Douglas Tavolaro, sobrinho do dono da TV Record e apoiador de Jair Bolsonaro, Edir Macedo, e de Rubens Menin, que investiu no candidato de extrema direita&nbsp;durante as elei\u00e7\u00f5es de 2018.<\/p>\n\n\n\n<p>Tavolaro estava na presid\u00eancia da TV Record quando o Sindicato dos Jornalistas Profissionais no Estado de S\u00e3o Paulo (SJSP) denunciou a emissora por press\u00e3o e ass\u00e9dio moral para que o notici\u00e1rio beneficiasse Jair Bolsonaro (ent\u00e3o PSL) em detrimento do candidato Fernando Haddad (PT).<br><\/p>\n\n\n\n<p>O presidente do SJSP, Paulo Zocchi, afirmou que se tratou de \u201cmanipula\u00e7\u00e3o aberta\u201d das not\u00edcias para favorecer Bolsonaro, poucos dias ap\u00f3s Edir Macedo anunciar apoio p\u00fablico a ele.<\/p>\n\n\n\n<p>Ao lado de Tavolaro, Menin, dono da MRV Engenharia, patrocinou o filme&nbsp;<em>Nada a Perder<\/em>, biografia do bispo Edir Macedo baseada no livro de Tavolaro. Ao lado de outros empres\u00e1rios, ele tentou barrar a \u201clista suja\u201d do trabalho escravo.<\/p>\n\n\n\n<p>Entre 2011 e 2014, a sua empresa foi flagrada cinco vezes por explorar m\u00e3o de obra escrava. De acordo com a Rep\u00f3rter Brasil, foram 203 trabalhadores resgatados em quatro anos em constru\u00e7\u00f5es ligadas \u00e0 empresa.<\/p>\n\n\n\n<p>No final de 2014, a Associa\u00e7\u00e3o Brasileira de Incorporadoras Imobili\u00e1rias (Abrainc) conseguiu suspender no Supremo Tribunal Federal (STF) a publica\u00e7\u00e3o da lista. Menin era o presidente da entidade, na \u00e9poca.<br>&nbsp;<\/p>\n\n\n\n<p>Edi\u00e7\u00e3o: Leandro Melito<\/p>\n","protected":false},"excerpt":{"rendered":"<p>A advogada foi diversas vezes constrangida por comentaristas alinhados politicamente \u00e0 presid\u00eancia do canal<\/p>\n","protected":false},"author":1,"featured_media":0,"comment_status":"closed","ping_status":"open","sticky":false,"template":"","format":"standard","meta":{"_exactmetrics_skip_tracking":false,"_exactmetrics_sitenote_active":false,"_exactmetrics_sitenote_note":"","_exactmetrics_sitenote_category":0,"jetpack_post_was_ever_published":false,"_jetpack_newsletter_access":"","_jetpack_dont_email_post_to_subs":false,"_jetpack_newsletter_tier_id":0,"_jetpack_memberships_contains_paywalled_content":false,"_jetpack_memberships_contains_paid_content":false,"footnotes":"","jetpack_publicize_message":"","jetpack_publicize_feature_enabled":true,"jetpack_social_post_already_shared":true,"jetpack_social_options":{"image_generator_settings":{"template":"highway","enabled":false},"version":2}},"categories":[1],"tags":[],"class_list":["post-27222","post","type-post","status-publish","format-standard","hentry","category-notas"],"jetpack_publicize_connections":[],"jetpack_sharing_enabled":true,"jetpack_featured_media_url":"","jetpack_shortlink":"https:\/\/wp.me\/p7wKYW-754","jetpack-related-posts":[],"_links":{"self":[{"href":"http:\/\/blogdalucianaoliveira.com.br\/blog\/wp-json\/wp\/v2\/posts\/27222","targetHints":{"allow":["GET"]}}],"collection":[{"href":"http:\/\/blogdalucianaoliveira.com.br\/blog\/wp-json\/wp\/v2\/posts"}],"about":[{"href":"http:\/\/blogdalucianaoliveira.com.br\/blog\/wp-json\/wp\/v2\/types\/post"}],"author":[{"embeddable":true,"href":"http:\/\/blogdalucianaoliveira.com.br\/blog\/wp-json\/wp\/v2\/users\/1"}],"replies":[{"embeddable":true,"href":"http:\/\/blogdalucianaoliveira.com.br\/blog\/wp-json\/wp\/v2\/comments?post=27222"}],"version-history":[{"count":3,"href":"http:\/\/blogdalucianaoliveira.com.br\/blog\/wp-json\/wp\/v2\/posts\/27222\/revisions"}],"predecessor-version":[{"id":27226,"href":"http:\/\/blogdalucianaoliveira.com.br\/blog\/wp-json\/wp\/v2\/posts\/27222\/revisions\/27226"}],"wp:attachment":[{"href":"http:\/\/blogdalucianaoliveira.com.br\/blog\/wp-json\/wp\/v2\/media?parent=27222"}],"wp:term":[{"taxonomy":"category","embeddable":true,"href":"http:\/\/blogdalucianaoliveira.com.br\/blog\/wp-json\/wp\/v2\/categories?post=27222"},{"taxonomy":"post_tag","embeddable":true,"href":"http:\/\/blogdalucianaoliveira.com.br\/blog\/wp-json\/wp\/v2\/tags?post=27222"}],"curies":[{"name":"wp","href":"https:\/\/api.w.org\/{rel}","templated":true}]}}