{"id":27227,"date":"2020-03-30T11:51:36","date_gmt":"2020-03-30T15:51:36","guid":{"rendered":"http:\/\/blogdalucianaoliveira.com.br\/blog\/?p=27227"},"modified":"2020-03-30T11:51:45","modified_gmt":"2020-03-30T15:51:45","slug":"rd-coronavirus-documento-da-secretaria-de-saude-de-rondonia-trabalha-com-projecao-e-hipotese-de-quase-cinco-mil-internados","status":"publish","type":"post","link":"http:\/\/blogdalucianaoliveira.com.br\/blog\/2020\/03\/30\/rd-coronavirus-documento-da-secretaria-de-saude-de-rondonia-trabalha-com-projecao-e-hipotese-de-quase-cinco-mil-internados\/","title":{"rendered":"RD: Coronav\u00edrus: Documento da Secretaria de Sa\u00fade de Rond\u00f4nia trabalha com proje\u00e7\u00e3o e hip\u00f3tese de quase cinco mil internados"},"content":{"rendered":"\n<figure class=\"wp-block-image\"><img data-recalc-dims=\"1\" decoding=\"async\" src=\"https:\/\/i0.wp.com\/www.rondoniadinamica.com\/uploads\/45s143sx81kcwit.jpg?w=600&#038;ssl=1\" alt=\"Exclusivo \u2014 Coronav\u00edrus: Documento da Secretaria de Sa\u00fade de Rond\u00f4nia trabalha com proje\u00e7\u00e3o e hip\u00f3tese de quase cinco mil internados\"\/><\/figure>\n\n\n\n<p><\/p>\n\n\n\n<p><strong>Exclusivo, <\/strong> <strong>Por Rondoniadinamica<\/strong> &#8211; Documento obtido exclusivamente pelo jornal eletr\u00f4nico Rond\u00f4nia Din\u00e2mica na manh\u00e3 desta segunda-feira (30) revela que o secret\u00e1rio de Sa\u00fade Fernando M\u00e1ximo, que \u00e9 m\u00e9dico, trabalha com proje\u00e7\u00e3o populacional do Instituto Brasileiro de Geografia e Estat\u00edstica (IBGE), crendo, para tanto,\u00a0 que 10% da popula\u00e7\u00e3o total prevista ser\u00e1 afetada pelo Cornav\u00edrus.<\/p>\n\n\n\n<!--more-->\n\n\n\n<p>Em suma, a Secretaria de Estado de Sa\u00fade (Sesau\/RO) trabalha com dados acima dos consagrados atualmente ap\u00f3s a \u00faltima cota\u00e7\u00e3o do IBGE.<\/p>\n\n\n\n<p>Para alcan\u00e7ar os n\u00fameros (veja o documento abaixo), o titular da pasta nomeado pelo governador Coronel Marcos Rocha (PSL) contou com o aux\u00edlio do servidor Gustavo Soares e Silva, coordenador t\u00e9cnico de Obras.<\/p>\n\n\n\n<p>Silva exp\u00f5e o gr\u00e1fico, considerando a estat\u00edstica de que 10% da popula\u00e7\u00e3o total projetada (2000\/30) ser\u00e1 afetada.<\/p>\n\n\n\n<p>Ele diz ainda que 15 % dessa popula\u00e7\u00e3o com mais de 50 anos ser\u00e1 internada. Dentro deste espectro, e de maneira mais espec\u00edfica ainda, 5% entre habitantes infectados dos 50 anos para cima ser\u00e3o, de acordo com a proje\u00e7\u00e3o, &nbsp;internados em alguma Unidade de Terapia Intensiva (UTI).<\/p>\n\n\n\n<p>Em determinada passagem do documento, o t\u00e9cnico resume a quest\u00e3o:<\/p>\n\n\n\n<p>&#8220;Considerando que o Estado possui 265 leitos com uma ocupa\u00e7\u00e3o de 80%, logo necessitamos aproximadamente 220 leitos a mais&#8221;, pontuou.<br><br><strong>DADOS DO IBGE:<br>___________________________<br>POPULA\u00c7\u00c3O TOTAL RO (AT\u00c9 2030):<br>1.857.892<br>___________________________<\/strong><\/p>\n\n\n\n<p><strong>POPULA\u00c7\u00c3O A PARTIR DOS 50 ANOS:<br>325.195<br>___________________________<br>DESSES, 10% SER\u00c3O INFECTADOS:<br>32.519,5 PESSOAS<br>___________________________<br>DOS INFECTADOS, 15% SER\u00c3O INTERNADOS:<br>4.877,925 PESSOAS<br>___________________________<br>5% IR\u00c1 PARA A UTI:<br>243,89625 PESSOAS<\/strong><\/p>\n\n\n\n<p><strong>CONFIRA O DOCUMENTO:<\/strong><\/p>\n\n\n\n<figure class=\"wp-block-image\"><img data-recalc-dims=\"1\" decoding=\"async\" src=\"https:\/\/i0.wp.com\/www.rondoniadinamica.com\/uploads\/01_74.jpg?w=600&#038;ssl=1\" alt=\"\"\/><\/figure>\n\n\n\n<figure class=\"wp-block-image\"><img data-recalc-dims=\"1\" decoding=\"async\" src=\"https:\/\/i0.wp.com\/www.rondoniadinamica.com\/uploads\/02_66.jpg?w=600&#038;ssl=1\" alt=\"\"\/><\/figure>\n\n\n\n<figure class=\"wp-block-image\"><img data-recalc-dims=\"1\" decoding=\"async\" src=\"https:\/\/i0.wp.com\/www.rondoniadinamica.com\/uploads\/03_58.jpg?w=600&#038;ssl=1\" alt=\"\"\/><\/figure>\n\n\n\n<figure class=\"wp-block-image\"><img data-recalc-dims=\"1\" decoding=\"async\" src=\"https:\/\/i0.wp.com\/www.rondoniadinamica.com\/uploads\/04_48.jpg?w=600&#038;ssl=1\" alt=\"\"\/><\/figure>\n\n\n\n<figure class=\"wp-block-image\"><img data-recalc-dims=\"1\" decoding=\"async\" src=\"https:\/\/i0.wp.com\/www.rondoniadinamica.com\/uploads\/05_37.jpg?w=600&#038;ssl=1\" alt=\"\"\/><\/figure>\n\n\n\n<figure class=\"wp-block-image\"><img data-recalc-dims=\"1\" decoding=\"async\" src=\"https:\/\/i0.wp.com\/www.rondoniadinamica.com\/uploads\/06_22.jpg?w=600&#038;ssl=1\" alt=\"\"\/><\/figure>\n\n\n\n<figure class=\"wp-block-image\"><img data-recalc-dims=\"1\" decoding=\"async\" src=\"https:\/\/i0.wp.com\/www.rondoniadinamica.com\/uploads\/07_22.jpg?w=600&#038;ssl=1\" alt=\"\"\/><\/figure>\n\n\n\n<figure class=\"wp-block-image\"><img data-recalc-dims=\"1\" decoding=\"async\" src=\"https:\/\/i0.wp.com\/www.rondoniadinamica.com\/uploads\/08_19.jpg?w=600&#038;ssl=1\" alt=\"\"\/><\/figure>\n\n\n\n<p> <\/p>\n","protected":false},"excerpt":{"rendered":"<p>Exclusivo, Por Rondoniadinamica &#8211; Documento obtido exclusivamente pelo jornal eletr\u00f4nico Rond\u00f4nia Din\u00e2mica na manh\u00e3 desta segunda-feira (30) revela que o secret\u00e1rio de Sa\u00fade Fernando M\u00e1ximo, que \u00e9 m\u00e9dico, trabalha com proje\u00e7\u00e3o populacional do Instituto Brasileiro de Geografia e Estat\u00edstica (IBGE), crendo, para tanto,\u00a0 que 10% da popula\u00e7\u00e3o total prevista ser\u00e1 afetada pelo Cornav\u00edrus.<\/p>\n","protected":false},"author":1,"featured_media":0,"comment_status":"closed","ping_status":"open","sticky":false,"template":"","format":"standard","meta":{"_exactmetrics_skip_tracking":false,"_exactmetrics_sitenote_active":false,"_exactmetrics_sitenote_note":"","_exactmetrics_sitenote_category":0,"jetpack_post_was_ever_published":false,"_jetpack_newsletter_access":"","_jetpack_dont_email_post_to_subs":false,"_jetpack_newsletter_tier_id":0,"_jetpack_memberships_contains_paywalled_content":false,"_jetpack_memberships_contains_paid_content":false,"footnotes":"","jetpack_publicize_message":"","jetpack_publicize_feature_enabled":true,"jetpack_social_post_already_shared":true,"jetpack_social_options":{"image_generator_settings":{"template":"highway","enabled":false},"version":2}},"categories":[1],"tags":[],"class_list":["post-27227","post","type-post","status-publish","format-standard","hentry","category-notas"],"jetpack_publicize_connections":[],"jetpack_sharing_enabled":true,"jetpack_featured_media_url":"","jetpack_shortlink":"https:\/\/wp.me\/p7wKYW-759","jetpack-related-posts":[],"_links":{"self":[{"href":"http:\/\/blogdalucianaoliveira.com.br\/blog\/wp-json\/wp\/v2\/posts\/27227","targetHints":{"allow":["GET"]}}],"collection":[{"href":"http:\/\/blogdalucianaoliveira.com.br\/blog\/wp-json\/wp\/v2\/posts"}],"about":[{"href":"http:\/\/blogdalucianaoliveira.com.br\/blog\/wp-json\/wp\/v2\/types\/post"}],"author":[{"embeddable":true,"href":"http:\/\/blogdalucianaoliveira.com.br\/blog\/wp-json\/wp\/v2\/users\/1"}],"replies":[{"embeddable":true,"href":"http:\/\/blogdalucianaoliveira.com.br\/blog\/wp-json\/wp\/v2\/comments?post=27227"}],"version-history":[{"count":1,"href":"http:\/\/blogdalucianaoliveira.com.br\/blog\/wp-json\/wp\/v2\/posts\/27227\/revisions"}],"predecessor-version":[{"id":27228,"href":"http:\/\/blogdalucianaoliveira.com.br\/blog\/wp-json\/wp\/v2\/posts\/27227\/revisions\/27228"}],"wp:attachment":[{"href":"http:\/\/blogdalucianaoliveira.com.br\/blog\/wp-json\/wp\/v2\/media?parent=27227"}],"wp:term":[{"taxonomy":"category","embeddable":true,"href":"http:\/\/blogdalucianaoliveira.com.br\/blog\/wp-json\/wp\/v2\/categories?post=27227"},{"taxonomy":"post_tag","embeddable":true,"href":"http:\/\/blogdalucianaoliveira.com.br\/blog\/wp-json\/wp\/v2\/tags?post=27227"}],"curies":[{"name":"wp","href":"https:\/\/api.w.org\/{rel}","templated":true}]}}