{"id":27237,"date":"2020-03-30T17:16:14","date_gmt":"2020-03-30T21:16:14","guid":{"rendered":"http:\/\/blogdalucianaoliveira.com.br\/blog\/?p=27237"},"modified":"2020-03-30T17:25:01","modified_gmt":"2020-03-30T21:25:01","slug":"secretario-de-saude-confirma-morte-por-coronavirus-em-rondonia","status":"publish","type":"post","link":"http:\/\/blogdalucianaoliveira.com.br\/blog\/2020\/03\/30\/secretario-de-saude-confirma-morte-por-coronavirus-em-rondonia\/","title":{"rendered":"Secret\u00e1rio de Sa\u00fade confirma morte por Coronav\u00edrus em Rond\u00f4nia"},"content":{"rendered":"\n<figure class=\"wp-block-image\"><img data-recalc-dims=\"1\" decoding=\"async\" src=\"https:\/\/i0.wp.com\/www.rondoniadinamica.com\/uploads\/4yc4bc0y01ex601.jpg?w=600&#038;ssl=1\" alt=\"Secret\u00e1rio de Sa\u00fade confirma morte por Coronav\u00edrus em Rond\u00f4nia; v\u00edtima tinha hist\u00f3rico de problemas respirat\u00f3rios\"\/><\/figure>\n\n\n\n<p>Em coletiva \u00e0 imprensa o secret\u00e1rio de Sa\u00fade Fernando M\u00e1ximo confirmou a primeira morte por Covid-19 em Rond\u00f4nia. Se trata de uma mulher de 67 anos, moradora da zona Leste da capital, com hist\u00f3rico de doen\u00e7a respirat\u00f3ria.<\/p>\n\n\n\n<p>A paciente n\u00e3o teve contato com algu\u00e9m infectado e seus  familiares n\u00e3o suspeitaram que estava com o v\u00edrus, o que acende o alerta para a transmiss\u00e3o comunit\u00e1ria.  <\/p>\n\n\n\n<p>Um novo caso tamb\u00e9m foi confirmado, em Jaru, elevando para oito o total de positivos.<\/p>\n\n\n\n<!--more-->\n\n\n\n<p>O secret\u00e1rio falou sobre a dificuldade de aquisi\u00e7\u00e3o de kits para novos testes e refor\u00e7ou a orienta\u00e7\u00e3o ao distanciamento social como forma de evitar o espalhamento da doen\u00e7a.<\/p>\n\n\n\n<p>Confira:<\/p>\n\n\n\n<p><\/p>\n\n\n\n<iframe loading=\"lazy\" src=\"https:\/\/www.facebook.com\/plugins\/video.php?href=https%3A%2F%2Fwww.facebook.com%2Fsesau.ro%2Fvideos%2F219907359232445%2F&#038;show_text=1&#038;width=267\" width=\"267\" height=\"749\" style=\"border:none;overflow:hidden\" scrolling=\"no\" frameborder=\"0\" allowTransparency=\"true\" allow=\"encrypted-media\" allowFullScreen=\"true\"><\/iframe>\n","protected":false},"excerpt":{"rendered":"<p>Em coletiva \u00e0 imprensa o secret\u00e1rio de Sa\u00fade Fernando M\u00e1ximo confirmou a primeira morte por Covid-19 em Rond\u00f4nia. Se trata de uma mulher de 67 anos, moradora da zona Leste da capital, com hist\u00f3rico de doen\u00e7a respirat\u00f3ria. A paciente n\u00e3o teve contato com algu\u00e9m infectado e seus familiares n\u00e3o suspeitaram que estava com o v\u00edrus,&#8230;<a class=\"more-link\" href=\"http:\/\/blogdalucianaoliveira.com.br\/blog\/2020\/03\/30\/secretario-de-saude-confirma-morte-por-coronavirus-em-rondonia\/\">Continue a leitura <span class=\"meta-nav\">&raquo;<\/span><\/a><\/p>\n","protected":false},"author":1,"featured_media":0,"comment_status":"closed","ping_status":"open","sticky":false,"template":"","format":"standard","meta":{"_exactmetrics_skip_tracking":false,"_exactmetrics_sitenote_active":false,"_exactmetrics_sitenote_note":"","_exactmetrics_sitenote_category":0,"jetpack_post_was_ever_published":false,"_jetpack_newsletter_access":"","_jetpack_dont_email_post_to_subs":false,"_jetpack_newsletter_tier_id":0,"_jetpack_memberships_contains_paywalled_content":false,"_jetpack_memberships_contains_paid_content":false,"footnotes":"","jetpack_publicize_message":"","jetpack_publicize_feature_enabled":true,"jetpack_social_post_already_shared":true,"jetpack_social_options":{"image_generator_settings":{"template":"highway","enabled":false},"version":2}},"categories":[1],"tags":[],"class_list":["post-27237","post","type-post","status-publish","format-standard","hentry","category-notas"],"jetpack_publicize_connections":[],"jetpack_sharing_enabled":true,"jetpack_featured_media_url":"","jetpack_shortlink":"https:\/\/wp.me\/p7wKYW-75j","jetpack-related-posts":[],"_links":{"self":[{"href":"http:\/\/blogdalucianaoliveira.com.br\/blog\/wp-json\/wp\/v2\/posts\/27237","targetHints":{"allow":["GET"]}}],"collection":[{"href":"http:\/\/blogdalucianaoliveira.com.br\/blog\/wp-json\/wp\/v2\/posts"}],"about":[{"href":"http:\/\/blogdalucianaoliveira.com.br\/blog\/wp-json\/wp\/v2\/types\/post"}],"author":[{"embeddable":true,"href":"http:\/\/blogdalucianaoliveira.com.br\/blog\/wp-json\/wp\/v2\/users\/1"}],"replies":[{"embeddable":true,"href":"http:\/\/blogdalucianaoliveira.com.br\/blog\/wp-json\/wp\/v2\/comments?post=27237"}],"version-history":[{"count":5,"href":"http:\/\/blogdalucianaoliveira.com.br\/blog\/wp-json\/wp\/v2\/posts\/27237\/revisions"}],"predecessor-version":[{"id":27242,"href":"http:\/\/blogdalucianaoliveira.com.br\/blog\/wp-json\/wp\/v2\/posts\/27237\/revisions\/27242"}],"wp:attachment":[{"href":"http:\/\/blogdalucianaoliveira.com.br\/blog\/wp-json\/wp\/v2\/media?parent=27237"}],"wp:term":[{"taxonomy":"category","embeddable":true,"href":"http:\/\/blogdalucianaoliveira.com.br\/blog\/wp-json\/wp\/v2\/categories?post=27237"},{"taxonomy":"post_tag","embeddable":true,"href":"http:\/\/blogdalucianaoliveira.com.br\/blog\/wp-json\/wp\/v2\/tags?post=27237"}],"curies":[{"name":"wp","href":"https:\/\/api.w.org\/{rel}","templated":true}]}}