{"id":27243,"date":"2020-03-30T18:40:20","date_gmt":"2020-03-30T22:40:20","guid":{"rendered":"http:\/\/blogdalucianaoliveira.com.br\/blog\/?p=27243"},"modified":"2020-03-30T18:40:28","modified_gmt":"2020-03-30T22:40:28","slug":"apos-twitter-facebook-e-instagram-excluem-video-de-bolsonaro-por-causar-danos-reais-as-pessoas","status":"publish","type":"post","link":"http:\/\/blogdalucianaoliveira.com.br\/blog\/2020\/03\/30\/apos-twitter-facebook-e-instagram-excluem-video-de-bolsonaro-por-causar-danos-reais-as-pessoas\/","title":{"rendered":"Ap\u00f3s Twitter, Facebook e Instagram excluem v\u00eddeo de Bolsonaro por &#8216;causar danos reais \u00e0s pessoas&#8217;"},"content":{"rendered":"\n<figure class=\"wp-block-image\"><img data-recalc-dims=\"1\" decoding=\"async\" src=\"https:\/\/i0.wp.com\/ichef.bbci.co.uk\/news\/660\/cpsprodpb\/B16D\/production\/_111412454_bolso.png?w=600&#038;ssl=1\" alt=\"Jair Bolsonaro durante pronunciamento\"\/><\/figure>\n\n\n\n<p>O Facebook decidiu nesta segunda-feira apagar um dos v\u00eddeos publicados pelo presidente Jair Bolsonaro no domingo (29) por promover desinforma\u00e7\u00e3o.<\/p>\n\n\n\n<!--more-->\n\n\n\n<p> Ricardo Senra &#8211; Da BBC News Brasil em Londres <\/p>\n\n\n\n<p>\u00c0 BBC News Brasil um porta-voz da rede social confirmou que o Facebook e o Instagram optaram por excluir o v\u00eddeo em que o presidente conversava com um vendedor ambulante em Taguatinga, no Distrito Federal.<\/p>\n\n\n\n<p>&#8220;Removemos conte\u00fado no Facebook e Instagram que viole nossos Padr\u00f5es da Comunidade, que n\u00e3o permitem desinforma\u00e7\u00e3o que possa causar danos reais \u00e0s pessoas&#8221;, informou o Facebook em nota.<\/p>\n\n\n\n<p>Na grava\u00e7\u00e3o apagada, Bolsonaro dizia:&nbsp;&#8220;Eles querem trabalhar. \u00e9 o que eu tenho falado desde o come\u00e7o&#8221;, em defesa do fim do isolamento recomendado pela Organiza\u00e7\u00e3o Mundial da Sa\u00fade em meio \u00e0 pandemia do coronav\u00edrus.<\/p>\n\n\n\n<p>Bolsonaro prosseguia: &#8220;Aquele rem\u00e9dio l\u00e1, hidroxicloroquina, est\u00e1 dando certo em tudo o que \u00e9 lugar&#8221;.&nbsp;<\/p>\n\n\n\n<p>O uso do rem\u00e9dio ainda est\u00e1 em fase de estudos e sua efic\u00e1cia n\u00e3o \u00e9 garantida pela comunidade m\u00e9dica contra o v\u00edrus.<\/p>\n\n\n\n<p>A decis\u00e3o do Facebook acontece no dia seguinte a exclus\u00e3o de dois v\u00eddeos de Bolsonaro pelo Twitter.<br><\/p>\n","protected":false},"excerpt":{"rendered":"<p>O Facebook decidiu nesta segunda-feira apagar um dos v\u00eddeos publicados pelo presidente Jair Bolsonaro no domingo (29) por promover desinforma\u00e7\u00e3o.<\/p>\n","protected":false},"author":1,"featured_media":0,"comment_status":"closed","ping_status":"open","sticky":false,"template":"","format":"standard","meta":{"_exactmetrics_skip_tracking":false,"_exactmetrics_sitenote_active":false,"_exactmetrics_sitenote_note":"","_exactmetrics_sitenote_category":0,"jetpack_post_was_ever_published":false,"_jetpack_newsletter_access":"","_jetpack_dont_email_post_to_subs":false,"_jetpack_newsletter_tier_id":0,"_jetpack_memberships_contains_paywalled_content":false,"_jetpack_memberships_contains_paid_content":false,"footnotes":"","jetpack_publicize_message":"","jetpack_publicize_feature_enabled":true,"jetpack_social_post_already_shared":true,"jetpack_social_options":{"image_generator_settings":{"template":"highway","enabled":false},"version":2}},"categories":[1],"tags":[],"class_list":["post-27243","post","type-post","status-publish","format-standard","hentry","category-notas"],"jetpack_publicize_connections":[],"jetpack_sharing_enabled":true,"jetpack_featured_media_url":"","jetpack_shortlink":"https:\/\/wp.me\/p7wKYW-75p","jetpack-related-posts":[],"_links":{"self":[{"href":"http:\/\/blogdalucianaoliveira.com.br\/blog\/wp-json\/wp\/v2\/posts\/27243","targetHints":{"allow":["GET"]}}],"collection":[{"href":"http:\/\/blogdalucianaoliveira.com.br\/blog\/wp-json\/wp\/v2\/posts"}],"about":[{"href":"http:\/\/blogdalucianaoliveira.com.br\/blog\/wp-json\/wp\/v2\/types\/post"}],"author":[{"embeddable":true,"href":"http:\/\/blogdalucianaoliveira.com.br\/blog\/wp-json\/wp\/v2\/users\/1"}],"replies":[{"embeddable":true,"href":"http:\/\/blogdalucianaoliveira.com.br\/blog\/wp-json\/wp\/v2\/comments?post=27243"}],"version-history":[{"count":1,"href":"http:\/\/blogdalucianaoliveira.com.br\/blog\/wp-json\/wp\/v2\/posts\/27243\/revisions"}],"predecessor-version":[{"id":27244,"href":"http:\/\/blogdalucianaoliveira.com.br\/blog\/wp-json\/wp\/v2\/posts\/27243\/revisions\/27244"}],"wp:attachment":[{"href":"http:\/\/blogdalucianaoliveira.com.br\/blog\/wp-json\/wp\/v2\/media?parent=27243"}],"wp:term":[{"taxonomy":"category","embeddable":true,"href":"http:\/\/blogdalucianaoliveira.com.br\/blog\/wp-json\/wp\/v2\/categories?post=27243"},{"taxonomy":"post_tag","embeddable":true,"href":"http:\/\/blogdalucianaoliveira.com.br\/blog\/wp-json\/wp\/v2\/tags?post=27243"}],"curies":[{"name":"wp","href":"https:\/\/api.w.org\/{rel}","templated":true}]}}