{"id":27245,"date":"2020-03-30T19:29:27","date_gmt":"2020-03-30T23:29:27","guid":{"rendered":"http:\/\/blogdalucianaoliveira.com.br\/blog\/?p=27245"},"modified":"2020-03-30T19:35:55","modified_gmt":"2020-03-30T23:35:55","slug":"covid-19-governador-de-ro-e-proibido-pela-justica-de-mudar-decreto-para-agradar-bolsonaro","status":"publish","type":"post","link":"http:\/\/blogdalucianaoliveira.com.br\/blog\/2020\/03\/30\/covid-19-governador-de-ro-e-proibido-pela-justica-de-mudar-decreto-para-agradar-bolsonaro\/","title":{"rendered":"Covid-19: Governador de RO \u00e9 proibido pela justi\u00e7a de mudar decreto para agradar Bolsonaro"},"content":{"rendered":"\n<figure class=\"wp-block-image\"><img data-recalc-dims=\"1\" decoding=\"async\" src=\"https:\/\/i0.wp.com\/tudorondonia.com\/uploads\/21-11-19-wxocg5gw1qmroxx.jpg?w=600&#038;ssl=1\" alt=\"Marcos Rocha ser\u00e1 o primeiro governador do partido de Bolsonaro ...\"\/><\/figure>\n\n\n\n<p>A liminar da ju\u00edza In\u00eas Moreira da Costa, da  1\u00aa Vara da Fazenda P\u00fablica de Porto Velho, determina ao governador&nbsp;<a href=\"https:\/\/planetafolha.com.br\/tag\/marcos-rocha\/\">Marcos Rocha<\/a> que n\u00e3o mude o decreto para afrouxar medidas de conten\u00e7\u00e3o da pandemia que causou a primeira morte no estado nesta segunda-feira, 30.<\/p>\n\n\n\n<!--more-->\n\n\n\n<p>&#8220;Concedo a tutela de urg\u00eancia, em c\u00e1rater antecedente , para DETERMINAR que o Estado de Rond\u00f4nia se abstenha de flexibilizar , por ora, as medidas de restri\u00e7\u00e3o e isolamento social estabelecidas pelo Decreto Estadual n. 24.887\/2020, alterado pelo Decreto n. 24.891\/2020, at\u00e9 que o Estado de Rond\u00f4nia e seus Munic\u00edpios disponham de KITS para exames de detec\u00e7\u00e3o da COVID-19, equipamentos de prote\u00e7\u00e3o individual e estrutura\u00e7\u00e3o e coordena\u00e7\u00e3o das redes de sa\u00fade (de baixa, m\u00e9dia e alta complexidade), possibilitando atingir o melhor cen\u00e1rio para enfrentamento da pandemia.\u201d<\/p>\n\n\n\n<p>O pedido foi feito pelo Minist\u00e9rio P\u00fablico do Estado em A\u00e7\u00e3o Civil P\u00fablica que destacou que o governo vinha cumprindo as orienta\u00e7\u00f5es da Organiza\u00e7\u00e3o Mundial de Sa\u00fade &#8211; OMS, at\u00e9 o pronunciamento do presidente Jair Bolsonaro em que incentivou as pessoas a voltarem \u00e0 normalidade.<\/p>\n\n\n\n<p>Em v\u00eddeo  o governador admitiu que seguiria a linha do presidente por alinhamento ideol\u00f3gico e amizade.<\/p>\n\n\n\n<p>\u201cLembrando que sou um apoiador, sou uma pessoa amiga do presidente Bolsonaro e a gente vai seguir essa linha aqui, de fazer com que o decreto mantenha a linha produtiva\u201d, disse o governador na ocasi\u00e3o. <\/p>\n\n\n\n<p>A ju\u00edza ressaltou que a \u201ctutela ter\u00e1 vig\u00eancia at\u00e9 que as partes Requeridas apresentem as informa\u00e7\u00f5es pertinentes, ocasi\u00e3o em que poder\u00e1 ser mantida ou revogada.\u201d<\/p>\n\n\n\n<p><a href=\"https:\/\/planetafolha.com.br\/wp-content\/uploads\/2020\/03\/DECIS%C3%83O.pdf\">Confira a DECIS\u00c3O na integra:Descarregar<\/a><br><\/p>\n\n\n\n<p><\/p>\n\n\n\n<p><ins><br> <\/ins><\/p>\n","protected":false},"excerpt":{"rendered":"<p>A liminar da ju\u00edza In\u00eas Moreira da Costa, da 1\u00aa Vara da Fazenda P\u00fablica de Porto Velho, determina ao governador&nbsp;Marcos Rocha que n\u00e3o mude o decreto para afrouxar medidas de conten\u00e7\u00e3o da pandemia que causou a primeira morte no estado nesta segunda-feira, 30.<\/p>\n","protected":false},"author":1,"featured_media":0,"comment_status":"closed","ping_status":"open","sticky":false,"template":"","format":"standard","meta":{"_exactmetrics_skip_tracking":false,"_exactmetrics_sitenote_active":false,"_exactmetrics_sitenote_note":"","_exactmetrics_sitenote_category":0,"jetpack_post_was_ever_published":false,"_jetpack_newsletter_access":"","_jetpack_dont_email_post_to_subs":false,"_jetpack_newsletter_tier_id":0,"_jetpack_memberships_contains_paywalled_content":false,"_jetpack_memberships_contains_paid_content":false,"footnotes":"","jetpack_publicize_message":"","jetpack_publicize_feature_enabled":true,"jetpack_social_post_already_shared":true,"jetpack_social_options":{"image_generator_settings":{"template":"highway","enabled":false},"version":2}},"categories":[1],"tags":[],"class_list":["post-27245","post","type-post","status-publish","format-standard","hentry","category-notas"],"jetpack_publicize_connections":[],"jetpack_sharing_enabled":true,"jetpack_featured_media_url":"","jetpack_shortlink":"https:\/\/wp.me\/p7wKYW-75r","jetpack-related-posts":[],"_links":{"self":[{"href":"http:\/\/blogdalucianaoliveira.com.br\/blog\/wp-json\/wp\/v2\/posts\/27245","targetHints":{"allow":["GET"]}}],"collection":[{"href":"http:\/\/blogdalucianaoliveira.com.br\/blog\/wp-json\/wp\/v2\/posts"}],"about":[{"href":"http:\/\/blogdalucianaoliveira.com.br\/blog\/wp-json\/wp\/v2\/types\/post"}],"author":[{"embeddable":true,"href":"http:\/\/blogdalucianaoliveira.com.br\/blog\/wp-json\/wp\/v2\/users\/1"}],"replies":[{"embeddable":true,"href":"http:\/\/blogdalucianaoliveira.com.br\/blog\/wp-json\/wp\/v2\/comments?post=27245"}],"version-history":[{"count":2,"href":"http:\/\/blogdalucianaoliveira.com.br\/blog\/wp-json\/wp\/v2\/posts\/27245\/revisions"}],"predecessor-version":[{"id":27247,"href":"http:\/\/blogdalucianaoliveira.com.br\/blog\/wp-json\/wp\/v2\/posts\/27245\/revisions\/27247"}],"wp:attachment":[{"href":"http:\/\/blogdalucianaoliveira.com.br\/blog\/wp-json\/wp\/v2\/media?parent=27245"}],"wp:term":[{"taxonomy":"category","embeddable":true,"href":"http:\/\/blogdalucianaoliveira.com.br\/blog\/wp-json\/wp\/v2\/categories?post=27245"},{"taxonomy":"post_tag","embeddable":true,"href":"http:\/\/blogdalucianaoliveira.com.br\/blog\/wp-json\/wp\/v2\/tags?post=27245"}],"curies":[{"name":"wp","href":"https:\/\/api.w.org\/{rel}","templated":true}]}}