{"id":27249,"date":"2020-03-31T06:08:25","date_gmt":"2020-03-31T10:08:25","guid":{"rendered":"http:\/\/blogdalucianaoliveira.com.br\/blog\/?p=27249"},"modified":"2020-03-31T06:08:29","modified_gmt":"2020-03-31T10:08:29","slug":"enquanto-os-adultos-trabalham-bolsonaro-se-desespera","status":"publish","type":"post","link":"http:\/\/blogdalucianaoliveira.com.br\/blog\/2020\/03\/31\/enquanto-os-adultos-trabalham-bolsonaro-se-desespera\/","title":{"rendered":"Enquanto os adultos trabalham, Bolsonaro se desespera"},"content":{"rendered":"\n<figure class=\"wp-block-image size-large\"><img data-recalc-dims=\"1\" loading=\"lazy\" decoding=\"async\" width=\"600\" height=\"400\" data-attachment-id=\"27250\" data-permalink=\"http:\/\/blogdalucianaoliveira.com.br\/blog\/2020\/03\/31\/enquanto-os-adultos-trabalham-bolsonaro-se-desespera\/image-94-2\/\" data-orig-file=\"https:\/\/i0.wp.com\/blogdalucianaoliveira.com.br\/blog\/wp-content\/uploads\/2020\/03\/image-94.jpeg?fit=1024%2C683\" data-orig-size=\"1024,683\" data-comments-opened=\"0\" data-image-meta=\"{&quot;aperture&quot;:&quot;0&quot;,&quot;credit&quot;:&quot;&quot;,&quot;camera&quot;:&quot;&quot;,&quot;caption&quot;:&quot;&quot;,&quot;created_timestamp&quot;:&quot;0&quot;,&quot;copyright&quot;:&quot;&quot;,&quot;focal_length&quot;:&quot;0&quot;,&quot;iso&quot;:&quot;0&quot;,&quot;shutter_speed&quot;:&quot;0&quot;,&quot;title&quot;:&quot;&quot;,&quot;orientation&quot;:&quot;0&quot;}\" data-image-title=\"image-94\" data-image-description=\"\" data-image-caption=\"\" data-medium-file=\"https:\/\/i0.wp.com\/blogdalucianaoliveira.com.br\/blog\/wp-content\/uploads\/2020\/03\/image-94.jpeg?fit=300%2C200\" data-large-file=\"https:\/\/i0.wp.com\/blogdalucianaoliveira.com.br\/blog\/wp-content\/uploads\/2020\/03\/image-94.jpeg?fit=600%2C400\" src=\"https:\/\/i0.wp.com\/blogdalucianaoliveira.com.br\/blog\/wp-content\/uploads\/2020\/03\/image-94.jpeg?resize=600%2C400\" alt=\"\" class=\"wp-image-27250\" srcset=\"https:\/\/i0.wp.com\/blogdalucianaoliveira.com.br\/blog\/wp-content\/uploads\/2020\/03\/image-94.jpeg?w=1024 1024w, https:\/\/i0.wp.com\/blogdalucianaoliveira.com.br\/blog\/wp-content\/uploads\/2020\/03\/image-94.jpeg?resize=300%2C200 300w, https:\/\/i0.wp.com\/blogdalucianaoliveira.com.br\/blog\/wp-content\/uploads\/2020\/03\/image-94.jpeg?resize=768%2C512 768w, https:\/\/i0.wp.com\/blogdalucianaoliveira.com.br\/blog\/wp-content\/uploads\/2020\/03\/image-94.jpeg?resize=450%2C300 450w\" sizes=\"auto, (max-width: 600px) 100vw, 600px\" \/><\/figure>\n\n\n\n<p>Presidente est\u00e1 acuado, e seu \u00fanico trunfo restante \u00e9 a tal vontade do povo, cada vez mais restrita a uma parcela fan\u00e1tica do eleitorado.<\/p>\n\n\n\n<!--more-->\n\n\n\n<p><strong>Joel Pinheiro da Fonseca<\/strong>, na FSP<\/p>\n\n\n\n<p>Ainda n\u00e3o est\u00e1 claro qual o caminho institucional que pode remover a amea\u00e7a \u00e0 sa\u00fade p\u00fablica e institucional da cadeira presidencial. Para impeachment, a popularidade ainda \u00e9 alta. Para&nbsp;<a href=\"https:\/\/www1.folha.uol.com.br\/colunas\/monicabergamo\/2020\/03\/ciro-gomes-haddad-e-boulos-pedem-renuncia-de-bolsonaro-em-manifesto.shtml\">ren\u00fancia, \u00e9 preciso convenc\u00ea-lo antes<\/a>. O que n\u00e3o se discute \u00e9 que, sob qualquer aspecto, o&nbsp;<a href=\"https:\/\/www1.folha.uol.com.br\/poder\/2020\/03\/em-entrevista-a-folha-mourao-aponta-falta-de-coordenacao-em-acoes-finais-contra-coronavirus.shtml\">general Mour\u00e3o<\/a>&nbsp;seria um l\u00edder superior a Bolsonaro para mobilizar os esfor\u00e7os de combate ao coronav\u00edrus.<\/p>\n\n\n\n<p>Bolsonaro adoraria fazer como seu\u00a0<a href=\"https:\/\/www1.folha.uol.com.br\/mundo\/2020\/03\/primeiro-ministro-da-hungria-obtem-poder-para-governar-por-decreto.shtml\">modelo inspirador da Hungria, Viktor Orb\u00e1n, e usar a epidemia para conquistar poderes ditatoriais<\/a>. Mas quem o apoiaria nessa tomada do poder? Congresso e For\u00e7as Armadas jamais aceitar\u00e3o um autogolpe.<\/p>\n\n\n\n<p>Bolsonaro\u00a0<a href=\"https:\/\/www1.folha.uol.com.br\/poder\/2020\/03\/bolsonaro-ataca-a-folha-e-diz-que-tour-pelo-comercio-de-brasilia-nao-foi-um-passeio.shtml\">ataca as institui\u00e7\u00f5es sem cessar<\/a>, mas elas se mant\u00eam firmes e tornam seus ataques impotentes. A imprensa segue noticiando os desmandos do presidente. O Congresso altera a seu bel-prazer os projetos que chegam do governo. O\u00a0<a href=\"https:\/\/www1.folha.uol.com.br\/poder\/2020\/03\/moraes-do-stf-suspende-medida-de-bolsonaro-que-restringiu-acesso-a-informacoes.shtml\">STF barra medidas com potencialidades autorit\u00e1rias, como a mudan\u00e7a na Lei de Acesso \u00e0 Informa\u00e7\u00e3o<\/a>.<\/p>\n\n\n\n<p>Por todos os lados, Bolsonaro encontra obst\u00e1culos. Est\u00e1 acuado. Seu \u00fanico trunfo restante \u00e9 a tal \u201cvontade do povo\u201d, cada vez mais restrita a uma parcela fan\u00e1tica do eleitorado.<\/p>\n\n\n\n<p>Vocifera o quanto quer, mas sabe que, se pisar fora da linha, est\u00e1 fora. O que n\u00e3o est\u00e1 100% claro \u00e9 onde est\u00e1 a linha. Numa&nbsp;<a href=\"https:\/\/www1.folha.uol.com.br\/poder\/2020\/03\/governo-faz-mudancas-para-atenuar-visibilidade-de-mandetta-mas-diz-que-ele-nao-sera-demitido.shtml\">poss\u00edvel demiss\u00e3o do ministro Mandetta<\/a>? Na revela\u00e7\u00e3o de que Bolsonaro recebeu exame positivo para o v\u00edrus e mentira sobre o resultado, possibilidade que o&nbsp;<a href=\"https:\/\/www1.folha.uol.com.br\/poder\/2020\/03\/em-entrevista-a-folha-mourao-aponta-falta-de-coordenacao-em-acoes-finais-contra-coronavirus.shtml\">vice Mour\u00e3o definiu como \u201co pior dos mundos\u201d<\/a>?<\/p>\n\n\n\n<p>\u00c9 tr\u00e1gico que o Brasil tenha chegado a isso. Em tese, nada h\u00e1 no bolsonarismo que implique necessariamente o negacionismo do coronav\u00edrus. A linha poderia facilmente ser: \u201co v\u00edrus \u00e9 s\u00e9rio, mas felizmente temos Bolsonaro, o melhor presidente da Hist\u00f3ria, que nomeou um corpo t\u00e9cnico de ministros, entre eles Mandetta, para liderar os esfor\u00e7os contra a amea\u00e7a\u201d. A necessidade de polarizar e criar inimigos, no entanto, falou mais alto.<\/p>\n\n\n\n<p>Toda e qualquer mostra de compet\u00eancia t\u00e9cnica \u2014que necessariamente ofusca o presidente\u2014 \u00e9 punida.&nbsp;<a href=\"https:\/\/www1.folha.uol.com.br\/poder\/2020\/03\/governo-faz-mudancas-para-atenuar-visibilidade-de-mandetta-mas-diz-que-ele-nao-sera-demitido.shtml\">Mandetta passou rapidamente de her\u00f3i do governo a advers\u00e1rio interno<\/a>. Num ato de patriotismo, o ministro engole a seco todas as vezes que Bolsonaro o desautoriza, ignora as falas e a\u00e7\u00f5es do presidente e tenta, na medida do poss\u00edvel, tomar as medidas corretas.<\/p>\n\n\n\n<p>Uma epidemia \u00e9 o momento de um presidente unir o povo ao redor de si; Bolsonaro s\u00f3 consegue dividir, e com efic\u00e1cia cada vez menor. Vejo apoiadores ora fan\u00e1ticos agora moderarem sua devo\u00e7\u00e3o ao presidente.<\/p>\n\n\n\n<p>E outros, antes moderados, agora cr\u00edticos. O esfor\u00e7o de governadores \u2014Doria, Leite, Dino, Witzel\u2014 que colocam a sa\u00fade do povo antes dos aplausos moment\u00e2neos vai render frutos.<\/p>\n\n\n\n<p>Bolsonaro sempre foi um l\u00edder fraco. Que outros poderes cresceriam para tomar seu lugar j\u00e1 era previsto. Mas o que observamos vai al\u00e9m disso: Congresso e governadores n\u00e3o apenas crescem em cima da fraqueza presidencial como, reagindo aos ataques do presidente, tamb\u00e9m melhoram.<\/p>\n\n\n\n<p>O&nbsp;<a href=\"https:\/\/www1.folha.uol.com.br\/mercado\/2020\/03\/governo-montara-sistema-para-viabilizar-distribuicao-de-coronavoucher-e-alerta-para-fraudes.shtml\">Congresso n\u00e3o s\u00f3 potencializou as propostas do governo para a epidemia<\/a>&nbsp;como tamb\u00e9m \u00e9 protagonista das reformas econ\u00f4micas e do debate sobre educa\u00e7\u00e3o. Os governadores, por sua vez, contrariam a irresponsabilidade presidencial e t\u00eam, nisso, o apoio do ministro da Sa\u00fade. Os adultos est\u00e3o trabalhando. Bolsonaro, desesperado, se isola. Cair ou ficar, \u00e9 o de menos; j\u00e1 \u00e9 uma horrorosa pe\u00e7a de decora\u00e7\u00e3o.\u200b<\/p>\n","protected":false},"excerpt":{"rendered":"<p>Presidente est\u00e1 acuado, e seu \u00fanico trunfo restante \u00e9 a tal vontade do povo, cada vez mais restrita a uma parcela fan\u00e1tica do eleitorado.<\/p>\n","protected":false},"author":1,"featured_media":0,"comment_status":"closed","ping_status":"open","sticky":false,"template":"","format":"standard","meta":{"_exactmetrics_skip_tracking":false,"_exactmetrics_sitenote_active":false,"_exactmetrics_sitenote_note":"","_exactmetrics_sitenote_category":0,"jetpack_post_was_ever_published":false,"_jetpack_newsletter_access":"","_jetpack_dont_email_post_to_subs":false,"_jetpack_newsletter_tier_id":0,"_jetpack_memberships_contains_paywalled_content":false,"_jetpack_memberships_contains_paid_content":false,"footnotes":"","jetpack_publicize_message":"","jetpack_publicize_feature_enabled":true,"jetpack_social_post_already_shared":true,"jetpack_social_options":{"image_generator_settings":{"template":"highway","enabled":false},"version":2}},"categories":[1],"tags":[],"class_list":["post-27249","post","type-post","status-publish","format-standard","hentry","category-notas"],"jetpack_publicize_connections":[],"jetpack_sharing_enabled":true,"jetpack_featured_media_url":"","jetpack_shortlink":"https:\/\/wp.me\/p7wKYW-75v","jetpack-related-posts":[],"_links":{"self":[{"href":"http:\/\/blogdalucianaoliveira.com.br\/blog\/wp-json\/wp\/v2\/posts\/27249","targetHints":{"allow":["GET"]}}],"collection":[{"href":"http:\/\/blogdalucianaoliveira.com.br\/blog\/wp-json\/wp\/v2\/posts"}],"about":[{"href":"http:\/\/blogdalucianaoliveira.com.br\/blog\/wp-json\/wp\/v2\/types\/post"}],"author":[{"embeddable":true,"href":"http:\/\/blogdalucianaoliveira.com.br\/blog\/wp-json\/wp\/v2\/users\/1"}],"replies":[{"embeddable":true,"href":"http:\/\/blogdalucianaoliveira.com.br\/blog\/wp-json\/wp\/v2\/comments?post=27249"}],"version-history":[{"count":1,"href":"http:\/\/blogdalucianaoliveira.com.br\/blog\/wp-json\/wp\/v2\/posts\/27249\/revisions"}],"predecessor-version":[{"id":27251,"href":"http:\/\/blogdalucianaoliveira.com.br\/blog\/wp-json\/wp\/v2\/posts\/27249\/revisions\/27251"}],"wp:attachment":[{"href":"http:\/\/blogdalucianaoliveira.com.br\/blog\/wp-json\/wp\/v2\/media?parent=27249"}],"wp:term":[{"taxonomy":"category","embeddable":true,"href":"http:\/\/blogdalucianaoliveira.com.br\/blog\/wp-json\/wp\/v2\/categories?post=27249"},{"taxonomy":"post_tag","embeddable":true,"href":"http:\/\/blogdalucianaoliveira.com.br\/blog\/wp-json\/wp\/v2\/tags?post=27249"}],"curies":[{"name":"wp","href":"https:\/\/api.w.org\/{rel}","templated":true}]}}