{"id":27252,"date":"2020-03-31T06:32:07","date_gmt":"2020-03-31T10:32:07","guid":{"rendered":"http:\/\/blogdalucianaoliveira.com.br\/blog\/?p=27252"},"modified":"2020-03-31T06:32:13","modified_gmt":"2020-03-31T10:32:13","slug":"isolamento-social-e-respeitado-por-60-dos-brasileiros-indica-software","status":"publish","type":"post","link":"http:\/\/blogdalucianaoliveira.com.br\/blog\/2020\/03\/31\/isolamento-social-e-respeitado-por-60-dos-brasileiros-indica-software\/","title":{"rendered":"Isolamento social \u00e9 respeitado por 60% dos brasileiros, indica software"},"content":{"rendered":"\n<figure class=\"wp-block-image size-large\"><img data-recalc-dims=\"1\" loading=\"lazy\" decoding=\"async\" width=\"600\" height=\"445\" data-attachment-id=\"27253\" data-permalink=\"http:\/\/blogdalucianaoliveira.com.br\/blog\/2020\/03\/31\/isolamento-social-e-respeitado-por-60-dos-brasileiros-indica-software\/dcim100mediadji_0356-jpg\/\" data-orig-file=\"https:\/\/i0.wp.com\/blogdalucianaoliveira.com.br\/blog\/wp-content\/uploads\/2020\/03\/image-95.jpeg?fit=868%2C644\" data-orig-size=\"868,644\" data-comments-opened=\"0\" data-image-meta=\"{&quot;aperture&quot;:&quot;2.2&quot;,&quot;credit&quot;:&quot;&quot;,&quot;camera&quot;:&quot;FC220&quot;,&quot;caption&quot;:&quot;DCIM100MEDIADJI_0356.JPG&quot;,&quot;created_timestamp&quot;:&quot;1584785644&quot;,&quot;copyright&quot;:&quot;&quot;,&quot;focal_length&quot;:&quot;4.73&quot;,&quot;iso&quot;:&quot;100&quot;,&quot;shutter_speed&quot;:&quot;0.0008&quot;,&quot;title&quot;:&quot;DCIM100MEDIADJI_0356.JPG&quot;,&quot;orientation&quot;:&quot;0&quot;}\" data-image-title=\"DCIM\\100MEDIA\\DJI_0356.JPG\" data-image-description=\"\" data-image-caption=\"&lt;p&gt;DCIM\\100MEDIA\\DJI_0356.JPG&lt;\/p&gt;\n\" data-medium-file=\"https:\/\/i0.wp.com\/blogdalucianaoliveira.com.br\/blog\/wp-content\/uploads\/2020\/03\/image-95.jpeg?fit=300%2C223\" data-large-file=\"https:\/\/i0.wp.com\/blogdalucianaoliveira.com.br\/blog\/wp-content\/uploads\/2020\/03\/image-95.jpeg?fit=600%2C445\" src=\"https:\/\/i0.wp.com\/blogdalucianaoliveira.com.br\/blog\/wp-content\/uploads\/2020\/03\/image-95.jpeg?resize=600%2C445\" alt=\"\" class=\"wp-image-27253\" srcset=\"https:\/\/i0.wp.com\/blogdalucianaoliveira.com.br\/blog\/wp-content\/uploads\/2020\/03\/image-95.jpeg?w=868 868w, https:\/\/i0.wp.com\/blogdalucianaoliveira.com.br\/blog\/wp-content\/uploads\/2020\/03\/image-95.jpeg?resize=300%2C223 300w, https:\/\/i0.wp.com\/blogdalucianaoliveira.com.br\/blog\/wp-content\/uploads\/2020\/03\/image-95.jpeg?resize=768%2C570 768w, https:\/\/i0.wp.com\/blogdalucianaoliveira.com.br\/blog\/wp-content\/uploads\/2020\/03\/image-95.jpeg?resize=404%2C300 404w\" sizes=\"auto, (max-width: 600px) 100vw, 600px\" \/><figcaption>DCIM\\100MEDIA\\DJI_0356.JPG<\/figcaption><\/figure>\n\n\n\n<p>Dado a partir da geolocaliza\u00e7\u00e3o<\/p>\n\n\n\n<p>Checa onde medida \u00e9 descumprida<\/p>\n\n\n\n<p>15 Estados usam a tecnologia<\/p>\n\n\n\n<!--more-->\n\n\n\n<p>No Poder 360 <\/p>\n\n\n\n<p>Uma tecnologia de geolocaliza\u00e7\u00e3o aponta o n\u00edvel de isolamento das pessoas nos Estados do Brasil. Criado pela&nbsp;<a href=\"https:\/\/inloco.com.br\/pt\/\" target=\"_blank\" rel=\"noreferrer noopener\">Inloco<\/a>&nbsp;\u2013uma empresa de Recife (PE)\u2013, o&nbsp;<em>software<\/em>consegue mapear o comportamento de 1 indiv\u00edduo por meio de sinais de dispositivos de rede sem fio conectado a celulares.<\/p>\n\n\n\n<p>A empresa tem promovido a doa\u00e7\u00e3o de tecnologias para ajudar no enfrentamento \u00e0 pandemia da covid-19 \u2013doen\u00e7a causada pelo novo coronav\u00edrus. A 1\u00aa desenvolvida \u00e9&nbsp;<a href=\"https:\/\/www.poder360.com.br\/tecnologia\/desembarque-de-1-dia-em-guarulhos-leva-pessoas-para-o-brasil-inteiro\/\" target=\"_blank\" rel=\"noreferrer noopener\">capaz de mapear o potencial de cont\u00e1gio dos passageiros<\/a>&nbsp;que chegaram em voos internacionais no aeroporto de Guarulhos, em S\u00e3o Paulo.<\/p>\n\n\n\n<p>A 1\u00aa prefeitura a adotar o novo sistema de geolocaliza\u00e7\u00e3o foi a de Recife. Hoje a tecnologia j\u00e1 \u00e9 utilizada por mais de 15 Estados. Desta forma, os gestores conseguem identificar onde \u00e9 preciso intensificar a\u00e7\u00f5es de conscientiza\u00e7\u00e3o sobre a necessidade da quarentena para conter a propaga\u00e7\u00e3o da doen\u00e7a.<\/p>\n\n\n\n<p>Os dados mapeados pela Inloco mostram que a m\u00e9dia nacional de pessoas que t\u00eam cumprido o isolamento \u00e9 de 60%. Ou seja, a cada 5 brasileiros, 3 est\u00e3o permanecendo em casa para evitar o cont\u00e1gio e\/ou transmiss\u00e3o do coronav\u00edrus.<\/p>\n\n\n\n<p>As unidades federativas onde a popula\u00e7\u00e3o fica mais em isolamento s\u00e3o: Goi\u00e1s (64,7%), Distrito Federal (64%); Santa Catarina (63,7%); Cear\u00e1 (61,9%); Rio Grande do Sul (61,3%); Piau\u00ed (61,1%); e Pernambuco (61,1%).<\/p>\n\n\n\n<p>J\u00e1 onde h\u00e1 menos isolamento, com s\u00f3 metade da popula\u00e7\u00e3o respeitando a pol\u00edtica de isolamento s\u00e3o os Estados do Tocantins (53,2%); de Rond\u00f4nia (53,7%), de Roraima (53,9%), e do Mato Grosso (54,5%).<\/p>\n\n\n\n<p>Eis o quadro abaixo:<\/p>\n\n\n\n<figure class=\"wp-block-image\"><img data-recalc-dims=\"1\" decoding=\"async\" src=\"https:\/\/i0.wp.com\/static.poder360.com.br\/2020\/03\/mapa4.jpeg?w=600&#038;ssl=1\" alt=\"\"\/><\/figure>\n\n\n\n<p>De vermelho a verde mais escuro, as cores identificam o Estado menos isolado para o mais isolado&nbsp;Divulga\u00e7\u00e3o -Inloco<\/p>\n\n\n\n<p>Veja como est\u00e1 a regi\u00e3o de S\u00e3o Paulo, Estado com maior n\u00famero de casos confirmados no Brasil:<\/p>\n\n\n\n<figure class=\"wp-block-image\"><img data-recalc-dims=\"1\" decoding=\"async\" src=\"https:\/\/i0.wp.com\/static.poder360.com.br\/2020\/03\/mapa2.jpeg?w=600&#038;ssl=1\" alt=\"\"\/><\/figure>\n\n\n\n<p>N\u00edvel de isolamento por cidade do Estado de S\u00e3o Paulo&nbsp;Divulga\u00e7\u00e3o\/Inloco<\/p>\n\n\n\n<figure class=\"wp-block-image\"><img data-recalc-dims=\"1\" decoding=\"async\" src=\"https:\/\/i0.wp.com\/static.poder360.com.br\/2020\/03\/mapa1.jpg?w=600&#038;ssl=1\" alt=\"\"\/><\/figure>\n\n\n\n<p>A cidade de S\u00e3o Paulo; pontos verdes indicam maior isolamento social&nbsp;Divulga\u00e7\u00e3o\/Inloco<\/p>\n\n\n\n<p>No quadro de Bras\u00edlia,&nbsp; \u00e9 poss\u00edvel verificar que a regi\u00e3o central, na qual est\u00e3o situados \u00f3rg\u00e3os p\u00fablicos, a Esplanada dos Minist\u00e9rios, o Congresso Nacional, setores de empresas de comunica\u00e7\u00e3o e m\u00eddia, as pessoas t\u00eam 1 comportamento de n\u00e3o-quarentena. Nas pontas, observa-se que h\u00e1 1 n\u00edvel de isolamento maior.<\/p>\n\n\n\n<figure class=\"wp-block-image\"><img data-recalc-dims=\"1\" decoding=\"async\" src=\"https:\/\/i0.wp.com\/static.poder360.com.br\/2020\/03\/mapa2.jpg?w=600&#038;ssl=1\" alt=\"\"\/><\/figure>\n\n\n\n<p>Regi\u00e3o central de Bras\u00edlia tem mais pontos vermelhos (de n\u00e3o-isolamento)Divulga\u00e7\u00e3o\/Inloco<\/p>\n\n\n\n<p>Segundo o fundador da Inloco, Andr\u00e9 Ferraz, em breve uma plataforma ser\u00e1 disponibilizada para o p\u00fablico. Qualquer usu\u00e1rio poder\u00e1 verificar o n\u00edvel de isolamento das pessoas nos Estados e em sua regi\u00e3o.<\/p>\n\n\n\n<h2 class=\"wp-block-heading\"><strong>COMO FUNCIONA A TECNOLOGIA<\/strong><\/h2>\n\n\n\n<p>Para identificar as regi\u00f5es onde as pessoas t\u00eam cumprido ou n\u00e3o o isolamento decretado pelos governos estaduais, a tecnologia estuda o comportamento da popula\u00e7\u00e3o por meio de sinais de dispositivos de rede sem fio conectados a celulares. A precis\u00e3o m\u00e9dia \u00e9 de 3 metros.<\/p>\n\n\n\n<p><em>\u201c\u00c9 uma tecnologia nova que \u00e9 mais precisa que o GPS, que se comunica com sat\u00e9lites e consegue calcular a posi\u00e7\u00e3o de uma pessoa na terra baseada nessa comunica\u00e7\u00e3o com o sat\u00e9lite. Essa tecnologia se comunica com dispositivos mais pr\u00f3ximos de uma pessoa. Ent\u00e3o, em vez de usar sat\u00e9lite, a tecnologia se conecta com antenas de wi-fi e bluetooth. A tecnologia l\u00ea os sensores e consegue fazer uma impress\u00e3o digital para o local\u201d<\/em>, explicou Andr\u00e9 Ferraz.<\/p>\n\n\n\n<p>Segundo Ferraz, o \u00edndice de isolamento de 1 indiv\u00edduo \u00e9 observado a partir do n\u00edvel de vezes que ele se desconecta do dispositivo de rede. A tecnologia, depois de ter identificado o local no qual o indiv\u00edduo mora, consegue evidenciar quando ele sai de casa.<\/p>\n\n\n\n<p><em>\u201cEssa tecnologia consegue aprender, com base no local em que voc\u00ea mais passa tempo durante a noite, que aquele local \u00e9 a sua casa. A partir disso, a gente consegue mapear o percentual de pessoas que, em uma determinada regi\u00e3o, sa\u00edram de suas resid\u00eancias\u201d,<\/em>&nbsp;explica.<\/p>\n\n\n\n<p>A tecnologia foi criada a partir da adapta\u00e7\u00e3o de 1&nbsp;<em>software<\/em>&nbsp;usado em bancos privados para identificar comportamentos diferentes dos clientes que sinalizam sinal de fraude, roubo ou clonagem de contas e cart\u00f5es.<\/p>\n\n\n\n<h2 class=\"wp-block-heading\"><strong>PRESERVA\u00c7\u00c3O DE PRIVACIDADE<\/strong><\/h2>\n\n\n\n<p>O fundador da empresa de tecnologia de seguran\u00e7a afirma que os dados n\u00e3o interferem na privacidade das pessoas, uma vez que captam apenas a movimenta\u00e7\u00e3o de 1 dispositivo. O programa n\u00e3o tem acesso a dados de pessoas ou ao n\u00famero do telefone do indiv\u00edduo.<\/p>\n\n\n\n<p>Segundo Ferraz, apesar de a tecnologia ter uma precis\u00e3o de 3 metros dos sinais do dispositivo de uma pessoa, os dados compartilhados com o governo possuem o registro de 1 campo de 400 metros x 400 metros. Ou seja, \u00e9 1 campo onde vivem v\u00e1rias pessoas, o que n\u00e3o permite ser capaz de mapear a informa\u00e7\u00e3o de 1 \u00fanico indiv\u00edduo.<\/p>\n","protected":false},"excerpt":{"rendered":"<p>Dado a partir da geolocaliza\u00e7\u00e3o Checa onde medida \u00e9 descumprida 15 Estados usam a tecnologia<\/p>\n","protected":false},"author":1,"featured_media":0,"comment_status":"closed","ping_status":"open","sticky":false,"template":"","format":"standard","meta":{"_exactmetrics_skip_tracking":false,"_exactmetrics_sitenote_active":false,"_exactmetrics_sitenote_note":"","_exactmetrics_sitenote_category":0,"jetpack_post_was_ever_published":false,"_jetpack_newsletter_access":"","_jetpack_dont_email_post_to_subs":false,"_jetpack_newsletter_tier_id":0,"_jetpack_memberships_contains_paywalled_content":false,"_jetpack_memberships_contains_paid_content":false,"footnotes":"","jetpack_publicize_message":"","jetpack_publicize_feature_enabled":true,"jetpack_social_post_already_shared":true,"jetpack_social_options":{"image_generator_settings":{"template":"highway","enabled":false},"version":2}},"categories":[1],"tags":[],"class_list":["post-27252","post","type-post","status-publish","format-standard","hentry","category-notas"],"jetpack_publicize_connections":[],"jetpack_sharing_enabled":true,"jetpack_featured_media_url":"","jetpack_shortlink":"https:\/\/wp.me\/p7wKYW-75y","jetpack-related-posts":[],"_links":{"self":[{"href":"http:\/\/blogdalucianaoliveira.com.br\/blog\/wp-json\/wp\/v2\/posts\/27252","targetHints":{"allow":["GET"]}}],"collection":[{"href":"http:\/\/blogdalucianaoliveira.com.br\/blog\/wp-json\/wp\/v2\/posts"}],"about":[{"href":"http:\/\/blogdalucianaoliveira.com.br\/blog\/wp-json\/wp\/v2\/types\/post"}],"author":[{"embeddable":true,"href":"http:\/\/blogdalucianaoliveira.com.br\/blog\/wp-json\/wp\/v2\/users\/1"}],"replies":[{"embeddable":true,"href":"http:\/\/blogdalucianaoliveira.com.br\/blog\/wp-json\/wp\/v2\/comments?post=27252"}],"version-history":[{"count":1,"href":"http:\/\/blogdalucianaoliveira.com.br\/blog\/wp-json\/wp\/v2\/posts\/27252\/revisions"}],"predecessor-version":[{"id":27254,"href":"http:\/\/blogdalucianaoliveira.com.br\/blog\/wp-json\/wp\/v2\/posts\/27252\/revisions\/27254"}],"wp:attachment":[{"href":"http:\/\/blogdalucianaoliveira.com.br\/blog\/wp-json\/wp\/v2\/media?parent=27252"}],"wp:term":[{"taxonomy":"category","embeddable":true,"href":"http:\/\/blogdalucianaoliveira.com.br\/blog\/wp-json\/wp\/v2\/categories?post=27252"},{"taxonomy":"post_tag","embeddable":true,"href":"http:\/\/blogdalucianaoliveira.com.br\/blog\/wp-json\/wp\/v2\/tags?post=27252"}],"curies":[{"name":"wp","href":"https:\/\/api.w.org\/{rel}","templated":true}]}}