{"id":27255,"date":"2020-03-31T06:40:03","date_gmt":"2020-03-31T10:40:03","guid":{"rendered":"http:\/\/blogdalucianaoliveira.com.br\/blog\/?p=27255"},"modified":"2020-03-31T06:40:11","modified_gmt":"2020-03-31T10:40:11","slug":"afastado-ate-de-trump-bolsonaro-lidera-negacionismo-do-coronavirus-no-mundo-e-incentiva-fake-news","status":"publish","type":"post","link":"http:\/\/blogdalucianaoliveira.com.br\/blog\/2020\/03\/31\/afastado-ate-de-trump-bolsonaro-lidera-negacionismo-do-coronavirus-no-mundo-e-incentiva-fake-news\/","title":{"rendered":"Afastado at\u00e9 de Trump, Bolsonaro lidera negacionismo do coronav\u00edrus no mundo e incentiva \u2018fake news\u2019"},"content":{"rendered":"\n<figure class=\"wp-block-image size-large\"><img data-recalc-dims=\"1\" loading=\"lazy\" decoding=\"async\" width=\"600\" height=\"430\" data-attachment-id=\"27256\" data-permalink=\"http:\/\/blogdalucianaoliveira.com.br\/blog\/2020\/03\/31\/afastado-ate-de-trump-bolsonaro-lidera-negacionismo-do-coronavirus-no-mundo-e-incentiva-fake-news\/image-96-2\/\" data-orig-file=\"https:\/\/i0.wp.com\/blogdalucianaoliveira.com.br\/blog\/wp-content\/uploads\/2020\/03\/image-96.jpeg?fit=640%2C459\" data-orig-size=\"640,459\" data-comments-opened=\"0\" data-image-meta=\"{&quot;aperture&quot;:&quot;0&quot;,&quot;credit&quot;:&quot;&quot;,&quot;camera&quot;:&quot;&quot;,&quot;caption&quot;:&quot;&quot;,&quot;created_timestamp&quot;:&quot;0&quot;,&quot;copyright&quot;:&quot;&quot;,&quot;focal_length&quot;:&quot;0&quot;,&quot;iso&quot;:&quot;0&quot;,&quot;shutter_speed&quot;:&quot;0&quot;,&quot;title&quot;:&quot;&quot;,&quot;orientation&quot;:&quot;0&quot;}\" data-image-title=\"image-96\" data-image-description=\"\" data-image-caption=\"\" data-medium-file=\"https:\/\/i0.wp.com\/blogdalucianaoliveira.com.br\/blog\/wp-content\/uploads\/2020\/03\/image-96.jpeg?fit=300%2C215\" data-large-file=\"https:\/\/i0.wp.com\/blogdalucianaoliveira.com.br\/blog\/wp-content\/uploads\/2020\/03\/image-96.jpeg?fit=600%2C430\" src=\"https:\/\/i0.wp.com\/blogdalucianaoliveira.com.br\/blog\/wp-content\/uploads\/2020\/03\/image-96.jpeg?resize=600%2C430\" alt=\"\" class=\"wp-image-27256\" srcset=\"https:\/\/i0.wp.com\/blogdalucianaoliveira.com.br\/blog\/wp-content\/uploads\/2020\/03\/image-96.jpeg?w=640 640w, https:\/\/i0.wp.com\/blogdalucianaoliveira.com.br\/blog\/wp-content\/uploads\/2020\/03\/image-96.jpeg?resize=300%2C215 300w, https:\/\/i0.wp.com\/blogdalucianaoliveira.com.br\/blog\/wp-content\/uploads\/2020\/03\/image-96.jpeg?resize=418%2C300 418w\" sizes=\"auto, (max-width: 600px) 100vw, 600px\" \/><\/figure>\n\n\n\n<p>Na TV, presidente questiona estat\u00edsticas das mortes e segue defendendo fim de a\u00e7\u00f5es de isolamento social. Twitter, Facebook e Instagram apagam postagens.<\/p>\n\n\n\n<!--more-->\n\n\n\n<p><a href=\"https:\/\/brasil.elpais.com\/autor\/felipe_betim\/a\/\">FELIPE BETIM<\/a><a rel=\"noreferrer noopener\" href=\"https:\/\/twitter.com\/FelipeBetim\" target=\"_blank\"><\/a>|<a href=\"https:\/\/brasil.elpais.com\/autor\/afonso_benites\/a\/\">AFONSO BENITES<\/a>, no El Pa\u00eds<\/p>\n\n\n\n<p><\/p>\n\n\n\n<p>\u201cO movimento negacionista do coronav\u00edrus agora tem um l\u00edder\u201d. Foi com essa manchete que\u00a0<a rel=\"noreferrer noopener\" href=\"https:\/\/www.theatlantic.com\/politics\/archive\/2020\/03\/bolsonaro-coronavirus-denial-brazil-trump\/608926\/\" target=\"_blank\">a revista norte-americana\u00a0<em>The Atlantic<\/em><\/a>\u00a0descreveu os discursos di\u00e1rios que o presidente\u00a0<a rel=\"noreferrer noopener\" href=\"https:\/\/brasil.elpais.com\/tag\/jair_messias_bolsonaro\/a\/\" target=\"_blank\">Jair Bolsonaro<\/a>\u00a0promove contra as medidas de distanciamento social decretadas por governadores e prefeitos e recomendadas pela\u00a0<a rel=\"noreferrer noopener\" href=\"https:\/\/brasil.elpais.com\/tag\/oms_organizacion_mundial_salud\/a\/\" target=\"_blank\">Organiza\u00e7\u00e3o Mundial da Sa\u00fade<\/a>\u00a0(OMS) e pelo pr\u00f3prio Minist\u00e9rio da Sa\u00fade para conter a pandemia do\u00a0<a rel=\"noreferrer noopener\" href=\"https:\/\/brasil.elpais.com\/noticias\/coronavirus\/\" target=\"_blank\">coronav\u00edrus<\/a>. No in\u00edcio da crise, o ultradireitista parecia seguir os passos do presidente dos Estados Unidos,\u00a0<a rel=\"noreferrer noopener\" href=\"https:\/\/brasil.elpais.com\/tag\/donald_trump\/a\/\" target=\"_blank\">Donald Trump<\/a>, que tamb\u00e9m minimizava os efeitos da\u00a0<a rel=\"noreferrer noopener\" href=\"https:\/\/brasil.elpais.com\/noticias\/covid-19\/\" target=\"_blank\">Covid-19<\/a>. Mas at\u00e9 mesmo Trump, vendo que seu pa\u00eds se transformara em epicentro mundial do novo v\u00edrus, mudou de atitude:\u00a0<a rel=\"noreferrer noopener\" href=\"https:\/\/brasil.elpais.com\/economia\/2020-03-25\/casa-branca-e-senado-acertam-o-maior-plano-de-resgate-economico-da-historia-dos-eua.html\" target=\"_blank\">negociou com o Congresso um pacote de dois trilh\u00f5es de d\u00f3lares<\/a>(cerca de 10 trilh\u00f5es de reais) para resgatar a economia, adotou um tom de concilia\u00e7\u00e3o com governadores,\u00a0<a rel=\"noreferrer noopener\" href=\"https:\/\/elpais.com\/sociedad\/2020-03-29\/el-epidemiologo-de-la-casa-blanca-calcula-que-ee-uu-podria-alcanzar-las-200000-muertes-por-coronavirus.html\" target=\"_blank\">estendeu at\u00e9 30 de abril as restri\u00e7\u00f5es \u00e0 circula\u00e7\u00e3o<\/a>\u00a0e, no \u00faltimo fim de semana, chegou a dizer que\u00a0<a rel=\"noreferrer noopener\" href=\"https:\/\/elpais.com\/sociedad\/2020-03-28\/trump-evalua-decretar-una-cuarentena-en-nueva-york-new-jersey-y-connecticut.html\" target=\"_blank\">poderia instituir o chamado\u00a0<em>lockdown<\/em><\/a>\u00a0nos Estados de Nova York, New Jersey e Connecticut. Em suma, o republicano deixou de lado a ret\u00f3rica de que a atividade econ\u00f4mica n\u00e3o pode e passou a salientar que, neste momento, a sa\u00fade dos estadounidenses deve ser a prioridade.<\/p>\n\n\n\n<p>Bolsonaro, por ora, ignora a guinada daquele que lhe serve como modelo pol\u00edtico e vem insistindo que as pessoas devem sair \u00e0s ruas e trabalhar normalmente. \u201c\u00c9 um n\u00edvel de irresponsabilidade que nunca vi num l\u00edder democraticamente eleito. Bolsonaro faz Trump parecer Churchill\u201d, ironizou Ian Bremmer, presidente da consultoria de risco Eurasia Group, no Twitter. Agindo de maneira err\u00e1tica logo ap\u00f3s atender as demandas de governadores, o mandat\u00e1rio brasileiro determinou em\u00a0<a rel=\"noreferrer noopener\" href=\"https:\/\/brasil.elpais.com\/brasil\/2020-03-25\/em-cadeia-de-tv-bolsonaro-minimiza-coronavirus-para-insuflar-base-radical.html\" target=\"_blank\">pronunciamento em cadeia nacional na passada ter\u00e7a-feira<\/a>que \u201calgumas poucas autoridades estaduais e municipais devem abandonar o conceito de terra arrasada, a proibi\u00e7\u00e3o de transportes, o fechamento do com\u00e9rcio e o confinamento em massa\u201d. Tamb\u00e9m aproveitou a ocasi\u00e3o para forjar inimigos e se referir ao coronav\u00edrus como uma mera \u201cgripezinha\u201d.<\/p>\n\n\n\n<p><a href=\"https:\/\/brasil.elpais.com\/brasil\/2020-03-26\/isolado-bolsonaro-ve-exercito-vice-mourao-e-27-governadores-marcarem-distancia-na-crise-do-coronavirus.html\" target=\"_blank\" rel=\"noreferrer noopener\"><br>Isolado politicamente<\/a>, Bolsonaro dobrou a aposta na radicaliza\u00e7\u00e3o de sua base e estimulou as carretas de empres\u00e1rios em v\u00e1rias cidades pedindo pela reativa\u00e7\u00e3o das atividades desde a sexta-feira. Al\u00e9m disso, mais uma vez driblou todas as orienta\u00e7\u00f5es de m\u00e9dicos e especialistas e passeou no domingo por mercados e centrais de vendedores ambulantes na periferia de Bras\u00edlia. Durante o chamado \u201ccoronatour\u201d, o presidente cumprimentou cidad\u00e3os de Taguatinga, Ceil\u00e2ndia e Sobradinho, al\u00e9m de refor\u00e7ar sua tese de que \u00e9 importante fortalecer a economia. Alguns analistas acreditam que Bolsonaro n\u00e3o quer ser visto como respons\u00e1vel pela recess\u00e3o na economia, diante de mortes inevit\u00e1veis, segundo sua vis\u00e3o. Por outro lado, se governadores e prefeitos t\u00eam sucesso em suas medidas e consigam conter o coronav\u00edrus, ele ainda poderia argumentar que estava certo ao dizer que n\u00e3o havia demasiados riscos para a sa\u00fade da popula\u00e7\u00e3o.<\/p>\n\n\n\n<p>O presidente e seu entorno mais radical \u2014sobretudo seus filhos\u2014 tamb\u00e9m v\u00eam divulgando e incentivando medidas contra o isolamento ou fazendo \u00eanfase sobre poss\u00edveis curas para o coronav\u00edrus. No domingo, o Twitter decidiu pela primeira vez barrar conte\u00fado compartilhado pelo ultradireitista e pagou dois v\u00eddeos que havia postado contra o isolamento social. Nesta segunda foi a vez do Facebook e do Instagram decidirem fazer o mesmo por considerar que conte\u00fado promovia a desinforma\u00e7\u00e3o. O v\u00eddeo mostrava o presidente conversando com um ambulante: \u201cEles querem trabalhar. \u00e9 o que eu tenho falado desde o come\u00e7o\u201d, dizia. \u201cAquele rem\u00e9dio l\u00e1, hidroxicloroquina, est\u00e1 dando certo em tudo o que \u00e9 lugar\u201d, continuava.&nbsp;<a href=\"https:\/\/www.bbc.com\/portuguese\/brasil-52101240\" target=\"_blank\" rel=\"noreferrer noopener\">Em nota ao portal&nbsp;<em>BBC News Brasil<\/em><\/a>, justificou a remo\u00e7\u00e3o dizendo que &#8220;viola nossos padr\u00f5es da comunidade, que n\u00e3o permitem desinforma\u00e7\u00e3o que possa causar danos reais \u00e0s pessoas\u201d.<\/p>\n\n\n\n<p>Nesta segunda, em entrevista ao canal de televis\u00e3o aberto Rede TV, Bolsonaro voltou a questionar os n\u00fameros de mortes provocadas pela Covid-19. \u201cParece que h\u00e1 interesse por parte de alguns governadores de inflar o n\u00famero\u201d, disse o presidente,<a rel=\"noreferrer noopener\" href=\"https:\/\/elpais.com\/Comentario\/1585608094-6a96ece47f958838cca7110e09aab83d?gla=pt-br\" target=\"_blank\">\u00a0ecoando uma not\u00edcia falsa, espalhada em grupos de WhatsApp e nas redes<\/a>, de que um porteiro ou borracheiro teria tido sua morte\u00a0<a rel=\"noreferrer noopener\" href=\"https:\/\/noticias.uol.com.br\/saude\/ultimas-noticias\/redacao\/2020\/03\/30\/atestado-de-obito-borracheiro-coronavirus.htm\" target=\"_blank\">erroneamente inclu\u00edda nas estat\u00edsticas de coronav\u00edrus\u00a0<\/a>(<a rel=\"noreferrer noopener\" href=\"https:\/\/brasil.elpais.com\/ciencia\/2020-03-27\/evolucao-dos-casos-de-coronavirus-no-brasil.html?rel=friso-portada\" target=\"_blank\">veja aqui os n\u00fameros em tempo real<\/a>).<\/p>\n\n\n\n<p>O que Bolsonaro faz \u00e9 utilizar \u201cuma comunica\u00e7\u00e3o meticulosamente arquitetada para ironizar e atacar inimigos ideol\u00f3gicos e pol\u00edticos, da imprensa ao m\u00e9dico Drauzio Varella, passando por governadores e prefeitos advers\u00e1rios&#8221;, opina o cientista pol\u00edtico Vin\u00edcius do Valle. \u201cBolsonaro quer, na verdade, o caos\u201d, conclui Valle.<\/p>\n\n\n\n<p>O motivo de querer o caos se deve \u00e0 pr\u00f3pria natureza do bolsonarismo, que precisa do conflito para se manter e se expandir, segundo Valle e outros estudiosos, como o historiador argentino Federico Finchelstein. \u201cEventualmente a realidade se imp\u00f5e e inclusive os seguidores mais fan\u00e1ticos em algum ponto deixam de acreditar neles. Mas, quando isso acontece, j\u00e1 ter\u00e1 havido muito sofrimento e muitas v\u00edtimas, no sentido literal do termo. As&nbsp;<a href=\"https:\/\/brasil.elpais.com\/brasil\/2018\/10\/05\/opinion\/1538754101_395174.html\">pol\u00edticas de ajuste, de repress\u00e3o e de discrimina\u00e7\u00e3o<\/a>&nbsp;t\u00eam suas consequ\u00eancias\u201d, disse Finchelstein ao EL PA\u00cdS na semana passada. Para Valle, Bolsonaro poderia encontrar na convuls\u00e3o social a justificativa que precisa para tentar concentrar ainda mais poder em suas m\u00e3os, seja a partir de opera\u00e7\u00f5es de Garantia da Lei e da Ordem ou da decreta\u00e7\u00e3o de um Estado de S\u00edtio.&nbsp;<\/p>\n\n\n\n<h3 class=\"wp-block-heading\">Poss\u00edvel demiss\u00e3o de Mandetta<\/h3>\n\n\n\n<p>Um dos fatores que podem detonar esse caos \u00e0 curto prazo \u00e9 a poss\u00edvel troca de comando no Minist\u00e9rio da Sa\u00fade. No s\u00e1bado, o ministro&nbsp;<a href=\"https:\/\/brasil.elpais.com\/tag\/luiz_henrique_mandetta\/a\/\" target=\"_blank\" rel=\"noreferrer noopener\">Luiz Henrique Mandetta<\/a>&nbsp;e toda a sua equipe colocaram os cargos \u00e0 disposi\u00e7\u00e3o de Bolsonaro. Segundo apurou o EL PA\u00cdS, os ministros e generais do Ex\u00e9rcito Luiz Eduardo Ramos (Secretaria de Governo) e Walter Braga Netto (Casa Civil) tiveram de intervir e convencer Bolsonaro de que, sem Mandetta, a impress\u00e3o que passaria para a opini\u00e3o p\u00fablica seria de ingovernabilidade em meio \u00e0 crise \u2015est\u00e1 previsto que o pico de cont\u00e1gios aconte\u00e7a em meados de abril.<\/p>\n\n\n\n<p>Uma fonte do Pal\u00e1cio do Planalto relatou que o presidente foi relutante,<a href=\"https:\/\/brasil.elpais.com\/brasil\/2020-03-28\/preocupada-com-reacao-de-bolsonaro-ao-coronavirus-cupula-militar-acende-alerta-e-sinaliza-apoio-a-mourao.html\" target=\"_blank\" rel=\"noreferrer noopener\">&nbsp;porque se se sentiu \u201cenquadrado\u201d pelos militares<\/a>. Mas, num primeiro momento, concordou em manter Mandetta no cargo \u2014algo que foi refor\u00e7ado nesta segunda-feira por Braga Netto durante a coletiva de imprensa com Mandetta e outros ministros.<\/p>\n\n\n\n<p>Mandetta est\u00e1 decidido a n\u00e3o se demitir. Disse a aliados que s\u00f3 sai do minist\u00e9rio se for exonerado pelo presidente. Ao longo da \u00faltima semana ele foi orientado a falar menos e deixar que o secret\u00e1rio-executivo da pasta, Jo\u00e3o Gabbardo dos Reis, e o titular da Vigil\u00e2ncia em Sa\u00fade, Wanderson Oliveira, apare\u00e7am mais. Mas n\u00e3o acatou os conselhos. No s\u00e1bado,&nbsp;<a href=\"https:\/\/brasil.elpais.com\/brasil\/2020-03-28\/mandetta-prega-consenso-nacional-para-lidar-com-avanco-do-coronavirus-e-reforca-pedido-de-isolamento.html\" target=\"_blank\" rel=\"noreferrer noopener\">foi protagonista de uma coletiva de imprensa<\/a>&nbsp;na qual recomendou o isolamento social e contrariou as teses do presidente. Nesta segunda-feira tamb\u00e9m n\u00e3o deu um passo atr\u00e1s.<\/p>\n\n\n\n<p>Nos bastidores s\u00e3o ventilados tr\u00eas poss\u00edveis nomes para o Minist\u00e9rio da Sa\u00fade: o m\u00e9dico e deputado federal Osmar Terra (MDB-RS), que j\u00e1 foi demitido pelo presidente do Minist\u00e9rio da Cidadania por n\u00e3o apresentar resultados; o contra-almirante da Marinha, Ant\u00f4nio Barra Torres, m\u00e9dico que preside a Ag\u00eancia Nacional de Vigil\u00e2ncia Sanit\u00e1ria e acompanhou Bolsonaro na manifesta\u00e7\u00e3o do dia 15 de mar\u00e7o; e, correndo por fora, o filantropo e gestor do Hospital do Amor (o antigo Hospital do C\u00e2ncer de Barretos), Henrique Prata. Ele chegou a ser cogitado para assumir a pasta j\u00e1 no primeiro ano da gest\u00e3o de ultradireita, mas o apoio pol\u00edtico de Mandetta e sua capacidade de unir parte da direita entorno de Bolsonaro prevaleceu.<\/p>\n","protected":false},"excerpt":{"rendered":"<p>Na TV, presidente questiona estat\u00edsticas das mortes e segue defendendo fim de a\u00e7\u00f5es de isolamento social. Twitter, Facebook e Instagram apagam postagens.<\/p>\n","protected":false},"author":1,"featured_media":0,"comment_status":"closed","ping_status":"open","sticky":false,"template":"","format":"standard","meta":{"_exactmetrics_skip_tracking":false,"_exactmetrics_sitenote_active":false,"_exactmetrics_sitenote_note":"","_exactmetrics_sitenote_category":0,"jetpack_post_was_ever_published":false,"_jetpack_newsletter_access":"","_jetpack_dont_email_post_to_subs":false,"_jetpack_newsletter_tier_id":0,"_jetpack_memberships_contains_paywalled_content":false,"_jetpack_memberships_contains_paid_content":false,"footnotes":"","jetpack_publicize_message":"","jetpack_publicize_feature_enabled":true,"jetpack_social_post_already_shared":true,"jetpack_social_options":{"image_generator_settings":{"template":"highway","enabled":false},"version":2}},"categories":[1],"tags":[],"class_list":["post-27255","post","type-post","status-publish","format-standard","hentry","category-notas"],"jetpack_publicize_connections":[],"jetpack_sharing_enabled":true,"jetpack_featured_media_url":"","jetpack_shortlink":"https:\/\/wp.me\/p7wKYW-75B","jetpack-related-posts":[],"_links":{"self":[{"href":"http:\/\/blogdalucianaoliveira.com.br\/blog\/wp-json\/wp\/v2\/posts\/27255","targetHints":{"allow":["GET"]}}],"collection":[{"href":"http:\/\/blogdalucianaoliveira.com.br\/blog\/wp-json\/wp\/v2\/posts"}],"about":[{"href":"http:\/\/blogdalucianaoliveira.com.br\/blog\/wp-json\/wp\/v2\/types\/post"}],"author":[{"embeddable":true,"href":"http:\/\/blogdalucianaoliveira.com.br\/blog\/wp-json\/wp\/v2\/users\/1"}],"replies":[{"embeddable":true,"href":"http:\/\/blogdalucianaoliveira.com.br\/blog\/wp-json\/wp\/v2\/comments?post=27255"}],"version-history":[{"count":1,"href":"http:\/\/blogdalucianaoliveira.com.br\/blog\/wp-json\/wp\/v2\/posts\/27255\/revisions"}],"predecessor-version":[{"id":27257,"href":"http:\/\/blogdalucianaoliveira.com.br\/blog\/wp-json\/wp\/v2\/posts\/27255\/revisions\/27257"}],"wp:attachment":[{"href":"http:\/\/blogdalucianaoliveira.com.br\/blog\/wp-json\/wp\/v2\/media?parent=27255"}],"wp:term":[{"taxonomy":"category","embeddable":true,"href":"http:\/\/blogdalucianaoliveira.com.br\/blog\/wp-json\/wp\/v2\/categories?post=27255"},{"taxonomy":"post_tag","embeddable":true,"href":"http:\/\/blogdalucianaoliveira.com.br\/blog\/wp-json\/wp\/v2\/tags?post=27255"}],"curies":[{"name":"wp","href":"https:\/\/api.w.org\/{rel}","templated":true}]}}