{"id":27260,"date":"2020-03-31T09:47:40","date_gmt":"2020-03-31T13:47:40","guid":{"rendered":"http:\/\/blogdalucianaoliveira.com.br\/blog\/?p=27260"},"modified":"2020-03-31T09:47:45","modified_gmt":"2020-03-31T13:47:45","slug":"bolsonaro-diz-que-sancionara-auxilio-de-r-660-agride-reporteres-e-afirma-que-31-de-marco-e-o-grande-dia-da-liberdade-video","status":"publish","type":"post","link":"http:\/\/blogdalucianaoliveira.com.br\/blog\/2020\/03\/31\/bolsonaro-diz-que-sancionara-auxilio-de-r-660-agride-reporteres-e-afirma-que-31-de-marco-e-o-grande-dia-da-liberdade-video\/","title":{"rendered":"Bolsonaro diz que sancionar\u00e1 aux\u00edlio de R$ 660, agride rep\u00f3rteres e afirma que 31 de mar\u00e7o &#8220;\u00e9 o grande dia da liberdade&#8221; (V\u00cdDEO)"},"content":{"rendered":"\n<figure class=\"wp-block-image\"><img data-recalc-dims=\"1\" decoding=\"async\" src=\"https:\/\/i0.wp.com\/publisher-publish.s3.eu-central-1.amazonaws.com\/pb-brasil247\/swp\/jtjeq9\/media\/2020033110034_dbce3626219013b2abab46178bf6dfb2e514bef38e89e9e9d298c735f88fc534.jpeg?w=600&#038;ssl=1\" alt=\"Jair Bolsonaro\"\/><\/figure>\n\n\n\n<p><strong>247<\/strong>&nbsp;&#8211; Demonstrando novamente inabilidade na rela\u00e7\u00e3o com a imprensa, Jair Bolsonaro incentivou um apoiador a falar e mandando que os jornalistas ficassem quietos. \u201c\u00c9 ele que vai falar, n\u00e3o \u00e9 voc\u00eas n\u00e3o\u201d, disse Bolsonaro a rep\u00f3rteres. Na entrevista, Bolsonaro anunciou que ir\u00e1 falar em rede nacional de r\u00e1dio e TV na noite desta ter\u00e7a-feira.<\/p>\n\n\n\n<!--more-->\n\n\n\n<p>O ocupante do Planalto disse que sancionar\u00e1 nesta ter\u00e7a o projeto de lei aprovado na noite desta segunda no Senado que determina&nbsp;<a target=\"_blank\" href=\"https:\/\/www.brasil247.com\/regionais\/brasilia\/senado-aprova-pagamento-de-auxilio-emergencial-de-r-600-seh2fzr6\" rel=\"noreferrer noopener\">aux\u00edlio emergencial&nbsp;<\/a>de R$ 600 para as pessoas de baixa renda na crise do coronav\u00edrus.&nbsp;<\/p>\n\n\n\n<p><strong>Leia abaixo a reportagem da Reuters:<\/strong><\/p>\n\n\n\n<p>Os jornalistas que acompanhavam a fala do presidente Jair Bolsonaro na sa\u00edda do Pal\u00e1cio da Alvorada nesta ter\u00e7a-feira deixaram o local da entrevista ap\u00f3s o presidente mais uma vez estimular apoiadores para que hostilizassem e xingassem os rep\u00f3rteres.<\/p>\n\n\n\n<p>Depois de uma pergunta sobre a postura do ministro da Sa\u00fade, Luiz Henrique Mandetta, que tem dado orienta\u00e7\u00f5es contr\u00e1rias \u00e0s de Bolsonaro durante a crise do coronav\u00edrus, um dos apoiadores come\u00e7ou a gritar que a imprensa \u201ccolocava o povo contra o presidente\u201d. Bolsonaro reagiu incentivando o apoiador a falar e mandando que os jornalistas ficassem quietos.<\/p>\n\n\n\n<p>\u201c\u00c9 ele que vai falar, n\u00e3o \u00e9 voc\u00eas n\u00e3o\u201d, disse Bolsonaro.<br><\/p>\n\n\n\n<p>Com isso, os apoiadores come\u00e7aram a xingar os jornalistas, que se retiraram do local e ficaram ao fundo. O presidente ficou inicialmente surpreso com a rea\u00e7\u00e3o dos rep\u00f3rteres, mas logo aproveitou para ironiz\u00e1-los.<\/p>\n\n\n\n<p>\u201cMas v\u00e3o abandonar o povo? Nunca vi isso, a imprensa que n\u00e3o gosta do povo\u201d, gritou Bolsonaro aos rep\u00f3rteres que se mantinham afastados.<\/p>\n\n\n\n<p>Em seguida, enquanto continuava a conversar com caminhoneiros que se reuniram na porta do Alvorada, Bolsonaro continuou falando aos jornalistas.<br><\/p>\n\n\n\n<figure class=\"wp-block-embed-twitter wp-block-embed is-type-rich is-provider-twitter\"><div class=\"wp-block-embed__wrapper\">\n<blockquote class=\"twitter-tweet\" data-width=\"550\" data-dnt=\"true\"><p lang=\"pt\" dir=\"ltr\">&#8211; Hoje, ouvindo a popula\u00e7\u00e3o na sa\u00edda do Pal\u00e1cio do Alvorada.<br><br>. Link no youtube: <a href=\"https:\/\/t.co\/D1Adzc3tYr\">https:\/\/t.co\/D1Adzc3tYr<\/a><\/p>&mdash; Jair M. Bolsonaro (@jairbolsonaro) <a href=\"https:\/\/twitter.com\/jairbolsonaro\/status\/1244963529377153024?ref_src=twsrc%5Etfw\">March 31, 2020<\/a><\/blockquote><script async src=\"https:\/\/platform.twitter.com\/widgets.js\" charset=\"utf-8\"><\/script>\n<\/div><\/figure>\n","protected":false},"excerpt":{"rendered":"<p>247&nbsp;&#8211; Demonstrando novamente inabilidade na rela\u00e7\u00e3o com a imprensa, Jair Bolsonaro incentivou um apoiador a falar e mandando que os jornalistas ficassem quietos. \u201c\u00c9 ele que vai falar, n\u00e3o \u00e9 voc\u00eas n\u00e3o\u201d, disse Bolsonaro a rep\u00f3rteres. Na entrevista, Bolsonaro anunciou que ir\u00e1 falar em rede nacional de r\u00e1dio e TV na noite desta ter\u00e7a-feira.<\/p>\n","protected":false},"author":1,"featured_media":0,"comment_status":"closed","ping_status":"open","sticky":false,"template":"","format":"standard","meta":{"_exactmetrics_skip_tracking":false,"_exactmetrics_sitenote_active":false,"_exactmetrics_sitenote_note":"","_exactmetrics_sitenote_category":0,"jetpack_post_was_ever_published":false,"_jetpack_newsletter_access":"","_jetpack_dont_email_post_to_subs":false,"_jetpack_newsletter_tier_id":0,"_jetpack_memberships_contains_paywalled_content":false,"_jetpack_memberships_contains_paid_content":false,"footnotes":"","jetpack_publicize_message":"","jetpack_publicize_feature_enabled":true,"jetpack_social_post_already_shared":true,"jetpack_social_options":{"image_generator_settings":{"template":"highway","enabled":false},"version":2}},"categories":[1],"tags":[],"class_list":["post-27260","post","type-post","status-publish","format-standard","hentry","category-notas"],"jetpack_publicize_connections":[],"jetpack_sharing_enabled":true,"jetpack_featured_media_url":"","jetpack_shortlink":"https:\/\/wp.me\/p7wKYW-75G","jetpack-related-posts":[],"_links":{"self":[{"href":"http:\/\/blogdalucianaoliveira.com.br\/blog\/wp-json\/wp\/v2\/posts\/27260","targetHints":{"allow":["GET"]}}],"collection":[{"href":"http:\/\/blogdalucianaoliveira.com.br\/blog\/wp-json\/wp\/v2\/posts"}],"about":[{"href":"http:\/\/blogdalucianaoliveira.com.br\/blog\/wp-json\/wp\/v2\/types\/post"}],"author":[{"embeddable":true,"href":"http:\/\/blogdalucianaoliveira.com.br\/blog\/wp-json\/wp\/v2\/users\/1"}],"replies":[{"embeddable":true,"href":"http:\/\/blogdalucianaoliveira.com.br\/blog\/wp-json\/wp\/v2\/comments?post=27260"}],"version-history":[{"count":1,"href":"http:\/\/blogdalucianaoliveira.com.br\/blog\/wp-json\/wp\/v2\/posts\/27260\/revisions"}],"predecessor-version":[{"id":27261,"href":"http:\/\/blogdalucianaoliveira.com.br\/blog\/wp-json\/wp\/v2\/posts\/27260\/revisions\/27261"}],"wp:attachment":[{"href":"http:\/\/blogdalucianaoliveira.com.br\/blog\/wp-json\/wp\/v2\/media?parent=27260"}],"wp:term":[{"taxonomy":"category","embeddable":true,"href":"http:\/\/blogdalucianaoliveira.com.br\/blog\/wp-json\/wp\/v2\/categories?post=27260"},{"taxonomy":"post_tag","embeddable":true,"href":"http:\/\/blogdalucianaoliveira.com.br\/blog\/wp-json\/wp\/v2\/tags?post=27260"}],"curies":[{"name":"wp","href":"https:\/\/api.w.org\/{rel}","templated":true}]}}