{"id":27266,"date":"2020-03-31T11:12:55","date_gmt":"2020-03-31T15:12:55","guid":{"rendered":"http:\/\/blogdalucianaoliveira.com.br\/blog\/?p=27266"},"modified":"2020-03-31T11:13:03","modified_gmt":"2020-03-31T15:13:03","slug":"rd-confira-a-integra-da-recomendacao-expedida-pelo-mp-de-rondonia-contra-carreatas","status":"publish","type":"post","link":"http:\/\/blogdalucianaoliveira.com.br\/blog\/2020\/03\/31\/rd-confira-a-integra-da-recomendacao-expedida-pelo-mp-de-rondonia-contra-carreatas\/","title":{"rendered":"RD: Confira a \u00edntegra da recomenda\u00e7\u00e3o expedida pelo MP de Rond\u00f4nia contra carreatas"},"content":{"rendered":"\n<figure class=\"wp-block-image\"><img data-recalc-dims=\"1\" decoding=\"async\" src=\"https:\/\/i0.wp.com\/www.rondoniadinamica.com\/uploads\/wyq3aihgdvibdpb.jpg?w=600&#038;ssl=1\" alt=\" Confira a \u00edntegra da recomenda\u00e7\u00e3o expedida pelo MP de Rond\u00f4nia contra carreatas\"\/><\/figure>\n\n\n\n<p>Rond\u00f4nia Din\u00e2mica &#8211; Documento assinado pelo procurador-geral Aluildo Leite e tamb\u00e9m pelos promotores Em\u00edlia Oiye e Shalimar Priester pede que o Estado identifique os infratores a fim de respaldar a\u00e7\u00f5es na esfera penal<br><\/p>\n\n\n\n<!--more-->\n\n\n\n<p>O Minist\u00e9rio P\u00fablico do Estado (MP\/RO) expediu recomenda\u00e7\u00e3o endere\u00e7ada ao governador Marcos Rocha, do PSL, encaminhada tamb\u00e9m para o titular da Secretaria de Estado da Seguran\u00e7a, Defesa e Cidadania (Sesdec\/RO) Jos\u00e9 H\u00e9lio Cysneiros Pach\u00e1, conhecido como coronel Pach\u00e1.<\/p>\n\n\n\n<p>O documento \u00e9 assinado pelo procurador-geral de Justi\u00e7a Aluildo de Oliveira Leite em parceria com os promotores Em\u00edlia Oiye, da Promotoria de Justi\u00e7a e Coordenadoria da For\u00e7a Tarefa e Shalimar Priester, respons\u00e1vel pela&nbsp; an\u00e1lise no setor de Seguran\u00e7a P\u00fablica.<\/p>\n\n\n\n<p>No expediente, o MP\/RO solicita que o Estado utilize as for\u00e7as da Pol\u00edcia Militar (PM\/RO), Civil (PC\/RO) Bombeiros sejam usados a fim de evitar e dispesar carreatas e\/ou eventuais aglomera\u00e7\u00f5es.<\/p>\n\n\n\n<figure class=\"wp-block-image\"><img data-recalc-dims=\"1\" decoding=\"async\" src=\"https:\/\/i0.wp.com\/www.rondoniadinamica.com\/uploads\/RECOMENDA-01.jpg?w=600&#038;ssl=1\" alt=\"\"\/><\/figure>\n\n\n\n<figure class=\"wp-block-image\"><img data-recalc-dims=\"1\" decoding=\"async\" src=\"https:\/\/i0.wp.com\/www.rondoniadinamica.com\/uploads\/RECOMENDA-02.jpg?w=600&#038;ssl=1\" alt=\"\"\/><\/figure>\n\n\n\n<figure class=\"wp-block-image\"><img data-recalc-dims=\"1\" decoding=\"async\" src=\"https:\/\/i0.wp.com\/www.rondoniadinamica.com\/uploads\/RECOMENDA-03.jpg?w=600&#038;ssl=1\" alt=\"\"\/><\/figure>\n\n\n\n<figure class=\"wp-block-image\"><img data-recalc-dims=\"1\" decoding=\"async\" src=\"https:\/\/i0.wp.com\/www.rondoniadinamica.com\/uploads\/RECOMENDA-04.jpg?w=600&#038;ssl=1\" alt=\"\"\/><\/figure>\n\n\n\n<figure class=\"wp-block-image\"><img data-recalc-dims=\"1\" decoding=\"async\" src=\"https:\/\/i0.wp.com\/www.rondoniadinamica.com\/uploads\/RECOMENDA-05.jpg?w=600&#038;ssl=1\" alt=\"\"\/><\/figure>\n\n\n\n<p><strong>CONFIRA A \u00cdNTEGRA DA RECOMENDA\u00c7\u00c3O ABAIXO:<br><br><br><br><br><br><br><br><br><br><\/strong><br><br>&nbsp;<br><\/p>\n","protected":false},"excerpt":{"rendered":"<p>Rond\u00f4nia Din\u00e2mica &#8211; Documento assinado pelo procurador-geral Aluildo Leite e tamb\u00e9m pelos promotores Em\u00edlia Oiye e Shalimar Priester pede que o Estado identifique os infratores a fim de respaldar a\u00e7\u00f5es na esfera penal<\/p>\n","protected":false},"author":1,"featured_media":0,"comment_status":"closed","ping_status":"open","sticky":false,"template":"","format":"standard","meta":{"_exactmetrics_skip_tracking":false,"_exactmetrics_sitenote_active":false,"_exactmetrics_sitenote_note":"","_exactmetrics_sitenote_category":0,"jetpack_post_was_ever_published":false,"_jetpack_newsletter_access":"","_jetpack_dont_email_post_to_subs":false,"_jetpack_newsletter_tier_id":0,"_jetpack_memberships_contains_paywalled_content":false,"_jetpack_memberships_contains_paid_content":false,"footnotes":"","jetpack_publicize_message":"","jetpack_publicize_feature_enabled":true,"jetpack_social_post_already_shared":true,"jetpack_social_options":{"image_generator_settings":{"template":"highway","enabled":false},"version":2}},"categories":[1],"tags":[],"class_list":["post-27266","post","type-post","status-publish","format-standard","hentry","category-notas"],"jetpack_publicize_connections":[],"jetpack_sharing_enabled":true,"jetpack_featured_media_url":"","jetpack_shortlink":"https:\/\/wp.me\/p7wKYW-75M","jetpack-related-posts":[],"_links":{"self":[{"href":"http:\/\/blogdalucianaoliveira.com.br\/blog\/wp-json\/wp\/v2\/posts\/27266","targetHints":{"allow":["GET"]}}],"collection":[{"href":"http:\/\/blogdalucianaoliveira.com.br\/blog\/wp-json\/wp\/v2\/posts"}],"about":[{"href":"http:\/\/blogdalucianaoliveira.com.br\/blog\/wp-json\/wp\/v2\/types\/post"}],"author":[{"embeddable":true,"href":"http:\/\/blogdalucianaoliveira.com.br\/blog\/wp-json\/wp\/v2\/users\/1"}],"replies":[{"embeddable":true,"href":"http:\/\/blogdalucianaoliveira.com.br\/blog\/wp-json\/wp\/v2\/comments?post=27266"}],"version-history":[{"count":1,"href":"http:\/\/blogdalucianaoliveira.com.br\/blog\/wp-json\/wp\/v2\/posts\/27266\/revisions"}],"predecessor-version":[{"id":27267,"href":"http:\/\/blogdalucianaoliveira.com.br\/blog\/wp-json\/wp\/v2\/posts\/27266\/revisions\/27267"}],"wp:attachment":[{"href":"http:\/\/blogdalucianaoliveira.com.br\/blog\/wp-json\/wp\/v2\/media?parent=27266"}],"wp:term":[{"taxonomy":"category","embeddable":true,"href":"http:\/\/blogdalucianaoliveira.com.br\/blog\/wp-json\/wp\/v2\/categories?post=27266"},{"taxonomy":"post_tag","embeddable":true,"href":"http:\/\/blogdalucianaoliveira.com.br\/blog\/wp-json\/wp\/v2\/tags?post=27266"}],"curies":[{"name":"wp","href":"https:\/\/api.w.org\/{rel}","templated":true}]}}