{"id":27268,"date":"2020-03-31T19:18:52","date_gmt":"2020-03-31T23:18:52","guid":{"rendered":"http:\/\/blogdalucianaoliveira.com.br\/blog\/?p=27268"},"modified":"2020-03-31T19:31:50","modified_gmt":"2020-03-31T23:31:50","slug":"memorias-da-ditadura-documentos-revelam-perseguicao-a-dom-moacyr-grechi-o-servo-de-todos","status":"publish","type":"post","link":"http:\/\/blogdalucianaoliveira.com.br\/blog\/2020\/03\/31\/memorias-da-ditadura-documentos-revelam-perseguicao-a-dom-moacyr-grechi-o-servo-de-todos\/","title":{"rendered":"Mem\u00f3rias da ditadura: Documentos revelam persegui\u00e7\u00e3o a Dom Moacyr Grechi, o servo de todos"},"content":{"rendered":"\n<figure class=\"wp-block-image size-large is-resized\"><img data-recalc-dims=\"1\" loading=\"lazy\" decoding=\"async\" data-attachment-id=\"27269\" data-permalink=\"http:\/\/blogdalucianaoliveira.com.br\/blog\/2020\/03\/31\/memorias-da-ditadura-documentos-revelam-perseguicao-a-dom-moacyr-grechi-o-servo-de-todos\/img_6046\/\" data-orig-file=\"https:\/\/i0.wp.com\/blogdalucianaoliveira.com.br\/blog\/wp-content\/uploads\/2020\/03\/IMG_6046.jpg?fit=640%2C325\" data-orig-size=\"640,325\" data-comments-opened=\"0\" data-image-meta=\"{&quot;aperture&quot;:&quot;0&quot;,&quot;credit&quot;:&quot;&quot;,&quot;camera&quot;:&quot;&quot;,&quot;caption&quot;:&quot;&quot;,&quot;created_timestamp&quot;:&quot;1585678644&quot;,&quot;copyright&quot;:&quot;&quot;,&quot;focal_length&quot;:&quot;0&quot;,&quot;iso&quot;:&quot;0&quot;,&quot;shutter_speed&quot;:&quot;0&quot;,&quot;title&quot;:&quot;&quot;,&quot;orientation&quot;:&quot;0&quot;}\" data-image-title=\"IMG_6046\" data-image-description=\"\" data-image-caption=\"\" data-medium-file=\"https:\/\/i0.wp.com\/blogdalucianaoliveira.com.br\/blog\/wp-content\/uploads\/2020\/03\/IMG_6046.jpg?fit=300%2C152\" data-large-file=\"https:\/\/i0.wp.com\/blogdalucianaoliveira.com.br\/blog\/wp-content\/uploads\/2020\/03\/IMG_6046.jpg?fit=600%2C305\" src=\"https:\/\/i0.wp.com\/blogdalucianaoliveira.com.br\/blog\/wp-content\/uploads\/2020\/03\/IMG_6046.jpg?resize=580%2C294\" alt=\"\" class=\"wp-image-27269\" width=\"580\" height=\"294\" srcset=\"https:\/\/i0.wp.com\/blogdalucianaoliveira.com.br\/blog\/wp-content\/uploads\/2020\/03\/IMG_6046.jpg?w=640 640w, https:\/\/i0.wp.com\/blogdalucianaoliveira.com.br\/blog\/wp-content\/uploads\/2020\/03\/IMG_6046.jpg?resize=300%2C152 300w, https:\/\/i0.wp.com\/blogdalucianaoliveira.com.br\/blog\/wp-content\/uploads\/2020\/03\/IMG_6046.jpg?resize=591%2C300 591w\" sizes=\"auto, (max-width: 580px) 100vw, 580px\" \/><\/figure>\n\n\n\n<p>Ele faleceu em junho de 2019 aos 83 anos como Arcebispo Em\u00e9rito da Arquidiocese de Porto Velho (RO), mas sua hist\u00f3ria de luta se tornou robusta no estado vizinho, o Acre, onde desenvolveu um projeto em defesa das causas populares da Amaz\u00f4nia.<\/p>\n\n\n\n<p>Os documentos obtidos pelo blog recentemente, provam que os passos de Dom Moacyr Grechi foram monitorados na ditadura que se sucedeu ao golpe que completa hoje 56 anos.<\/p>\n\n\n\n<!--more-->\n\n\n\n<figure class=\"wp-block-image size-large\"><img data-recalc-dims=\"1\" loading=\"lazy\" decoding=\"async\" width=\"584\" height=\"640\" data-attachment-id=\"27276\" data-permalink=\"http:\/\/blogdalucianaoliveira.com.br\/blog\/2020\/03\/31\/memorias-da-ditadura-documentos-revelam-perseguicao-a-dom-moacyr-grechi-o-servo-de-todos\/6b448397-78ef-40d7-84b5-d537e5f5bd64\/\" data-orig-file=\"https:\/\/i0.wp.com\/blogdalucianaoliveira.com.br\/blog\/wp-content\/uploads\/2020\/03\/6B448397-78EF-40D7-84B5-D537E5F5BD64.jpeg?fit=584%2C640\" data-orig-size=\"584,640\" data-comments-opened=\"0\" data-image-meta=\"{&quot;aperture&quot;:&quot;0&quot;,&quot;credit&quot;:&quot;&quot;,&quot;camera&quot;:&quot;&quot;,&quot;caption&quot;:&quot;&quot;,&quot;created_timestamp&quot;:&quot;0&quot;,&quot;copyright&quot;:&quot;&quot;,&quot;focal_length&quot;:&quot;0&quot;,&quot;iso&quot;:&quot;0&quot;,&quot;shutter_speed&quot;:&quot;0&quot;,&quot;title&quot;:&quot;&quot;,&quot;orientation&quot;:&quot;1&quot;}\" data-image-title=\"6B448397-78EF-40D7-84B5-D537E5F5BD64\" data-image-description=\"\" data-image-caption=\"\" data-medium-file=\"https:\/\/i0.wp.com\/blogdalucianaoliveira.com.br\/blog\/wp-content\/uploads\/2020\/03\/6B448397-78EF-40D7-84B5-D537E5F5BD64.jpeg?fit=274%2C300\" data-large-file=\"https:\/\/i0.wp.com\/blogdalucianaoliveira.com.br\/blog\/wp-content\/uploads\/2020\/03\/6B448397-78EF-40D7-84B5-D537E5F5BD64.jpeg?fit=584%2C640\" src=\"https:\/\/i0.wp.com\/blogdalucianaoliveira.com.br\/blog\/wp-content\/uploads\/2020\/03\/6B448397-78EF-40D7-84B5-D537E5F5BD64.jpeg?resize=584%2C640\" alt=\"\" class=\"wp-image-27276\" srcset=\"https:\/\/i0.wp.com\/blogdalucianaoliveira.com.br\/blog\/wp-content\/uploads\/2020\/03\/6B448397-78EF-40D7-84B5-D537E5F5BD64.jpeg?w=584 584w, https:\/\/i0.wp.com\/blogdalucianaoliveira.com.br\/blog\/wp-content\/uploads\/2020\/03\/6B448397-78EF-40D7-84B5-D537E5F5BD64.jpeg?resize=274%2C300 274w\" sizes=\"auto, (max-width: 584px) 100vw, 584px\" \/><\/figure>\n\n\n\n<figure class=\"wp-block-image size-large\"><img data-recalc-dims=\"1\" loading=\"lazy\" decoding=\"async\" width=\"588\" height=\"640\" data-attachment-id=\"27275\" data-permalink=\"http:\/\/blogdalucianaoliveira.com.br\/blog\/2020\/03\/31\/memorias-da-ditadura-documentos-revelam-perseguicao-a-dom-moacyr-grechi-o-servo-de-todos\/a78ff949-e225-4c34-a05e-143753c2001e\/\" data-orig-file=\"https:\/\/i0.wp.com\/blogdalucianaoliveira.com.br\/blog\/wp-content\/uploads\/2020\/03\/A78FF949-E225-4C34-A05E-143753C2001E.jpeg?fit=588%2C640\" data-orig-size=\"588,640\" data-comments-opened=\"0\" data-image-meta=\"{&quot;aperture&quot;:&quot;0&quot;,&quot;credit&quot;:&quot;&quot;,&quot;camera&quot;:&quot;&quot;,&quot;caption&quot;:&quot;&quot;,&quot;created_timestamp&quot;:&quot;0&quot;,&quot;copyright&quot;:&quot;&quot;,&quot;focal_length&quot;:&quot;0&quot;,&quot;iso&quot;:&quot;0&quot;,&quot;shutter_speed&quot;:&quot;0&quot;,&quot;title&quot;:&quot;&quot;,&quot;orientation&quot;:&quot;1&quot;}\" data-image-title=\"A78FF949-E225-4C34-A05E-143753C2001E\" data-image-description=\"\" data-image-caption=\"\" data-medium-file=\"https:\/\/i0.wp.com\/blogdalucianaoliveira.com.br\/blog\/wp-content\/uploads\/2020\/03\/A78FF949-E225-4C34-A05E-143753C2001E.jpeg?fit=276%2C300\" data-large-file=\"https:\/\/i0.wp.com\/blogdalucianaoliveira.com.br\/blog\/wp-content\/uploads\/2020\/03\/A78FF949-E225-4C34-A05E-143753C2001E.jpeg?fit=588%2C640\" src=\"https:\/\/i0.wp.com\/blogdalucianaoliveira.com.br\/blog\/wp-content\/uploads\/2020\/03\/A78FF949-E225-4C34-A05E-143753C2001E.jpeg?resize=588%2C640\" alt=\"\" class=\"wp-image-27275\" srcset=\"https:\/\/i0.wp.com\/blogdalucianaoliveira.com.br\/blog\/wp-content\/uploads\/2020\/03\/A78FF949-E225-4C34-A05E-143753C2001E.jpeg?w=588 588w, https:\/\/i0.wp.com\/blogdalucianaoliveira.com.br\/blog\/wp-content\/uploads\/2020\/03\/A78FF949-E225-4C34-A05E-143753C2001E.jpeg?resize=276%2C300 276w\" sizes=\"auto, (max-width: 588px) 100vw, 588px\" \/><\/figure>\n\n\n\n<p><br>Seus observadores o classificavam como &#8216;avan\u00e7ado&#8217; nos muitos relat\u00f3rios encaminhados ao Servi\u00e7o Nacional de Informa\u00e7\u00e3o, o SNI, criado para investigar quem se opusesse ao regime.<\/p>\n\n\n\n<p>E Dom Moacyr era mesmo um homem com vis\u00e3o ampliada de sociedade ideal, destinado a transformar, romper a injusta e cruel ordem estabelecida. <\/p>\n\n\n\n<p>T\u00e3o logo se tornou bispo em 1986, enfiou na cabe\u00e7a e no cora\u00e7\u00e3o a miss\u00e3o de lutar pelos que mais precisam, os invisibilizados e os perseguidos. Ele abriu e nunca fechou os bra\u00e7os aos ind\u00edgenas, seringueiros, trabalhadores rurais e sem terra, principais alvos dos conflitos agr\u00e1rios na regi\u00e3o.<\/p>\n\n\n\n<p>Para Dom Moacyr, s\u00f3 era poss\u00edvel melhorar a vida de todos combatendo a injusti\u00e7a e o campo e a floresta,  precisavam de voz. Da sua voz.<\/p>\n\n\n\n<p>Assim foi pensada a Comiss\u00e3o Pastoral da Terra &#8211; CPT e o Conselho Indigenista Mission\u00e1rio &#8211; CIMI, que segundo os militares, funcionavam como apoio aos ideais de aparelhos subversivos em resist\u00eancia ao regime.<\/p>\n\n\n\n<p>Ao detalhar como ocorreu um encontro\nda CPT em 1975 em Goi\u00e2nia, o agente foi taxativo:<\/p>\n\n\n\n<p>&#8220;Os objetivos, resumidamente s\u00e3o&#8230;. identificar lideran\u00e7as e agrup\u00e1-las, fazendo com que os grupos se interligam e, com autonomia, cheguem a a\u00e7\u00f5es de press\u00e3o para modificar a realidade\u201d.<\/p>\n\n\n\n<p>A CPT fez isso mesmo, se imp\u00f4s como presen\u00e7a solid\u00e1ria para ajudar na organiza\u00e7\u00e3o e orienta\u00e7\u00e3o, estimulando os povos da terra na luta por seus direitos. \u00a0<br><\/p>\n\n\n\n<figure class=\"wp-block-image size-large\"><img data-recalc-dims=\"1\" loading=\"lazy\" decoding=\"async\" width=\"320\" height=\"310\" data-attachment-id=\"27279\" data-permalink=\"http:\/\/blogdalucianaoliveira.com.br\/blog\/2020\/03\/31\/memorias-da-ditadura-documentos-revelam-perseguicao-a-dom-moacyr-grechi-o-servo-de-todos\/c5719bb0-2806-4398-9f8f-85c7b97af898\/\" data-orig-file=\"https:\/\/i0.wp.com\/blogdalucianaoliveira.com.br\/blog\/wp-content\/uploads\/2020\/03\/C5719BB0-2806-4398-9F8F-85C7B97AF898.jpeg?fit=320%2C310\" data-orig-size=\"320,310\" data-comments-opened=\"0\" data-image-meta=\"{&quot;aperture&quot;:&quot;0&quot;,&quot;credit&quot;:&quot;&quot;,&quot;camera&quot;:&quot;&quot;,&quot;caption&quot;:&quot;&quot;,&quot;created_timestamp&quot;:&quot;0&quot;,&quot;copyright&quot;:&quot;&quot;,&quot;focal_length&quot;:&quot;0&quot;,&quot;iso&quot;:&quot;0&quot;,&quot;shutter_speed&quot;:&quot;0&quot;,&quot;title&quot;:&quot;&quot;,&quot;orientation&quot;:&quot;1&quot;}\" data-image-title=\"C5719BB0-2806-4398-9F8F-85C7B97AF898\" data-image-description=\"\" data-image-caption=\"\" data-medium-file=\"https:\/\/i0.wp.com\/blogdalucianaoliveira.com.br\/blog\/wp-content\/uploads\/2020\/03\/C5719BB0-2806-4398-9F8F-85C7B97AF898.jpeg?fit=300%2C291\" data-large-file=\"https:\/\/i0.wp.com\/blogdalucianaoliveira.com.br\/blog\/wp-content\/uploads\/2020\/03\/C5719BB0-2806-4398-9F8F-85C7B97AF898.jpeg?fit=320%2C310\" src=\"https:\/\/i0.wp.com\/blogdalucianaoliveira.com.br\/blog\/wp-content\/uploads\/2020\/03\/C5719BB0-2806-4398-9F8F-85C7B97AF898.jpeg?resize=320%2C310\" alt=\"\" class=\"wp-image-27279\" srcset=\"https:\/\/i0.wp.com\/blogdalucianaoliveira.com.br\/blog\/wp-content\/uploads\/2020\/03\/C5719BB0-2806-4398-9F8F-85C7B97AF898.jpeg?w=320 320w, https:\/\/i0.wp.com\/blogdalucianaoliveira.com.br\/blog\/wp-content\/uploads\/2020\/03\/C5719BB0-2806-4398-9F8F-85C7B97AF898.jpeg?resize=300%2C291 300w, https:\/\/i0.wp.com\/blogdalucianaoliveira.com.br\/blog\/wp-content\/uploads\/2020\/03\/C5719BB0-2806-4398-9F8F-85C7B97AF898.jpeg?resize=310%2C300 310w\" sizes=\"auto, (max-width: 320px) 100vw, 320px\" \/><\/figure>\n\n\n\n<p>Os documentos de apoio aos militares para reprimir a CPT eram anexados aos relat\u00f3rios.<\/p>\n\n\n\n<figure class=\"wp-block-image size-large\"><img data-recalc-dims=\"1\" loading=\"lazy\" decoding=\"async\" width=\"600\" height=\"595\" data-attachment-id=\"27278\" data-permalink=\"http:\/\/blogdalucianaoliveira.com.br\/blog\/2020\/03\/31\/memorias-da-ditadura-documentos-revelam-perseguicao-a-dom-moacyr-grechi-o-servo-de-todos\/84fafc4c-8498-43e3-8362-b00f5de91810\/\" data-orig-file=\"https:\/\/i0.wp.com\/blogdalucianaoliveira.com.br\/blog\/wp-content\/uploads\/2020\/03\/84FAFC4C-8498-43E3-8362-B00F5DE91810.jpeg?fit=640%2C635\" data-orig-size=\"640,635\" data-comments-opened=\"0\" data-image-meta=\"{&quot;aperture&quot;:&quot;0&quot;,&quot;credit&quot;:&quot;&quot;,&quot;camera&quot;:&quot;&quot;,&quot;caption&quot;:&quot;&quot;,&quot;created_timestamp&quot;:&quot;0&quot;,&quot;copyright&quot;:&quot;&quot;,&quot;focal_length&quot;:&quot;0&quot;,&quot;iso&quot;:&quot;0&quot;,&quot;shutter_speed&quot;:&quot;0&quot;,&quot;title&quot;:&quot;&quot;,&quot;orientation&quot;:&quot;1&quot;}\" data-image-title=\"84FAFC4C-8498-43E3-8362-B00F5DE91810\" data-image-description=\"\" data-image-caption=\"\" data-medium-file=\"https:\/\/i0.wp.com\/blogdalucianaoliveira.com.br\/blog\/wp-content\/uploads\/2020\/03\/84FAFC4C-8498-43E3-8362-B00F5DE91810.jpeg?fit=300%2C298\" data-large-file=\"https:\/\/i0.wp.com\/blogdalucianaoliveira.com.br\/blog\/wp-content\/uploads\/2020\/03\/84FAFC4C-8498-43E3-8362-B00F5DE91810.jpeg?fit=600%2C595\" src=\"https:\/\/i0.wp.com\/blogdalucianaoliveira.com.br\/blog\/wp-content\/uploads\/2020\/03\/84FAFC4C-8498-43E3-8362-B00F5DE91810.jpeg?resize=600%2C595\" alt=\"\" class=\"wp-image-27278\" srcset=\"https:\/\/i0.wp.com\/blogdalucianaoliveira.com.br\/blog\/wp-content\/uploads\/2020\/03\/84FAFC4C-8498-43E3-8362-B00F5DE91810.jpeg?w=640 640w, https:\/\/i0.wp.com\/blogdalucianaoliveira.com.br\/blog\/wp-content\/uploads\/2020\/03\/84FAFC4C-8498-43E3-8362-B00F5DE91810.jpeg?resize=300%2C298 300w, https:\/\/i0.wp.com\/blogdalucianaoliveira.com.br\/blog\/wp-content\/uploads\/2020\/03\/84FAFC4C-8498-43E3-8362-B00F5DE91810.jpeg?resize=150%2C150 150w, https:\/\/i0.wp.com\/blogdalucianaoliveira.com.br\/blog\/wp-content\/uploads\/2020\/03\/84FAFC4C-8498-43E3-8362-B00F5DE91810.jpeg?resize=302%2C300 302w\" sizes=\"auto, (max-width: 600px) 100vw, 600px\" \/><\/figure>\n\n\n\n<p>Os registros das reuni\u00f5es do CIMI eram descritos da mesma forma, com riqueza de detalhes e intensa preocupa\u00e7\u00e3o com o enfrentamento ao governo proposto por esses movimentos da igreja cat\u00f3lica.<\/p>\n\n\n\n<p>H\u00e1 v\u00e1rios relat\u00f3rios com o Boletim  &#8216;N\u00f3s Irm\u00e3os&#8217;, da Prelazia do Acre e Purus, com mensagens inspiradoras de Dom Moacyr.<\/p>\n\n\n\n<p>A capa da edi\u00e7\u00e3o de novembro de 1980 trouxe um coturno militar esmagando ind\u00edgenas. Um retrato fiel da realidade naquela \u00e9poca e que, infelizmente, conv\u00e9m ao atual momento e governo.<\/p>\n\n\n\n<p>Na guerra entre fuzis e flechas, tombaram milhares de ind\u00edgenas. Uma guerra com desigualdade de armas que segue provocando a matan\u00e7a dos povos da floresta.<\/p>\n\n\n\n<figure class=\"wp-block-image size-large\"><img data-recalc-dims=\"1\" loading=\"lazy\" decoding=\"async\" width=\"600\" height=\"603\" data-attachment-id=\"27280\" data-permalink=\"http:\/\/blogdalucianaoliveira.com.br\/blog\/2020\/03\/31\/memorias-da-ditadura-documentos-revelam-perseguicao-a-dom-moacyr-grechi-o-servo-de-todos\/d13c8c0a-5f83-4bf4-8f4a-fdbffc260275\/\" data-orig-file=\"https:\/\/i0.wp.com\/blogdalucianaoliveira.com.br\/blog\/wp-content\/uploads\/2020\/03\/D13C8C0A-5F83-4BF4-8F4A-FDBFFC260275.jpeg?fit=637%2C640\" data-orig-size=\"637,640\" data-comments-opened=\"0\" data-image-meta=\"{&quot;aperture&quot;:&quot;0&quot;,&quot;credit&quot;:&quot;&quot;,&quot;camera&quot;:&quot;&quot;,&quot;caption&quot;:&quot;&quot;,&quot;created_timestamp&quot;:&quot;0&quot;,&quot;copyright&quot;:&quot;&quot;,&quot;focal_length&quot;:&quot;0&quot;,&quot;iso&quot;:&quot;0&quot;,&quot;shutter_speed&quot;:&quot;0&quot;,&quot;title&quot;:&quot;&quot;,&quot;orientation&quot;:&quot;1&quot;}\" data-image-title=\"D13C8C0A-5F83-4BF4-8F4A-FDBFFC260275\" data-image-description=\"\" data-image-caption=\"\" data-medium-file=\"https:\/\/i0.wp.com\/blogdalucianaoliveira.com.br\/blog\/wp-content\/uploads\/2020\/03\/D13C8C0A-5F83-4BF4-8F4A-FDBFFC260275.jpeg?fit=300%2C300\" data-large-file=\"https:\/\/i0.wp.com\/blogdalucianaoliveira.com.br\/blog\/wp-content\/uploads\/2020\/03\/D13C8C0A-5F83-4BF4-8F4A-FDBFFC260275.jpeg?fit=600%2C603\" src=\"https:\/\/i0.wp.com\/blogdalucianaoliveira.com.br\/blog\/wp-content\/uploads\/2020\/03\/D13C8C0A-5F83-4BF4-8F4A-FDBFFC260275.jpeg?resize=600%2C603\" alt=\"\" class=\"wp-image-27280\" srcset=\"https:\/\/i0.wp.com\/blogdalucianaoliveira.com.br\/blog\/wp-content\/uploads\/2020\/03\/D13C8C0A-5F83-4BF4-8F4A-FDBFFC260275.jpeg?w=637 637w, https:\/\/i0.wp.com\/blogdalucianaoliveira.com.br\/blog\/wp-content\/uploads\/2020\/03\/D13C8C0A-5F83-4BF4-8F4A-FDBFFC260275.jpeg?resize=300%2C300 300w, https:\/\/i0.wp.com\/blogdalucianaoliveira.com.br\/blog\/wp-content\/uploads\/2020\/03\/D13C8C0A-5F83-4BF4-8F4A-FDBFFC260275.jpeg?resize=150%2C150 150w, https:\/\/i0.wp.com\/blogdalucianaoliveira.com.br\/blog\/wp-content\/uploads\/2020\/03\/D13C8C0A-5F83-4BF4-8F4A-FDBFFC260275.jpeg?resize=299%2C300 299w\" sizes=\"auto, (max-width: 600px) 100vw, 600px\" \/><\/figure>\n\n\n\n<p>Os militares viam como  &#8216;amea\u00e7a vermelha&#8217; todos que estimulassem o pensar e agir, o revolucionar.<\/p>\n\n\n\n<p>Mas, era amor incondicional ao pr\u00f3ximo o que Dom Moacyr tinha e deu. <\/p>\n\n\n\n<p>Ele abra\u00e7ou a luta pela justi\u00e7a social por seu compromisso crist\u00e3o.<\/p>\n\n\n\n<p>Em carta ao presidente da Funda\u00e7\u00e3o Nacional do \u00cdndio, o ent\u00e3o bispo escreveu:<\/p>\n\n\n\n<p> &#8220;Fazemos um apelo no sentido de que se instrua o sr. Jos\u00e9 Porf\u00edrio de Carvalho a fim de que cesse suas interfer\u00eancias no trabalho de evangeliza\u00e7\u00e3o da Prelazia, O Sr. sabe que, no Acre, n\u00e3o existem \u00e1reas ind\u00edgenas ainda demarcadas e, portanto, n\u00e3o \u00e9 justo impedir que nossos mission\u00e1rios, como aconteceu recentemente com o Padre Paulino Baldassari, prossigam com suas desobrigas ao longo dos rios e seringais, como viemos fazendo desde a metade do s\u00e9culo. De nossa parte, continuamos com as mesmas disposi\u00e7\u00f5es de continuar servindo \u00e0 causa ind\u00edgena naquilo que a Igreja e Jesus Cristo pedem de n\u00f3s e o Estatuto do \u00cdndio previ, esperando que a proibi\u00e7\u00e3o que nos foi imposta seja revista e brevemente suspensa e que os entendimentos sejam retomados, sem ressentimentos, para o bem dos povos ind\u00edgenas desta regi\u00e3o.&#8221;<\/p>\n\n\n\n<p>Est\u00e1 nos registros ditadura: com Dom Moacyr, o Boletim &#8216;N\u00f3s Irm\u00e3os&#8217; divulgou muitas den\u00fancias contra os crimes de latifundi\u00e1rios e pedidos ao governo para cessar a persegui\u00e7\u00e3o ao trabalho de evangeliza\u00e7\u00e3o.<\/p>\n\n\n\n<figure class=\"wp-block-image size-large\"><img data-recalc-dims=\"1\" loading=\"lazy\" decoding=\"async\" width=\"600\" height=\"602\" data-attachment-id=\"27281\" data-permalink=\"http:\/\/blogdalucianaoliveira.com.br\/blog\/2020\/03\/31\/memorias-da-ditadura-documentos-revelam-perseguicao-a-dom-moacyr-grechi-o-servo-de-todos\/645f47dc-3449-461c-aeac-20e167430bd5\/\" data-orig-file=\"https:\/\/i0.wp.com\/blogdalucianaoliveira.com.br\/blog\/wp-content\/uploads\/2020\/03\/645F47DC-3449-461C-AEAC-20E167430BD5.jpeg?fit=638%2C640\" data-orig-size=\"638,640\" data-comments-opened=\"0\" data-image-meta=\"{&quot;aperture&quot;:&quot;0&quot;,&quot;credit&quot;:&quot;&quot;,&quot;camera&quot;:&quot;&quot;,&quot;caption&quot;:&quot;&quot;,&quot;created_timestamp&quot;:&quot;0&quot;,&quot;copyright&quot;:&quot;&quot;,&quot;focal_length&quot;:&quot;0&quot;,&quot;iso&quot;:&quot;0&quot;,&quot;shutter_speed&quot;:&quot;0&quot;,&quot;title&quot;:&quot;&quot;,&quot;orientation&quot;:&quot;1&quot;}\" data-image-title=\"645F47DC-3449-461C-AEAC-20E167430BD5\" data-image-description=\"\" data-image-caption=\"\" data-medium-file=\"https:\/\/i0.wp.com\/blogdalucianaoliveira.com.br\/blog\/wp-content\/uploads\/2020\/03\/645F47DC-3449-461C-AEAC-20E167430BD5.jpeg?fit=300%2C300\" data-large-file=\"https:\/\/i0.wp.com\/blogdalucianaoliveira.com.br\/blog\/wp-content\/uploads\/2020\/03\/645F47DC-3449-461C-AEAC-20E167430BD5.jpeg?fit=600%2C602\" src=\"https:\/\/i0.wp.com\/blogdalucianaoliveira.com.br\/blog\/wp-content\/uploads\/2020\/03\/645F47DC-3449-461C-AEAC-20E167430BD5.jpeg?resize=600%2C602\" alt=\"\" class=\"wp-image-27281\" srcset=\"https:\/\/i0.wp.com\/blogdalucianaoliveira.com.br\/blog\/wp-content\/uploads\/2020\/03\/645F47DC-3449-461C-AEAC-20E167430BD5.jpeg?w=638 638w, https:\/\/i0.wp.com\/blogdalucianaoliveira.com.br\/blog\/wp-content\/uploads\/2020\/03\/645F47DC-3449-461C-AEAC-20E167430BD5.jpeg?resize=300%2C300 300w, https:\/\/i0.wp.com\/blogdalucianaoliveira.com.br\/blog\/wp-content\/uploads\/2020\/03\/645F47DC-3449-461C-AEAC-20E167430BD5.jpeg?resize=150%2C150 150w, https:\/\/i0.wp.com\/blogdalucianaoliveira.com.br\/blog\/wp-content\/uploads\/2020\/03\/645F47DC-3449-461C-AEAC-20E167430BD5.jpeg?resize=299%2C300 299w\" sizes=\"auto, (max-width: 600px) 100vw, 600px\" \/><\/figure>\n\n\n\n<figure class=\"wp-block-image size-large\"><img data-recalc-dims=\"1\" loading=\"lazy\" decoding=\"async\" width=\"316\" height=\"320\" data-attachment-id=\"27284\" data-permalink=\"http:\/\/blogdalucianaoliveira.com.br\/blog\/2020\/03\/31\/memorias-da-ditadura-documentos-revelam-perseguicao-a-dom-moacyr-grechi-o-servo-de-todos\/2c970670-36d0-40c3-801a-1f3c35711045\/\" data-orig-file=\"https:\/\/i0.wp.com\/blogdalucianaoliveira.com.br\/blog\/wp-content\/uploads\/2020\/03\/2C970670-36D0-40C3-801A-1F3C35711045.jpeg?fit=316%2C320\" data-orig-size=\"316,320\" data-comments-opened=\"0\" data-image-meta=\"{&quot;aperture&quot;:&quot;0&quot;,&quot;credit&quot;:&quot;&quot;,&quot;camera&quot;:&quot;&quot;,&quot;caption&quot;:&quot;&quot;,&quot;created_timestamp&quot;:&quot;0&quot;,&quot;copyright&quot;:&quot;&quot;,&quot;focal_length&quot;:&quot;0&quot;,&quot;iso&quot;:&quot;0&quot;,&quot;shutter_speed&quot;:&quot;0&quot;,&quot;title&quot;:&quot;&quot;,&quot;orientation&quot;:&quot;1&quot;}\" data-image-title=\"2C970670-36D0-40C3-801A-1F3C35711045\" data-image-description=\"\" data-image-caption=\"\" data-medium-file=\"https:\/\/i0.wp.com\/blogdalucianaoliveira.com.br\/blog\/wp-content\/uploads\/2020\/03\/2C970670-36D0-40C3-801A-1F3C35711045.jpeg?fit=296%2C300\" data-large-file=\"https:\/\/i0.wp.com\/blogdalucianaoliveira.com.br\/blog\/wp-content\/uploads\/2020\/03\/2C970670-36D0-40C3-801A-1F3C35711045.jpeg?fit=316%2C320\" src=\"https:\/\/i0.wp.com\/blogdalucianaoliveira.com.br\/blog\/wp-content\/uploads\/2020\/03\/2C970670-36D0-40C3-801A-1F3C35711045.jpeg?resize=316%2C320\" alt=\"\" class=\"wp-image-27284\" srcset=\"https:\/\/i0.wp.com\/blogdalucianaoliveira.com.br\/blog\/wp-content\/uploads\/2020\/03\/2C970670-36D0-40C3-801A-1F3C35711045.jpeg?w=316 316w, https:\/\/i0.wp.com\/blogdalucianaoliveira.com.br\/blog\/wp-content\/uploads\/2020\/03\/2C970670-36D0-40C3-801A-1F3C35711045.jpeg?resize=296%2C300 296w\" sizes=\"auto, (max-width: 316px) 100vw, 316px\" \/><\/figure>\n\n\n\n<figure class=\"wp-block-image size-large\"><img data-recalc-dims=\"1\" loading=\"lazy\" decoding=\"async\" width=\"600\" height=\"630\" data-attachment-id=\"27286\" data-permalink=\"http:\/\/blogdalucianaoliveira.com.br\/blog\/2020\/03\/31\/memorias-da-ditadura-documentos-revelam-perseguicao-a-dom-moacyr-grechi-o-servo-de-todos\/0defb8c8-8daf-4ae0-8509-2927118de7b7\/\" data-orig-file=\"https:\/\/i0.wp.com\/blogdalucianaoliveira.com.br\/blog\/wp-content\/uploads\/2020\/03\/0DEFB8C8-8DAF-4AE0-8509-2927118DE7B7.jpeg?fit=610%2C640\" data-orig-size=\"610,640\" data-comments-opened=\"0\" data-image-meta=\"{&quot;aperture&quot;:&quot;0&quot;,&quot;credit&quot;:&quot;&quot;,&quot;camera&quot;:&quot;&quot;,&quot;caption&quot;:&quot;&quot;,&quot;created_timestamp&quot;:&quot;0&quot;,&quot;copyright&quot;:&quot;&quot;,&quot;focal_length&quot;:&quot;0&quot;,&quot;iso&quot;:&quot;0&quot;,&quot;shutter_speed&quot;:&quot;0&quot;,&quot;title&quot;:&quot;&quot;,&quot;orientation&quot;:&quot;1&quot;}\" data-image-title=\"0DEFB8C8-8DAF-4AE0-8509-2927118DE7B7\" data-image-description=\"\" data-image-caption=\"\" data-medium-file=\"https:\/\/i0.wp.com\/blogdalucianaoliveira.com.br\/blog\/wp-content\/uploads\/2020\/03\/0DEFB8C8-8DAF-4AE0-8509-2927118DE7B7.jpeg?fit=286%2C300\" data-large-file=\"https:\/\/i0.wp.com\/blogdalucianaoliveira.com.br\/blog\/wp-content\/uploads\/2020\/03\/0DEFB8C8-8DAF-4AE0-8509-2927118DE7B7.jpeg?fit=600%2C630\" src=\"https:\/\/i0.wp.com\/blogdalucianaoliveira.com.br\/blog\/wp-content\/uploads\/2020\/03\/0DEFB8C8-8DAF-4AE0-8509-2927118DE7B7.jpeg?resize=600%2C630\" alt=\"\" class=\"wp-image-27286\" srcset=\"https:\/\/i0.wp.com\/blogdalucianaoliveira.com.br\/blog\/wp-content\/uploads\/2020\/03\/0DEFB8C8-8DAF-4AE0-8509-2927118DE7B7.jpeg?w=610 610w, https:\/\/i0.wp.com\/blogdalucianaoliveira.com.br\/blog\/wp-content\/uploads\/2020\/03\/0DEFB8C8-8DAF-4AE0-8509-2927118DE7B7.jpeg?resize=286%2C300 286w\" sizes=\"auto, (max-width: 600px) 100vw, 600px\" \/><\/figure>\n\n\n\n<p>A nota da Arquidiocese de Porto Velho no seu falecimento, destacou &#8220;<em>seu grande amor e incentivo \u00e0s CEBs (Comunidades Eclesiais de Base), movido sempre pela profecia vinda do Evangelho de Nosso Senhor Jesus Cristo (cuja leitura costumava carinhosamente cobrar do povo), bem como um profundo amor pela Sant\u00edssima M\u00e3e de Jesus<\/em>&#8220;.<\/p>\n\n\n\n<p>A mensagem de Dom Moacyr que orienta seus fi\u00e9is \u00e9: O ultimo de todos \u00e9 o servo de todos&#8221;<\/p>\n","protected":false},"excerpt":{"rendered":"<p>Ele faleceu em junho de 2019 aos 83 anos como Arcebispo Em\u00e9rito da Arquidiocese de Porto Velho (RO), mas sua hist\u00f3ria de luta se tornou robusta no estado vizinho, o Acre, onde desenvolveu um projeto em defesa das causas populares da Amaz\u00f4nia. Os documentos obtidos pelo blog recentemente, provam que os passos de Dom Moacyr&#8230;<a class=\"more-link\" href=\"http:\/\/blogdalucianaoliveira.com.br\/blog\/2020\/03\/31\/memorias-da-ditadura-documentos-revelam-perseguicao-a-dom-moacyr-grechi-o-servo-de-todos\/\">Continue a leitura <span class=\"meta-nav\">&raquo;<\/span><\/a><\/p>\n","protected":false},"author":1,"featured_media":0,"comment_status":"closed","ping_status":"open","sticky":false,"template":"","format":"standard","meta":{"_exactmetrics_skip_tracking":false,"_exactmetrics_sitenote_active":false,"_exactmetrics_sitenote_note":"","_exactmetrics_sitenote_category":0,"jetpack_post_was_ever_published":false,"_jetpack_newsletter_access":"","_jetpack_dont_email_post_to_subs":false,"_jetpack_newsletter_tier_id":0,"_jetpack_memberships_contains_paywalled_content":false,"_jetpack_memberships_contains_paid_content":false,"footnotes":"","jetpack_publicize_message":"","jetpack_publicize_feature_enabled":true,"jetpack_social_post_already_shared":true,"jetpack_social_options":{"image_generator_settings":{"template":"highway","enabled":false},"version":2}},"categories":[1],"tags":[],"class_list":["post-27268","post","type-post","status-publish","format-standard","hentry","category-notas"],"jetpack_publicize_connections":[],"jetpack_sharing_enabled":true,"jetpack_featured_media_url":"","jetpack_shortlink":"https:\/\/wp.me\/p7wKYW-75O","jetpack-related-posts":[],"_links":{"self":[{"href":"http:\/\/blogdalucianaoliveira.com.br\/blog\/wp-json\/wp\/v2\/posts\/27268","targetHints":{"allow":["GET"]}}],"collection":[{"href":"http:\/\/blogdalucianaoliveira.com.br\/blog\/wp-json\/wp\/v2\/posts"}],"about":[{"href":"http:\/\/blogdalucianaoliveira.com.br\/blog\/wp-json\/wp\/v2\/types\/post"}],"author":[{"embeddable":true,"href":"http:\/\/blogdalucianaoliveira.com.br\/blog\/wp-json\/wp\/v2\/users\/1"}],"replies":[{"embeddable":true,"href":"http:\/\/blogdalucianaoliveira.com.br\/blog\/wp-json\/wp\/v2\/comments?post=27268"}],"version-history":[{"count":4,"href":"http:\/\/blogdalucianaoliveira.com.br\/blog\/wp-json\/wp\/v2\/posts\/27268\/revisions"}],"predecessor-version":[{"id":27288,"href":"http:\/\/blogdalucianaoliveira.com.br\/blog\/wp-json\/wp\/v2\/posts\/27268\/revisions\/27288"}],"wp:attachment":[{"href":"http:\/\/blogdalucianaoliveira.com.br\/blog\/wp-json\/wp\/v2\/media?parent=27268"}],"wp:term":[{"taxonomy":"category","embeddable":true,"href":"http:\/\/blogdalucianaoliveira.com.br\/blog\/wp-json\/wp\/v2\/categories?post=27268"},{"taxonomy":"post_tag","embeddable":true,"href":"http:\/\/blogdalucianaoliveira.com.br\/blog\/wp-json\/wp\/v2\/tags?post=27268"}],"curies":[{"name":"wp","href":"https:\/\/api.w.org\/{rel}","templated":true}]}}