{"id":2727,"date":"2016-07-31T19:11:14","date_gmt":"2016-07-31T23:11:14","guid":{"rendered":"http:\/\/blogdalucianaoliveira.com.br\/blog\/?p=2727"},"modified":"2016-07-31T19:22:39","modified_gmt":"2016-07-31T23:22:39","slug":"ensandecidos-militantes-estupidos-do-fora-dilma-agridem-atriz-leticia-sabatela","status":"publish","type":"post","link":"http:\/\/blogdalucianaoliveira.com.br\/blog\/2016\/07\/31\/ensandecidos-militantes-estupidos-do-fora-dilma-agridem-atriz-leticia-sabatela\/","title":{"rendered":"Ensadecidos feito c\u00e3es raivosos eleitores da direita agridem atriz Let\u00edcia Sabatela"},"content":{"rendered":"<div class=\"fb-video\" data-allowfullscreen=\"true\" data-href=\"https:\/\/www.facebook.com\/midiaNINJA\/videos\/690889027735912\/\"><\/div>\n<p>Os eleitores da direita &#8211; porque n\u00e3o d\u00e1 pra cham\u00e1-los de militantes &#8211; agrediram a atriz Let\u00edcia Sabatela, militante contra o golpe, s\u00f3 porque ela ousou dividir o espa\u00e7o p\u00fablico.  <!--more--><\/p>\n<p>Com a vacina\u00e7\u00e3o anti-r\u00e1bica vencida, s\u00f3 n\u00e3o atacaram com unhas e dentes a atriz, porque a pol\u00edcia impediu. <\/p>\n<p>Com saliva\u00e7\u00e3o e agressividade excessiva, seguiram a atriz que andava na rua em dire\u00e7\u00e3o ao protesto Fora Temer. <\/p>\n<p>O Centro de Controle de Zoonoses confirmou que a vacina est\u00e1 em falta devido a grande procura. <\/p>\n<p><img data-recalc-dims=\"1\" loading=\"lazy\" decoding=\"async\" data-attachment-id=\"2731\" data-permalink=\"http:\/\/blogdalucianaoliveira.com.br\/blog\/2016\/07\/31\/ensandecidos-militantes-estupidos-do-fora-dilma-agridem-atriz-leticia-sabatela\/image-622\/\" data-orig-file=\"https:\/\/i0.wp.com\/blogdalucianaoliveira.com.br\/blog\/wp-content\/uploads\/2016\/07\/image-173.jpeg?fit=640%2C306\" data-orig-size=\"640,306\" data-comments-opened=\"0\" data-image-meta=\"{&quot;aperture&quot;:&quot;0&quot;,&quot;credit&quot;:&quot;&quot;,&quot;camera&quot;:&quot;&quot;,&quot;caption&quot;:&quot;&quot;,&quot;created_timestamp&quot;:&quot;0&quot;,&quot;copyright&quot;:&quot;&quot;,&quot;focal_length&quot;:&quot;0&quot;,&quot;iso&quot;:&quot;0&quot;,&quot;shutter_speed&quot;:&quot;0&quot;,&quot;title&quot;:&quot;&quot;,&quot;orientation&quot;:&quot;0&quot;}\" data-image-title=\"image\" data-image-description=\"\" data-image-caption=\"\" data-medium-file=\"https:\/\/i0.wp.com\/blogdalucianaoliveira.com.br\/blog\/wp-content\/uploads\/2016\/07\/image-173.jpeg?fit=300%2C143\" data-large-file=\"https:\/\/i0.wp.com\/blogdalucianaoliveira.com.br\/blog\/wp-content\/uploads\/2016\/07\/image-173.jpeg?fit=600%2C287\" src=\"https:\/\/i0.wp.com\/blogdalucianaoliveira.com.br\/blog\/wp-content\/uploads\/2016\/07\/image-173.jpeg?resize=600%2C287\" alt=\"image\" width=\"600\" height=\"287\" class=\"alignnone size-full wp-image-2731\" srcset=\"https:\/\/i0.wp.com\/blogdalucianaoliveira.com.br\/blog\/wp-content\/uploads\/2016\/07\/image-173.jpeg?w=640 640w, https:\/\/i0.wp.com\/blogdalucianaoliveira.com.br\/blog\/wp-content\/uploads\/2016\/07\/image-173.jpeg?resize=300%2C143 300w\" sizes=\"auto, (max-width: 600px) 100vw, 600px\" \/><\/p>\n","protected":false},"excerpt":{"rendered":"<p>Os eleitores da direita &#8211; porque n\u00e3o d\u00e1 pra cham\u00e1-los de militantes &#8211; agrediram a atriz Let\u00edcia Sabatela, militante contra o golpe, s\u00f3 porque ela ousou dividir o espa\u00e7o p\u00fablico.<\/p>\n","protected":false},"author":1,"featured_media":0,"comment_status":"closed","ping_status":"open","sticky":false,"template":"","format":"standard","meta":{"_exactmetrics_skip_tracking":false,"_exactmetrics_sitenote_active":false,"_exactmetrics_sitenote_note":"","_exactmetrics_sitenote_category":0,"jetpack_post_was_ever_published":false,"_jetpack_newsletter_access":"","_jetpack_dont_email_post_to_subs":false,"_jetpack_newsletter_tier_id":0,"_jetpack_memberships_contains_paywalled_content":false,"_jetpack_memberships_contains_paid_content":false,"footnotes":"","jetpack_publicize_message":"","jetpack_publicize_feature_enabled":true,"jetpack_social_post_already_shared":true,"jetpack_social_options":{"image_generator_settings":{"template":"highway","enabled":false},"version":2}},"categories":[1],"tags":[176,177,175,26],"class_list":["post-2727","post","type-post","status-publish","format-standard","hentry","category-notas","tag-agressao","tag-fora-temer","tag-leticia-sabatela","tag-protesto"],"jetpack_publicize_connections":[],"jetpack_sharing_enabled":true,"jetpack_featured_media_url":"","jetpack_shortlink":"https:\/\/wp.me\/p7wKYW-HZ","jetpack-related-posts":[],"_links":{"self":[{"href":"http:\/\/blogdalucianaoliveira.com.br\/blog\/wp-json\/wp\/v2\/posts\/2727","targetHints":{"allow":["GET"]}}],"collection":[{"href":"http:\/\/blogdalucianaoliveira.com.br\/blog\/wp-json\/wp\/v2\/posts"}],"about":[{"href":"http:\/\/blogdalucianaoliveira.com.br\/blog\/wp-json\/wp\/v2\/types\/post"}],"author":[{"embeddable":true,"href":"http:\/\/blogdalucianaoliveira.com.br\/blog\/wp-json\/wp\/v2\/users\/1"}],"replies":[{"embeddable":true,"href":"http:\/\/blogdalucianaoliveira.com.br\/blog\/wp-json\/wp\/v2\/comments?post=2727"}],"version-history":[{"count":7,"href":"http:\/\/blogdalucianaoliveira.com.br\/blog\/wp-json\/wp\/v2\/posts\/2727\/revisions"}],"predecessor-version":[{"id":2735,"href":"http:\/\/blogdalucianaoliveira.com.br\/blog\/wp-json\/wp\/v2\/posts\/2727\/revisions\/2735"}],"wp:attachment":[{"href":"http:\/\/blogdalucianaoliveira.com.br\/blog\/wp-json\/wp\/v2\/media?parent=2727"}],"wp:term":[{"taxonomy":"category","embeddable":true,"href":"http:\/\/blogdalucianaoliveira.com.br\/blog\/wp-json\/wp\/v2\/categories?post=2727"},{"taxonomy":"post_tag","embeddable":true,"href":"http:\/\/blogdalucianaoliveira.com.br\/blog\/wp-json\/wp\/v2\/tags?post=2727"}],"curies":[{"name":"wp","href":"https:\/\/api.w.org\/{rel}","templated":true}]}}