{"id":27289,"date":"2020-04-01T16:01:08","date_gmt":"2020-04-01T20:01:08","guid":{"rendered":"http:\/\/blogdalucianaoliveira.com.br\/blog\/?p=27289"},"modified":"2020-04-01T16:01:19","modified_gmt":"2020-04-01T20:01:19","slug":"onde-estao-os-militares-no-combate-ao-coronavirus","status":"publish","type":"post","link":"http:\/\/blogdalucianaoliveira.com.br\/blog\/2020\/04\/01\/onde-estao-os-militares-no-combate-ao-coronavirus\/","title":{"rendered":"Onde est\u00e3o os militares no combate ao coronav\u00edrus?"},"content":{"rendered":"\n<figure class=\"wp-block-image size-large\"><img data-recalc-dims=\"1\" loading=\"lazy\" decoding=\"async\" width=\"600\" height=\"416\" data-attachment-id=\"27290\" data-permalink=\"http:\/\/blogdalucianaoliveira.com.br\/blog\/2020\/04\/01\/onde-estao-os-militares-no-combate-ao-coronavirus\/brazil-bolsonaro-army\/\" data-orig-file=\"https:\/\/i0.wp.com\/blogdalucianaoliveira.com.br\/blog\/wp-content\/uploads\/2020\/04\/image.jpeg?fit=800%2C555\" data-orig-size=\"800,555\" data-comments-opened=\"0\" data-image-meta=\"{&quot;aperture&quot;:&quot;0&quot;,&quot;credit&quot;:&quot;AFP&quot;,&quot;camera&quot;:&quot;&quot;,&quot;caption&quot;:&quot;Brazilian Army soldiers march during a ceremony for the Soldier Day at the Brazilian Army Headquarters in Brasilia, Brazil, on August 23, 2019. - Brazilian President Jair Bolsonaro says he is inclined to send the army to help fight fires in the Amazon that have scared people around the world. (Photo by Sergio LIMA \\\/ AFP)&quot;,&quot;created_timestamp&quot;:&quot;1566595834&quot;,&quot;copyright&quot;:&quot;AFP or licensors&quot;,&quot;focal_length&quot;:&quot;0&quot;,&quot;iso&quot;:&quot;0&quot;,&quot;shutter_speed&quot;:&quot;0&quot;,&quot;title&quot;:&quot;BRAZIL-BOLSONARO-ARMY&quot;,&quot;orientation&quot;:&quot;0&quot;}\" data-image-title=\"BRAZIL-BOLSONARO-ARMY\" data-image-description=\"\" data-image-caption=\"&lt;p&gt;Brazilian Army soldiers march during a ceremony for the Soldier Day at the Brazilian Army Headquarters in Brasilia, Brazil, on August 23, 2019. &amp;#8211; Brazilian President Jair Bolsonaro says he is inclined to send the army to help fight fires in the Amazon that have scared people around the world. (Photo by Sergio LIMA \/ AFP)&lt;\/p&gt;\n\" data-medium-file=\"https:\/\/i0.wp.com\/blogdalucianaoliveira.com.br\/blog\/wp-content\/uploads\/2020\/04\/image.jpeg?fit=300%2C208\" data-large-file=\"https:\/\/i0.wp.com\/blogdalucianaoliveira.com.br\/blog\/wp-content\/uploads\/2020\/04\/image.jpeg?fit=600%2C416\" src=\"https:\/\/i0.wp.com\/blogdalucianaoliveira.com.br\/blog\/wp-content\/uploads\/2020\/04\/image.jpeg?resize=600%2C416\" alt=\"\" class=\"wp-image-27290\" srcset=\"https:\/\/i0.wp.com\/blogdalucianaoliveira.com.br\/blog\/wp-content\/uploads\/2020\/04\/image.jpeg?w=800 800w, https:\/\/i0.wp.com\/blogdalucianaoliveira.com.br\/blog\/wp-content\/uploads\/2020\/04\/image.jpeg?resize=300%2C208 300w, https:\/\/i0.wp.com\/blogdalucianaoliveira.com.br\/blog\/wp-content\/uploads\/2020\/04\/image.jpeg?resize=768%2C533 768w, https:\/\/i0.wp.com\/blogdalucianaoliveira.com.br\/blog\/wp-content\/uploads\/2020\/04\/image.jpeg?resize=432%2C300 432w\" sizes=\"auto, (max-width: 600px) 100vw, 600px\" \/><\/figure>\n\n\n\n<blockquote class=\"wp-block-quote is-layout-flow wp-block-quote-is-layout-flow\"><p>N\u00e3o hoje mas ontem as For\u00e7as Armadas j\u00e1 deveriam dispor o grosso de seu efetivo no front da pandemia<\/p><\/blockquote>\n\n\n\n<!--more-->\n\n\n\n<p>Brasil De Fato, Ayrton Centeno<\/p>\n\n\n\n<p><br>Nos momentos de crise, assomam o pior e o melhor de cada um. O que vale para pessoas f\u00edsicas mas tamb\u00e9m as jur\u00eddicas. Para ficarmos apenas num segmento, basta observarmos o que ocorre no com\u00e9rcio. H\u00e1 empresas incentivando o isolamento social e informando que pagar\u00e3o seus funcion\u00e1rios, embora estes fiquem em casa. E h\u00e1 outras\u00a0<a href=\"https:\/\/www.brasildefato.com.br\/2020\/03\/24\/diante-de-quarentena-declaracoes-de-empresarios-dao-o-tom-de-ameaca-a-funcionarios\">amea\u00e7ando seus trabalhadores com a demiss\u00e3o e o desamparo<\/a>\u00a0caso n\u00e3o se exponham \u00e0 morte.<\/p>\n\n\n\n<p>Um terceiro comportamento \u00e9 o auto-ocultamento, a omiss\u00e3o do dever, o descolamento da realidade circundante para cuidar somente de si pr\u00f3prio. Chama a aten\u00e7\u00e3o o sumi\u00e7o das&nbsp;<a href=\"https:\/\/www.brasildefato.com.br\/2020\/03\/31\/os-possiveis-desdobramentos-sobre-a-presenca-dos-militares-no-poder\">For\u00e7as Armadas<\/a>. Onde est\u00e3o?<\/p>\n\n\n\n<p>N\u00e3o \u00e9 uma preocupa\u00e7\u00e3o com a sa\u00fade pol\u00edtica do pa\u00eds, embora esta inspire s\u00e9rios cuidados. Muito menos \u00e9 um chamado para o que j\u00e1 nasceram fazendo, ou seja, o&nbsp;<a href=\"https:\/\/www.brasildefato.com.br\/2020\/03\/31\/artigo-do-golpe-militar-a-bolsonaro-as-licoes-nao-aprendidas-pelo-brasil\">golpe de estado<\/a>, como aquele desferido em 1889 pelo marechal Deodoro da Fonseca contra o imperador Dom Pedro II. A preocupa\u00e7\u00e3o \u00e9 com a defesa da sa\u00fade dos brasileiros,&nbsp;<a href=\"https:\/\/www.brasildefato.com.br\/2020\/03\/18\/coronavirus-teto-de-gastos-emperra-acoes-de-combate\">t\u00e3o amea\u00e7ada nesses dias<\/a>.<\/p>\n\n\n\n<p>Sabe-se que a Aeron\u00e1utica comprou m\u00e1scaras, toucas, sapatilhas e luvas. Para os seus pr\u00f3prios hospitais. Na Marinha, descobriu-se que o comandante e o imediato de um de seus navios est\u00e3o infectados. Ao visitarem o navio, no porto de Itaja\u00ed\/SC, alunos de uma escola de aprendizes marinheiros tamb\u00e9m se contaminaram. Mas o governo federal, ainda bem, informa que \u201c10 Comandos das For\u00e7as Armadas est\u00e3o refor\u00e7ando as medidas de seguran\u00e7a e preven\u00e7\u00e3o\u201d, usando ve\u00edculos, avi\u00f5es, barcos e um contingente de 4,5 mil homens das tr\u00eas armas. Louv\u00e1vel mas insuficiente.<\/p>\n\n\n\n<p>Significa que, perante a maior batalha do s\u00e9culo, as For\u00e7as Armadas est\u00e3o enviando para a linha de frente apenas a octog\u00e9sima parte do seu efetivo que \u00e9 de 360 mil homens, segundo informa o pr\u00f3prio Minist\u00e9rio da Defesa em seu portal. Isto sem contar pessoal da reserva, aspirantes, alunos de escolas do oficialato etc. Das duas, uma: ou os militares, entre tantas atividades de seu dia t\u00e3o atribulado na caserna, ainda n\u00e3o dispuseram do tempo necess\u00e1rio para avaliar melhor o assunto ou, pior, sabem do que se trata mas comungam da&nbsp;<a href=\"https:\/\/www.brasildefato.com.br\/2020\/03\/31\/os-possiveis-desdobramentos-sobre-a-presenca-dos-militares-no-poder\">vers\u00e3o abilolada de Jair Bolsonaro (sem partido)<\/a>.<\/p>\n\n\n\n<p>N\u00e3o hoje mas ontem as For\u00e7as Armadas j\u00e1 deveriam dispor o grosso de seu efetivo no front da pandemia. Deveriam estar distribuindo massivamente cestas b\u00e1sicas na periferia das grandes e m\u00e9dias cidades de onde poder\u00e1 vir, amanh\u00e3 ou depois, uma rea\u00e7\u00e3o desesperada ao abandono e \u00e0 falta de recursos m\u00ednimos.<\/p>\n\n\n\n<p>Mas existe uma terceira e terr\u00edvel hip\u00f3tese, j\u00e1 considerada por observadores mais agudos da cena pol\u00edtica. \u00c9 a de que os militares estariam aguardando justamente esse momento, o do desespero, para fazer o que j\u00e1 fizeram nas favelas cariocas. \u00c9 uma inquieta\u00e7\u00e3o que se adensa alimentada pelo hist\u00f3rico secular das armas no Brasil e as reiteradas&nbsp;<a href=\"https:\/\/www.brasildefato.com.br\/2020\/03\/31\/em-rede-nacional-bolsonaro-volta-a-mentir-sobre-discurso-de-presidente-da-oms\">observa\u00e7\u00f5es presidenciais sobre a preval\u00eancia da quest\u00e3o da fome sobre a doen\u00e7a<\/a>.<\/p>\n\n\n\n<p>\u00c9 essencial que n\u00e3o seja assim. Todos ter\u00edamos a perder, inclusive as For\u00e7as Armadas, j\u00e1 perigosamente picadas pelo negacionismo da Hist\u00f3ria, como o demonstram as manifesta\u00e7\u00f5es inacredit\u00e1veis na passagem de mais um 31 de mar\u00e7o. Se hoje j\u00e1 foram rebaixadas \u00e0 condi\u00e7\u00e3o de guarda pretoriana de um buf\u00e3o com laivos de sadismo, envolver-se num projeto genocida, representaria a definitiva imers\u00e3o na pocilga da qual jamais sairiam.<\/p>\n\n\n\n<p>Edi\u00e7\u00e3o: Rodrigo Chagas<\/p>\n","protected":false},"excerpt":{"rendered":"<p>N\u00e3o hoje mas ontem as For\u00e7as Armadas j\u00e1 deveriam dispor o grosso de seu efetivo no front da pandemia<\/p>\n","protected":false},"author":1,"featured_media":0,"comment_status":"closed","ping_status":"open","sticky":false,"template":"","format":"standard","meta":{"_exactmetrics_skip_tracking":false,"_exactmetrics_sitenote_active":false,"_exactmetrics_sitenote_note":"","_exactmetrics_sitenote_category":0,"jetpack_post_was_ever_published":false,"_jetpack_newsletter_access":"","_jetpack_dont_email_post_to_subs":false,"_jetpack_newsletter_tier_id":0,"_jetpack_memberships_contains_paywalled_content":false,"_jetpack_memberships_contains_paid_content":false,"footnotes":"","jetpack_publicize_message":"","jetpack_publicize_feature_enabled":true,"jetpack_social_post_already_shared":true,"jetpack_social_options":{"image_generator_settings":{"template":"highway","enabled":false},"version":2}},"categories":[1],"tags":[],"class_list":["post-27289","post","type-post","status-publish","format-standard","hentry","category-notas"],"jetpack_publicize_connections":[],"jetpack_sharing_enabled":true,"jetpack_featured_media_url":"","jetpack_shortlink":"https:\/\/wp.me\/p7wKYW-769","jetpack-related-posts":[],"_links":{"self":[{"href":"http:\/\/blogdalucianaoliveira.com.br\/blog\/wp-json\/wp\/v2\/posts\/27289","targetHints":{"allow":["GET"]}}],"collection":[{"href":"http:\/\/blogdalucianaoliveira.com.br\/blog\/wp-json\/wp\/v2\/posts"}],"about":[{"href":"http:\/\/blogdalucianaoliveira.com.br\/blog\/wp-json\/wp\/v2\/types\/post"}],"author":[{"embeddable":true,"href":"http:\/\/blogdalucianaoliveira.com.br\/blog\/wp-json\/wp\/v2\/users\/1"}],"replies":[{"embeddable":true,"href":"http:\/\/blogdalucianaoliveira.com.br\/blog\/wp-json\/wp\/v2\/comments?post=27289"}],"version-history":[{"count":2,"href":"http:\/\/blogdalucianaoliveira.com.br\/blog\/wp-json\/wp\/v2\/posts\/27289\/revisions"}],"predecessor-version":[{"id":27292,"href":"http:\/\/blogdalucianaoliveira.com.br\/blog\/wp-json\/wp\/v2\/posts\/27289\/revisions\/27292"}],"wp:attachment":[{"href":"http:\/\/blogdalucianaoliveira.com.br\/blog\/wp-json\/wp\/v2\/media?parent=27289"}],"wp:term":[{"taxonomy":"category","embeddable":true,"href":"http:\/\/blogdalucianaoliveira.com.br\/blog\/wp-json\/wp\/v2\/categories?post=27289"},{"taxonomy":"post_tag","embeddable":true,"href":"http:\/\/blogdalucianaoliveira.com.br\/blog\/wp-json\/wp\/v2\/tags?post=27289"}],"curies":[{"name":"wp","href":"https:\/\/api.w.org\/{rel}","templated":true}]}}