{"id":27293,"date":"2020-04-01T16:11:44","date_gmt":"2020-04-01T20:11:44","guid":{"rendered":"http:\/\/blogdalucianaoliveira.com.br\/blog\/?p=27293"},"modified":"2020-04-01T16:11:53","modified_gmt":"2020-04-01T20:11:53","slug":"brasil-247-lanca-concurso-de-contos-sobre-a-quarentena-do-coronavirus","status":"publish","type":"post","link":"http:\/\/blogdalucianaoliveira.com.br\/blog\/2020\/04\/01\/brasil-247-lanca-concurso-de-contos-sobre-a-quarentena-do-coronavirus\/","title":{"rendered":"Brasil 247 lan\u00e7a concurso de contos sobre a quarentena do coronav\u00edrus"},"content":{"rendered":"\n<figure class=\"wp-block-image size-large\"><img data-recalc-dims=\"1\" loading=\"lazy\" decoding=\"async\" width=\"500\" height=\"240\" data-attachment-id=\"27294\" data-permalink=\"http:\/\/blogdalucianaoliveira.com.br\/blog\/2020\/04\/01\/brasil-247-lanca-concurso-de-contos-sobre-a-quarentena-do-coronavirus\/image-1-8\/\" data-orig-file=\"https:\/\/i0.wp.com\/blogdalucianaoliveira.com.br\/blog\/wp-content\/uploads\/2020\/04\/image-1.jpeg?fit=500%2C240\" data-orig-size=\"500,240\" data-comments-opened=\"0\" data-image-meta=\"{&quot;aperture&quot;:&quot;0&quot;,&quot;credit&quot;:&quot;&quot;,&quot;camera&quot;:&quot;&quot;,&quot;caption&quot;:&quot;&quot;,&quot;created_timestamp&quot;:&quot;0&quot;,&quot;copyright&quot;:&quot;&quot;,&quot;focal_length&quot;:&quot;0&quot;,&quot;iso&quot;:&quot;0&quot;,&quot;shutter_speed&quot;:&quot;0&quot;,&quot;title&quot;:&quot;&quot;,&quot;orientation&quot;:&quot;0&quot;}\" data-image-title=\"image-1\" data-image-description=\"\" data-image-caption=\"\" data-medium-file=\"https:\/\/i0.wp.com\/blogdalucianaoliveira.com.br\/blog\/wp-content\/uploads\/2020\/04\/image-1.jpeg?fit=300%2C144\" data-large-file=\"https:\/\/i0.wp.com\/blogdalucianaoliveira.com.br\/blog\/wp-content\/uploads\/2020\/04\/image-1.jpeg?fit=500%2C240\" src=\"https:\/\/i0.wp.com\/blogdalucianaoliveira.com.br\/blog\/wp-content\/uploads\/2020\/04\/image-1.jpeg?resize=500%2C240\" alt=\"\" class=\"wp-image-27294\" srcset=\"https:\/\/i0.wp.com\/blogdalucianaoliveira.com.br\/blog\/wp-content\/uploads\/2020\/04\/image-1.jpeg?w=500 500w, https:\/\/i0.wp.com\/blogdalucianaoliveira.com.br\/blog\/wp-content\/uploads\/2020\/04\/image-1.jpeg?resize=300%2C144 300w\" sizes=\"auto, (max-width: 500px) 100vw, 500px\" \/><\/figure>\n\n\n\n<p>247 &#8211; &#8220;Queremos favorecer uma reflex\u00e3o sistematizada sobre essa experi\u00eancia dram\u00e1tica pela qual estamos passando como indiv\u00edduos e como sociedade&#8221; -essa \u00e9 a explica\u00e7\u00e3o de Leonardo Attuch, fundador do Brasil 247, para a inciativa do concurso liter\u00e1rio &#8216;Contos da quarentena&#8217;.<\/p>\n\n\n\n<!--more-->\n\n\n\n<p>\u00c9 uma a\u00e7\u00e3o Editora 247, que integra a rede do site Brasil 247 e da TV 247. O objetivo \u00e9 compartilhar as experi\u00eancias reais e imagin\u00e1rias de autores amadores e\/ou profissionais durante a quarentena provocada pela pandemia do coronav\u00edrus em 2020, no Brasil e no exterior.&nbsp;<\/p>\n\n\n\n<p>Pessoas acima de 12 anos, de todos os cantos do planeta podem participar, contanto que mandem os texto em portugu\u00eas. Os contos devem ter at\u00e9 10 mil caracteres e s\u00e3o limitados a um texto por participante. Os interessados podem inscrever-se e enviar seus textos para um formul\u00e1 eletr\u00f4nico&nbsp;<a target=\"_blank\" href=\"https:\/\/forms.gle\/WE3VS72cBSm8aAy18\" rel=\"noreferrer noopener\">AQUI<\/a>. No formul\u00e1rio encontram-se o edital e regulamento do concurso. &nbsp;<\/p>\n\n\n\n<p>O vencedor receber\u00e1 um voucher de R$ 1 mil para a compra de livros na&nbsp;<a target=\"_blank\" href=\"https:\/\/www.martinsfontespaulista.com.br\/\" rel=\"noreferrer noopener\">Livraria Martins Fontes Paulista<\/a>. O segundo colocado receber\u00e1 um voucher de R$ 500. O terceiro receber\u00e1 um voucher de R$ 300.&nbsp;<\/p>\n\n\n\n<p>Os 15 melhores textos ser\u00e3o publicados num livro em edi\u00e7\u00e3o conjunta da Editora 247 e da Kotter Editorial.<\/p>\n\n\n\n<p>Os vencedores ser\u00e3o divulgados no dia 28 de abril, no site Brasil 247.&nbsp;<\/p>\n\n\n\n<p><em>O&nbsp;<strong>Brasil 247<\/strong>&nbsp;quer a sua ajuda para tomar decis\u00f5es importantes.&nbsp;<a href=\"https:\/\/gomirum.typeform.com\/to\/F1QaJw\" target=\"_blank\" rel=\"noreferrer noopener\">Participe da pesquisa<\/a><\/em><\/p>\n","protected":false},"excerpt":{"rendered":"<p>247 &#8211; &#8220;Queremos favorecer uma reflex\u00e3o sistematizada sobre essa experi\u00eancia dram\u00e1tica pela qual estamos passando como indiv\u00edduos e como sociedade&#8221; -essa \u00e9 a explica\u00e7\u00e3o de Leonardo Attuch, fundador do Brasil 247, para a inciativa do concurso liter\u00e1rio &#8216;Contos da quarentena&#8217;.<\/p>\n","protected":false},"author":1,"featured_media":0,"comment_status":"closed","ping_status":"open","sticky":false,"template":"","format":"standard","meta":{"_exactmetrics_skip_tracking":false,"_exactmetrics_sitenote_active":false,"_exactmetrics_sitenote_note":"","_exactmetrics_sitenote_category":0,"jetpack_post_was_ever_published":false,"_jetpack_newsletter_access":"","_jetpack_dont_email_post_to_subs":false,"_jetpack_newsletter_tier_id":0,"_jetpack_memberships_contains_paywalled_content":false,"_jetpack_memberships_contains_paid_content":false,"footnotes":"","jetpack_publicize_message":"","jetpack_publicize_feature_enabled":true,"jetpack_social_post_already_shared":true,"jetpack_social_options":{"image_generator_settings":{"template":"highway","enabled":false},"version":2}},"categories":[1],"tags":[],"class_list":["post-27293","post","type-post","status-publish","format-standard","hentry","category-notas"],"jetpack_publicize_connections":[],"jetpack_sharing_enabled":true,"jetpack_featured_media_url":"","jetpack_shortlink":"https:\/\/wp.me\/p7wKYW-76d","jetpack-related-posts":[],"_links":{"self":[{"href":"http:\/\/blogdalucianaoliveira.com.br\/blog\/wp-json\/wp\/v2\/posts\/27293","targetHints":{"allow":["GET"]}}],"collection":[{"href":"http:\/\/blogdalucianaoliveira.com.br\/blog\/wp-json\/wp\/v2\/posts"}],"about":[{"href":"http:\/\/blogdalucianaoliveira.com.br\/blog\/wp-json\/wp\/v2\/types\/post"}],"author":[{"embeddable":true,"href":"http:\/\/blogdalucianaoliveira.com.br\/blog\/wp-json\/wp\/v2\/users\/1"}],"replies":[{"embeddable":true,"href":"http:\/\/blogdalucianaoliveira.com.br\/blog\/wp-json\/wp\/v2\/comments?post=27293"}],"version-history":[{"count":1,"href":"http:\/\/blogdalucianaoliveira.com.br\/blog\/wp-json\/wp\/v2\/posts\/27293\/revisions"}],"predecessor-version":[{"id":27295,"href":"http:\/\/blogdalucianaoliveira.com.br\/blog\/wp-json\/wp\/v2\/posts\/27293\/revisions\/27295"}],"wp:attachment":[{"href":"http:\/\/blogdalucianaoliveira.com.br\/blog\/wp-json\/wp\/v2\/media?parent=27293"}],"wp:term":[{"taxonomy":"category","embeddable":true,"href":"http:\/\/blogdalucianaoliveira.com.br\/blog\/wp-json\/wp\/v2\/categories?post=27293"},{"taxonomy":"post_tag","embeddable":true,"href":"http:\/\/blogdalucianaoliveira.com.br\/blog\/wp-json\/wp\/v2\/tags?post=27293"}],"curies":[{"name":"wp","href":"https:\/\/api.w.org\/{rel}","templated":true}]}}