{"id":27296,"date":"2020-04-01T16:16:55","date_gmt":"2020-04-01T20:16:55","guid":{"rendered":"http:\/\/blogdalucianaoliveira.com.br\/blog\/?p=27296"},"modified":"2020-04-01T16:17:05","modified_gmt":"2020-04-01T20:17:05","slug":"questionada-sobre-bolsonaro-oms-diz-que-contencao-de-coronavirus-inclui-lockdown-e-testes","status":"publish","type":"post","link":"http:\/\/blogdalucianaoliveira.com.br\/blog\/2020\/04\/01\/questionada-sobre-bolsonaro-oms-diz-que-contencao-de-coronavirus-inclui-lockdown-e-testes\/","title":{"rendered":"Questionada sobre Bolsonaro, OMS diz que conten\u00e7\u00e3o de coronav\u00edrus inclui lockdown e testes"},"content":{"rendered":"\n<figure class=\"wp-block-image size-large\"><img data-recalc-dims=\"1\" loading=\"lazy\" decoding=\"async\" width=\"600\" height=\"400\" data-attachment-id=\"27297\" data-permalink=\"http:\/\/blogdalucianaoliveira.com.br\/blog\/2020\/04\/01\/questionada-sobre-bolsonaro-oms-diz-que-contencao-de-coronavirus-inclui-lockdown-e-testes\/image-2-9\/\" data-orig-file=\"https:\/\/i0.wp.com\/blogdalucianaoliveira.com.br\/blog\/wp-content\/uploads\/2020\/04\/image-2.jpeg?fit=1024%2C683\" data-orig-size=\"1024,683\" data-comments-opened=\"0\" data-image-meta=\"{&quot;aperture&quot;:&quot;0&quot;,&quot;credit&quot;:&quot;&quot;,&quot;camera&quot;:&quot;&quot;,&quot;caption&quot;:&quot;&quot;,&quot;created_timestamp&quot;:&quot;0&quot;,&quot;copyright&quot;:&quot;&quot;,&quot;focal_length&quot;:&quot;0&quot;,&quot;iso&quot;:&quot;0&quot;,&quot;shutter_speed&quot;:&quot;0&quot;,&quot;title&quot;:&quot;&quot;,&quot;orientation&quot;:&quot;0&quot;}\" data-image-title=\"image-2\" data-image-description=\"\" data-image-caption=\"\" data-medium-file=\"https:\/\/i0.wp.com\/blogdalucianaoliveira.com.br\/blog\/wp-content\/uploads\/2020\/04\/image-2.jpeg?fit=300%2C200\" data-large-file=\"https:\/\/i0.wp.com\/blogdalucianaoliveira.com.br\/blog\/wp-content\/uploads\/2020\/04\/image-2.jpeg?fit=600%2C400\" src=\"https:\/\/i0.wp.com\/blogdalucianaoliveira.com.br\/blog\/wp-content\/uploads\/2020\/04\/image-2.jpeg?resize=600%2C400\" alt=\"\" class=\"wp-image-27297\" srcset=\"https:\/\/i0.wp.com\/blogdalucianaoliveira.com.br\/blog\/wp-content\/uploads\/2020\/04\/image-2.jpeg?w=1024 1024w, https:\/\/i0.wp.com\/blogdalucianaoliveira.com.br\/blog\/wp-content\/uploads\/2020\/04\/image-2.jpeg?resize=300%2C200 300w, https:\/\/i0.wp.com\/blogdalucianaoliveira.com.br\/blog\/wp-content\/uploads\/2020\/04\/image-2.jpeg?resize=768%2C512 768w, https:\/\/i0.wp.com\/blogdalucianaoliveira.com.br\/blog\/wp-content\/uploads\/2020\/04\/image-2.jpeg?resize=450%2C300 450w\" sizes=\"auto, (max-width: 600px) 100vw, 600px\" \/><\/figure>\n\n\n\n<p>Ao distorcer fala do diretor-geral da OMS, Bolsonaro incentivou popula\u00e7\u00e3o a voltar \u00e0s ruas.<\/p>\n\n\n\n<!--more-->\n\n\n\n<p>Na FSP &#8211; A OMS (Organiza\u00e7\u00e3o Mundial da Sa\u00fade) foi questionada, nesta quarta (1\u00ba), sobre o discurso do presidente Jair Bolsonaro (sem partido), que distorceu as orienta\u00e7\u00f5es da organiza\u00e7\u00e3o para conter o avan\u00e7o da Covid-19.<\/p>\n\n\n\n<p>Na ter\u00e7a (31) de manh\u00e3, Bolsonaro disse que o diretor-geral da OMS, Tedros Adhanom Ghebreyesus, havia defendido que os trabalhadores informais continuassem trabalhando, o que n\u00e3o \u00e9 verdade. Tedros disse que, ao elaborar pol\u00edticas de restri\u00e7\u00e3o de circula\u00e7\u00e3o, indicadas para conter o coronav\u00edrus, \u00e9 preciso levar em conta os profissionais que precisam ganhar o p\u00e3o de cada dia.<\/p>\n\n\n\n<p>\u00c0 noite, durante pronunciamento em rede nacional, Bolsonaro voltou a citar o diretor da OMS.<\/p>\n\n\n\n<p>Questionado por um jornalista sobre a fala de Bolsonaro, Tedros passou a palavra para Michael Ryan, diretor-executivo do programa de emerg\u00eancias sanit\u00e1rias da entidade.<\/p>\n\n\n\n<p>&#8220;Al\u00e9m das medidas de lockdown, precisamos de estrat\u00e9gias abrangentes baseadas em vigil\u00e2ncia, em interven\u00e7\u00e3o de sa\u00fade p\u00fablica, detec\u00e7\u00e3o de casos, testagem, isolamento, quarentena, e fortalecer nossos sistemas de sa\u00fade para absorver o golpe&#8221;, afirmou Ryan, que ainda ressaltou que a mensagem era direcionada a todos os pa\u00edses, n\u00e3o somente ao Brasil.<\/p>\n\n\n\n<p>&#8220;Engaje suas comunidades, eduque as comunidades e as traga a bordo. N\u00e3o deixe ningu\u00e9m para tr\u00e1s&#8221;, disse Ryan.<\/p>\n\n\n\n<p>Bolsonaro tem defendido que pessoas saiam \u00e0s ruas e para que os estados interrompam as medidas de isolamento mais severas. O presidente defende o que ele chama de &#8220;isolamento vertical&#8221;, o que seria um isolamento somente do grupo de risco do novo coronav\u00edrus. Algo parecido foi tentado no Reino Unido e, em pouco tempo, abandonado. O pa\u00eds agora tem quase 30 mil casos e mais de 2.000 mortos.<\/p>\n\n\n\n<p>Na ter\u00e7a, o pr\u00f3prio Ryan havia afirmado que as a\u00e7\u00f5es restritivas s\u00e3o lament\u00e1veis, mas s\u00e3o tamb\u00e9m as \u00fanicas poss\u00edveis no momento. &#8220;Essas medidas n\u00e3o s\u00e3o f\u00e1ceis e est\u00e3o machucando as pessoas. Mas a alternativa \u00e9 ainda pior&#8221;, disse.<\/p>\n\n\n\n<p>A sequ\u00eancia de afirma\u00e7\u00f5es teve in\u00edcio ap\u00f3s pergunta de uma jornalista da \u00cdndia. Narendra Modi, primeiro-ministro da \u00cdndia, ordenou um lockdown (com proibi\u00e7\u00e3o para que as pessoas saiam de casa), mas fez o an\u00fancio da medida de tal forma que a popula\u00e7\u00e3o teve menos de 4 horas para se preparar para uma confinamento de 21 dias. A a\u00e7\u00e3o levou a corrida por mantimentos e, nas redes sociais, imagens mostraram multid\u00f5es se aglomerando em frente a lojas e mercados de Nova D\u00e9li e Mumbai, as duas principais cidades do pa\u00eds.<\/p>\n\n\n\n<p>Al\u00e9m disso, h\u00e1 uma crise local porque uma parte migrante da popula\u00e7\u00e3o come e vive no mesmo local em que trabalha. Dessa forma, o an\u00fancio de Modi fez com que muita gente, inclusive fam\u00edlias inteiras, tenha se tornado sem teto e n\u00e3o tenha o que comer. Muitos migrantes juntaram seus pertences e planejam andar at\u00e9 milhares de quil\u00f4metros por rodovias, segundo reportou o jornal americano The New York Times.<\/p>\n\n\n\n<p>Os representantes da OMS afirmaram que \u00e9 preciso ser transparente com a popula\u00e7\u00e3o.<\/p>\n","protected":false},"excerpt":{"rendered":"<p>Ao distorcer fala do diretor-geral da OMS, Bolsonaro incentivou popula\u00e7\u00e3o a voltar \u00e0s ruas.<\/p>\n","protected":false},"author":1,"featured_media":0,"comment_status":"closed","ping_status":"open","sticky":false,"template":"","format":"standard","meta":{"_exactmetrics_skip_tracking":false,"_exactmetrics_sitenote_active":false,"_exactmetrics_sitenote_note":"","_exactmetrics_sitenote_category":0,"jetpack_post_was_ever_published":false,"_jetpack_newsletter_access":"","_jetpack_dont_email_post_to_subs":false,"_jetpack_newsletter_tier_id":0,"_jetpack_memberships_contains_paywalled_content":false,"_jetpack_memberships_contains_paid_content":false,"footnotes":"","jetpack_publicize_message":"","jetpack_publicize_feature_enabled":true,"jetpack_social_post_already_shared":true,"jetpack_social_options":{"image_generator_settings":{"template":"highway","enabled":false},"version":2}},"categories":[1],"tags":[],"class_list":["post-27296","post","type-post","status-publish","format-standard","hentry","category-notas"],"jetpack_publicize_connections":[],"jetpack_sharing_enabled":true,"jetpack_featured_media_url":"","jetpack_shortlink":"https:\/\/wp.me\/p7wKYW-76g","jetpack-related-posts":[],"_links":{"self":[{"href":"http:\/\/blogdalucianaoliveira.com.br\/blog\/wp-json\/wp\/v2\/posts\/27296","targetHints":{"allow":["GET"]}}],"collection":[{"href":"http:\/\/blogdalucianaoliveira.com.br\/blog\/wp-json\/wp\/v2\/posts"}],"about":[{"href":"http:\/\/blogdalucianaoliveira.com.br\/blog\/wp-json\/wp\/v2\/types\/post"}],"author":[{"embeddable":true,"href":"http:\/\/blogdalucianaoliveira.com.br\/blog\/wp-json\/wp\/v2\/users\/1"}],"replies":[{"embeddable":true,"href":"http:\/\/blogdalucianaoliveira.com.br\/blog\/wp-json\/wp\/v2\/comments?post=27296"}],"version-history":[{"count":1,"href":"http:\/\/blogdalucianaoliveira.com.br\/blog\/wp-json\/wp\/v2\/posts\/27296\/revisions"}],"predecessor-version":[{"id":27298,"href":"http:\/\/blogdalucianaoliveira.com.br\/blog\/wp-json\/wp\/v2\/posts\/27296\/revisions\/27298"}],"wp:attachment":[{"href":"http:\/\/blogdalucianaoliveira.com.br\/blog\/wp-json\/wp\/v2\/media?parent=27296"}],"wp:term":[{"taxonomy":"category","embeddable":true,"href":"http:\/\/blogdalucianaoliveira.com.br\/blog\/wp-json\/wp\/v2\/categories?post=27296"},{"taxonomy":"post_tag","embeddable":true,"href":"http:\/\/blogdalucianaoliveira.com.br\/blog\/wp-json\/wp\/v2\/tags?post=27296"}],"curies":[{"name":"wp","href":"https:\/\/api.w.org\/{rel}","templated":true}]}}