{"id":27299,"date":"2020-04-01T21:48:33","date_gmt":"2020-04-02T01:48:33","guid":{"rendered":"http:\/\/blogdalucianaoliveira.com.br\/blog\/?p=27299"},"modified":"2020-04-01T21:49:00","modified_gmt":"2020-04-02T01:49:00","slug":"roger-waters-adapta-e-toca-musica-dedicada-a-bolsonaro-e-trump-ratos-video","status":"publish","type":"post","link":"http:\/\/blogdalucianaoliveira.com.br\/blog\/2020\/04\/01\/roger-waters-adapta-e-toca-musica-dedicada-a-bolsonaro-e-trump-ratos-video\/","title":{"rendered":"Roger Waters adapta e toca m\u00fasica dedicada a Bolsonaro e Trump: &#8220;ratos&#8221; (v\u00eddeo)"},"content":{"rendered":"\n<figure class=\"wp-block-image size-large\"><img data-recalc-dims=\"1\" loading=\"lazy\" decoding=\"async\" width=\"500\" height=\"240\" data-attachment-id=\"27300\" data-permalink=\"http:\/\/blogdalucianaoliveira.com.br\/blog\/2020\/04\/01\/roger-waters-adapta-e-toca-musica-dedicada-a-bolsonaro-e-trump-ratos-video\/image-1145\/\" data-orig-file=\"https:\/\/i0.wp.com\/blogdalucianaoliveira.com.br\/blog\/wp-content\/uploads\/2020\/04\/image.png?fit=500%2C240\" data-orig-size=\"500,240\" data-comments-opened=\"0\" data-image-meta=\"{&quot;aperture&quot;:&quot;0&quot;,&quot;credit&quot;:&quot;&quot;,&quot;camera&quot;:&quot;&quot;,&quot;caption&quot;:&quot;&quot;,&quot;created_timestamp&quot;:&quot;0&quot;,&quot;copyright&quot;:&quot;&quot;,&quot;focal_length&quot;:&quot;0&quot;,&quot;iso&quot;:&quot;0&quot;,&quot;shutter_speed&quot;:&quot;0&quot;,&quot;title&quot;:&quot;&quot;,&quot;orientation&quot;:&quot;0&quot;}\" data-image-title=\"image\" data-image-description=\"\" data-image-caption=\"\" data-medium-file=\"https:\/\/i0.wp.com\/blogdalucianaoliveira.com.br\/blog\/wp-content\/uploads\/2020\/04\/image.png?fit=300%2C144\" data-large-file=\"https:\/\/i0.wp.com\/blogdalucianaoliveira.com.br\/blog\/wp-content\/uploads\/2020\/04\/image.png?fit=500%2C240\" src=\"https:\/\/i0.wp.com\/blogdalucianaoliveira.com.br\/blog\/wp-content\/uploads\/2020\/04\/image.png?resize=500%2C240\" alt=\"\" class=\"wp-image-27300\" srcset=\"https:\/\/i0.wp.com\/blogdalucianaoliveira.com.br\/blog\/wp-content\/uploads\/2020\/04\/image.png?w=500 500w, https:\/\/i0.wp.com\/blogdalucianaoliveira.com.br\/blog\/wp-content\/uploads\/2020\/04\/image.png?resize=300%2C144 300w\" sizes=\"auto, (max-width: 500px) 100vw, 500px\" \/><\/figure>\n\n\n\n<p>247 &#8211; Roger Waters aproveitou o tempo em isolamento social dentro de casa para produzir uma vers\u00e3o adaptada da can\u00e7\u00e3o \u201cEl Derecho de Vivir en Paz\u201d, do chileno Victor Jara, e citou Jair Bolsonaro e o presidente norte-americano, Donald Trump.<\/p>\n\n\n\n<!--more-->\n\n\n\n<p>Apesar da brincadeira, o m\u00fasico dedicou a can\u00e7\u00e3o \u00e0s pessoas de Santiago, Quito, Jaffa, Rio de Janeiro, La Paz, Nova York, Bagd\u00e1, Budapeste e \u201ctodos os outros lugares em que o homem tenta nos machucar\u201d.<\/p>\n\n\n\n<p>&#8220;Da minha cela na cidade de Nova York \/ Eu posso ouvir os cacerolazos [panela\u00e7os] \/ Eu sinto o seu cheiro, Pinero [provavelmente em refer\u00eancia a Sebasti\u00e1n Pi\u00f1era, presidente chileno] \/ Todos os ratos malditos t\u00eam o mesmo cheiro.<\/p>\n\n\n\n<p>Ent\u00e3o cuidado Bolsonaro, Guido [provavelmente em refer\u00eancia a Guido Fawkes, site da direita inglesa] e [Narendra] Moti e [Donald] Trump \/ O cacerolazo \u00e9 mais alto que todas as suas armas \/ \u00c9 o cora\u00e7\u00e3o das pessoas batendo \/ E a mensagem est\u00e1 perfeitamente clara \/ Nossa m\u00e3e Terra simplesmente n\u00e3o est\u00e1 \u00e0 venda&#8221;, diz um trecho da m\u00fasica.<\/p>\n\n\n\n<p><strong>Assita ao clipe da adapta\u00e7\u00e3o feita por Waters (Bolsonaro \u00e9 citado por volta do minuto 2:20):<\/strong><\/p>\n\n\n\n<div class=\"fb-post\" data-href=\"https:\/\/www.facebook.com\/236090219922086\/posts\/1311728699024894\/?vh=e&#038;d=n\" data-width=\"552\"><\/div>\n","protected":false},"excerpt":{"rendered":"<p>247 &#8211; Roger Waters aproveitou o tempo em isolamento social dentro de casa para produzir uma vers\u00e3o adaptada da can\u00e7\u00e3o \u201cEl Derecho de Vivir en Paz\u201d, do chileno Victor Jara, e citou Jair Bolsonaro e o presidente norte-americano, Donald Trump.<\/p>\n","protected":false},"author":1,"featured_media":0,"comment_status":"closed","ping_status":"open","sticky":false,"template":"","format":"standard","meta":{"_exactmetrics_skip_tracking":false,"_exactmetrics_sitenote_active":false,"_exactmetrics_sitenote_note":"","_exactmetrics_sitenote_category":0,"jetpack_post_was_ever_published":false,"_jetpack_newsletter_access":"","_jetpack_dont_email_post_to_subs":false,"_jetpack_newsletter_tier_id":0,"_jetpack_memberships_contains_paywalled_content":false,"_jetpack_memberships_contains_paid_content":false,"footnotes":"","jetpack_publicize_message":"","jetpack_publicize_feature_enabled":true,"jetpack_social_post_already_shared":true,"jetpack_social_options":{"image_generator_settings":{"template":"highway","enabled":false},"version":2}},"categories":[1],"tags":[],"class_list":["post-27299","post","type-post","status-publish","format-standard","hentry","category-notas"],"jetpack_publicize_connections":[],"jetpack_sharing_enabled":true,"jetpack_featured_media_url":"","jetpack_shortlink":"https:\/\/wp.me\/p7wKYW-76j","jetpack-related-posts":[],"_links":{"self":[{"href":"http:\/\/blogdalucianaoliveira.com.br\/blog\/wp-json\/wp\/v2\/posts\/27299","targetHints":{"allow":["GET"]}}],"collection":[{"href":"http:\/\/blogdalucianaoliveira.com.br\/blog\/wp-json\/wp\/v2\/posts"}],"about":[{"href":"http:\/\/blogdalucianaoliveira.com.br\/blog\/wp-json\/wp\/v2\/types\/post"}],"author":[{"embeddable":true,"href":"http:\/\/blogdalucianaoliveira.com.br\/blog\/wp-json\/wp\/v2\/users\/1"}],"replies":[{"embeddable":true,"href":"http:\/\/blogdalucianaoliveira.com.br\/blog\/wp-json\/wp\/v2\/comments?post=27299"}],"version-history":[{"count":2,"href":"http:\/\/blogdalucianaoliveira.com.br\/blog\/wp-json\/wp\/v2\/posts\/27299\/revisions"}],"predecessor-version":[{"id":27302,"href":"http:\/\/blogdalucianaoliveira.com.br\/blog\/wp-json\/wp\/v2\/posts\/27299\/revisions\/27302"}],"wp:attachment":[{"href":"http:\/\/blogdalucianaoliveira.com.br\/blog\/wp-json\/wp\/v2\/media?parent=27299"}],"wp:term":[{"taxonomy":"category","embeddable":true,"href":"http:\/\/blogdalucianaoliveira.com.br\/blog\/wp-json\/wp\/v2\/categories?post=27299"},{"taxonomy":"post_tag","embeddable":true,"href":"http:\/\/blogdalucianaoliveira.com.br\/blog\/wp-json\/wp\/v2\/tags?post=27299"}],"curies":[{"name":"wp","href":"https:\/\/api.w.org\/{rel}","templated":true}]}}