{"id":27303,"date":"2020-04-01T22:13:06","date_gmt":"2020-04-02T02:13:06","guid":{"rendered":"http:\/\/blogdalucianaoliveira.com.br\/blog\/?p=27303"},"modified":"2020-04-01T22:13:16","modified_gmt":"2020-04-02T02:13:16","slug":"quais-sao-as-medidas-adotadas-por-cada-estado-brasileiro-contra-o-coronavirus","status":"publish","type":"post","link":"http:\/\/blogdalucianaoliveira.com.br\/blog\/2020\/04\/01\/quais-sao-as-medidas-adotadas-por-cada-estado-brasileiro-contra-o-coronavirus\/","title":{"rendered":"Quais s\u00e3o as medidas adotadas por cada estado brasileiro contra o coronav\u00edrus"},"content":{"rendered":"\n<figure class=\"wp-block-image size-large\"><img data-recalc-dims=\"1\" loading=\"lazy\" decoding=\"async\" width=\"600\" height=\"400\" data-attachment-id=\"27304\" data-permalink=\"http:\/\/blogdalucianaoliveira.com.br\/blog\/2020\/04\/01\/quais-sao-as-medidas-adotadas-por-cada-estado-brasileiro-contra-o-coronavirus\/image-3-9\/\" data-orig-file=\"https:\/\/i0.wp.com\/blogdalucianaoliveira.com.br\/blog\/wp-content\/uploads\/2020\/04\/image-3.jpeg?fit=800%2C533\" data-orig-size=\"800,533\" data-comments-opened=\"0\" data-image-meta=\"{&quot;aperture&quot;:&quot;3.5&quot;,&quot;credit&quot;:&quot;Alex#B549&quot;,&quot;camera&quot;:&quot;Canon EOS 6D&quot;,&quot;caption&quot;:&quot;&quot;,&quot;created_timestamp&quot;:&quot;1585662854&quot;,&quot;copyright&quot;:&quot;marcofotografias@gmail.com&quot;,&quot;focal_length&quot;:&quot;400&quot;,&quot;iso&quot;:&quot;800&quot;,&quot;shutter_speed&quot;:&quot;0.002&quot;,&quot;title&quot;:&quot;&quot;,&quot;orientation&quot;:&quot;0&quot;}\" data-image-title=\"image-3\" data-image-description=\"\" data-image-caption=\"\" data-medium-file=\"https:\/\/i0.wp.com\/blogdalucianaoliveira.com.br\/blog\/wp-content\/uploads\/2020\/04\/image-3.jpeg?fit=300%2C200\" data-large-file=\"https:\/\/i0.wp.com\/blogdalucianaoliveira.com.br\/blog\/wp-content\/uploads\/2020\/04\/image-3.jpeg?fit=600%2C400\" src=\"https:\/\/i0.wp.com\/blogdalucianaoliveira.com.br\/blog\/wp-content\/uploads\/2020\/04\/image-3.jpeg?resize=600%2C400\" alt=\"\" class=\"wp-image-27304\" srcset=\"https:\/\/i0.wp.com\/blogdalucianaoliveira.com.br\/blog\/wp-content\/uploads\/2020\/04\/image-3.jpeg?w=800 800w, https:\/\/i0.wp.com\/blogdalucianaoliveira.com.br\/blog\/wp-content\/uploads\/2020\/04\/image-3.jpeg?resize=300%2C200 300w, https:\/\/i0.wp.com\/blogdalucianaoliveira.com.br\/blog\/wp-content\/uploads\/2020\/04\/image-3.jpeg?resize=768%2C512 768w, https:\/\/i0.wp.com\/blogdalucianaoliveira.com.br\/blog\/wp-content\/uploads\/2020\/04\/image-3.jpeg?resize=450%2C300 450w\" sizes=\"auto, (max-width: 600px) 100vw, 600px\" \/><\/figure>\n\n\n\n<p>Na contram\u00e3o do que deseja o presidente Jair Bolsonaro, governadores determinam isolamento da popula\u00e7\u00e3o.<\/p>\n\n\n\n<!--more-->\n\n\n\n<p>Brasil de Fato<\/p>\n\n\n\n<p>Igor Carvalho<\/p>\n\n\n\n<p><a href=\"https:\/\/www.brasildefato.com.br\/2020\/03\/17\/ministerio-preve-crescimento-do-numero-de-casos-de-coronavirus-ate-junho\">Especialistas na \u00e1rea da sa\u00fade&nbsp;afirmam<\/a>&nbsp;que o pico da contamina\u00e7\u00e3o no Brasil deve ocorrer entre abril e maio deste ano e que, portanto, o<a href=\"https:\/\/www.brasildefato.com.br\/2020\/03\/17\/ministerio-preve-crescimento-do-numero-de-casos-de-coronavirus-ate-junho\">isolamento social&nbsp;<\/a>seria a forma mais correta de achatar a curva de crescimento do n\u00famero de doentes. Cientes da possibilidade, governadores come\u00e7aram a tomar atitudes nos estados para restringir a circula\u00e7\u00e3o da popula\u00e7\u00e3o.<\/p>\n\n\n\n<p>Na \u00faltima sexta-feira (27), o minist\u00e9rio da Sa\u00fade enviou para todos os governos estaduais um documento recomendando a amplia\u00e7\u00e3o do isolamento social a partir do pr\u00f3ximo dia 6 de abril. No texto, o \u00f3rg\u00e3o afirma que o governo federal trabalha com a estimativa de ter que criar 20 mil leitos para o pr\u00f3ximo m\u00eas.<\/p>\n\n\n\n<p>Os n\u00fameros mais recentes divulgados pelo minist\u00e9rio&nbsp;confirmam a tend\u00eancia de crescimento nos \u00edndices brasileiros. Nesta quarta-feira (1\u00ba), eram 6.836 casos confirmados de coronav\u00edrus, com&nbsp;241 \u00f3bitos&nbsp;causados pela doen\u00e7a.&nbsp;Na ter\u00e7a (31), eram 5.717 e 201 mortes.<\/p>\n\n\n\n<p>O avan\u00e7o dos dados e a&nbsp;<a href=\"http:\/\/confirmam a tend\u00eancia de crescimento nos \u00edndices brasileiros\">recusa de Jair Bolsonaro em isolar a popula\u00e7\u00e3o<\/a>, a\u00e7\u00e3o recomendada pela Organiza\u00e7\u00e3o Mundial da Sa\u00fade (OMS) e seguida pelos principais governantes do mundo, inclusive pa\u00edses com dimens\u00f5es similares ao Brasil,&nbsp;<a href=\"https:\/\/www.brasildefato.com.br\/2020\/03\/24\/com-1-3-bilhao-de-habitantes-india-impoe-maior-quarentena-da-historia-da-humanidade\">como a \u00cdndia<\/a>, fez com que a responsabilidade&nbsp;por impor medidas de quarentena fossem transferidas aos governadores.<\/p>\n\n\n\n<p>O&nbsp;<strong>Brasil de Fato<\/strong>&nbsp;fez um levantamento do que foi determinado pelos governadores dos 26 estados brasileiros e do Distrito Federal:<\/p>\n\n\n\n<p>Centro-Oeste<\/p>\n\n\n\n<p><strong>Distrito Federal<\/strong><\/p>\n\n\n\n<p>Desde o dia 11 de mar\u00e7o, o Distrito Federal mant\u00e9m regras de restri\u00e7\u00e3o para circula\u00e7\u00e3o da popula\u00e7\u00e3o. Nesta data, a principal anunciada pelo governo local foi a suspens\u00e3o das aulas no estado. Uma semana depois, dia 19, com\u00e9rcios foram obrigados a baixar as portas, menos das \u00e1reas da sa\u00fade, alimenta\u00e7\u00e3o e seguran\u00e7a.<\/p>\n\n\n\n<p>No pr\u00f3ximo dia 5 de abril, vence o decreto estadual e o governo local estuda uma prorroga\u00e7\u00e3o. O Distrito Federal \u00e9 o \u00fanico estado que proibiu a realiza\u00e7\u00e3o de cultos religiosos e determinou o fechamento de igrejas.<\/p>\n\n\n\n<p><strong>Goi\u00e1s<\/strong><\/p>\n\n\n\n<p>Desde 13 de mar\u00e7o, os goianos est\u00e3o em casa. F\u00e9rias escolares foram determinadas at\u00e9 4 de abril, quando vence o decreto atualmente em vigor. Em Goi\u00e1s, as visitas aos pacientes com suspeita de coronav\u00edrus foram suspensas. O com\u00e9rcio local est\u00e1 fechado e a autoriza\u00e7\u00e3o para funcionamento se estende somente \u00e1s \u00e1reas da sa\u00fade, alimenta\u00e7\u00e3o e seguran\u00e7a, assim como mec\u00e2nicas e borracharias.<\/p>\n\n\n\n<p>Um decreto de 17 de mar\u00e7o determinou o pagamento de R$ 5, diariamente, para alunos de escola p\u00fablica, como forma de compensar a aus\u00eancia da merenda escolar. Outra medida tomada pelo governo local, para frear a contamina\u00e7\u00e3o por coronav\u00edrus, foi permitir a circula\u00e7\u00e3o de passageiros somente sentados no transporte p\u00fablico.<br><br>Goianos tamb\u00e9m n\u00e3o ter\u00e3o a \u00e1gua cortada at\u00e9 dia 2 de abril. Isso porque, a Companhia Saneamento de Goi\u00e1s (Saneago) suspendeu o corte na regi\u00e3o.&nbsp;Outros 50 servi\u00e7os p\u00fablicos podem ser solicitados gratuitamente pelos cidad\u00e3os.<\/p>\n\n\n\n<p><strong>Mato Grosso<\/strong><\/p>\n\n\n\n<p>No Mato Grosso, houve demora do governo local para tomar medidas. Somente na \u00faltima ter\u00e7a-feira (25), foi decretada calamidade, suspendendo o funcionamento do com\u00e9rcio, exceto as \u00e1reas da sa\u00fade, alimenta\u00e7\u00e3o,&nbsp;seguran\u00e7a, mec\u00e2nicas e borracharias. As f\u00e9rias escolares foram antecipadas.<\/p>\n\n\n\n<p><strong>Mato Grosso do Sul<\/strong><\/p>\n\n\n\n<p>O Mato Grosso do Sul ainda n\u00e3o tomou medidas para todo o estado, somente o fechamento das escolas, p\u00fablicas e particulares. O conte\u00fado das aulas \u00e9 distribu\u00eddo eletronicamente e os alunos estudam de casa.<\/p>\n\n\n\n<p>Dessa forma, coube aos munic\u00edpio agirem. Em Campo Grande e Dourados, h\u00e1 toque de recolher para a popula\u00e7\u00e3o, que n\u00e3o pode sair \u00e0s ruas ap\u00f3s 22h. Em Ponta Por\u00e3, por determina\u00e7\u00e3o federal, houve refor\u00e7o policial para o fechamento, e fiscaliza\u00e7\u00e3o, da fronteira do Brasil com o Paraguai.<\/p>\n\n\n\n<p>Nordeste<\/p>\n\n\n\n<p><strong>Alagoas<\/strong><\/p>\n\n\n\n<p>No estado, o com\u00e9rcio ainda funciona e a proibi\u00e7\u00e3o \u00e9 para eventos em espa\u00e7os abertos com mais de 500 pessoas, ou para 100 convidados em casas fechadas. Servidores com mais de 60 anos foram liberados para trabalhar de casa.<\/p>\n\n\n\n<p><strong>Bahia<\/strong><\/p>\n\n\n\n<p>Ainda sem a formaliza\u00e7\u00e3o de uma legisla\u00e7\u00e3o, o governo baiano recomendou que as pessoas n\u00e3o frequentem praias. Nas escolas, as aulas est\u00e3o suspensas e as f\u00e9rias foram antecipadas. Bares, restaurantes e padarias n\u00e3o podem servir refei\u00e7\u00f5es, que s\u00f3 devem ser vendidas por delivery.<\/p>\n\n\n\n<p>Na Bahia, a restri\u00e7\u00e3o para eventos fechados com mais de 50 pessoas inclui as igrejas, templos, mesquitas e terreiros. O com\u00e9rcio no estado, com exce\u00e7\u00e3o das \u00e1reas de sa\u00fade, alimenta\u00e7\u00e3o e seguran\u00e7a, est\u00e3o fechados.<\/p>\n\n\n\n<p><strong>Cear\u00e1<\/strong><\/p>\n\n\n\n<p>A situa\u00e7\u00e3o de emerg\u00eancia no estado foi decretada em 16 de mar\u00e7o, quando servidores com mais de 60 anos foram autorizados a trabalhar de casa. O mesmo decreto, determinou o fechamento das escolas, p\u00fablicas e privadas. O com\u00e9rcio local est\u00e1 fechado, com exce\u00e7\u00e3o das \u00e1reas de sa\u00fade, alimenta\u00e7\u00e3o e seguran\u00e7a.<\/p>\n\n\n\n<p><strong>Maranh\u00e3o<\/strong><\/p>\n\n\n\n<p>Desde o dia 19 de mar\u00e7o, os maranhenses vivem sob decreto de calamidade p\u00fablica. Isso significa que as escolas foram fechadas no estado e o com\u00e9rcio baixou as portas, com exce\u00e7\u00e3o das \u00e1reas de sa\u00fade, alimenta\u00e7\u00e3o e seguran\u00e7a.<\/p>\n\n\n\n<p>H\u00e1 um pedido do governo local para que os maranhenses n\u00e3o frequentem as praias e os bombeiros foram utilizados para fiscalizar. Restaurantes, bares e lanchonetes s\u00f3 podem entregar as refei\u00e7\u00f5es e a estatal respons\u00e1vel pelo fornecimento de \u00e1gua n\u00e3o cobrar\u00e1 tarifas por dois meses.<\/p>\n\n\n\n<p><strong>Para\u00edba<\/strong><\/p>\n\n\n\n<p>Na Para\u00edba, at\u00e9 mesmo restaurantes, bares e lanchonetes devem baixar as portas, exceto os que atendem em rodovias, para oferecer suporte aos caminhoneiros. Nos com\u00e9rcios que sirvam alimenta\u00e7\u00e3o, as refei\u00e7\u00f5es n\u00e3o podem ser consumidas no local. Ag\u00eancias banc\u00e1rias estavam fechadas, mas foram reabertas para pagamento de benef\u00edcios para a popula\u00e7\u00e3o.<\/p>\n\n\n\n<p><strong>Pernambuco<\/strong><\/p>\n\n\n\n<p>Do com\u00e9rcio local, os pernambucanos s\u00f3 podem acessar supermercados, farm\u00e1cias e restaurantes. O \u00faltimo, s\u00f3 pode entregar as refei\u00e7\u00f5es. Pela praia, as pessoas s\u00f3 podem caminhar ou correr, sem formar aglomera\u00e7\u00e3o. At\u00e9 mesmo a constru\u00e7\u00e3o civil foi paralisada. Estabelecimento que atendam nas \u00e1reas de sa\u00fade seguem abertas.<\/p>\n\n\n\n<p><strong>Piau\u00ed<\/strong><\/p>\n\n\n\n<p>Cultos religiosos est\u00e3o proibidos no Piau\u00ed. No estado, por for\u00e7a de decreto, tamb\u00e9m n\u00e3o podem funcionar com\u00e9rcios que n\u00e3o atendam as \u00e1reas da sa\u00fade, alimenta\u00e7\u00e3o e seguran\u00e7a.<\/p>\n\n\n\n<p>Por aeroporto ou rodovi\u00e1ria, qualquer cidad\u00e3o que ingresse no Piau\u00ed deve se submeter \u00e0 uma quarentena de sete dias, independente de apresentar, ou n\u00e3o, sintomas.<\/p>\n\n\n\n<p><strong>Rio Grande do Norte<\/strong><\/p>\n\n\n\n<p>Nas praias potiguares, s\u00f3 est\u00e1 liberada atividade f\u00edsica e individual. Bares e restaurantes est\u00e3o fechados e a circula\u00e7\u00e3o da popula\u00e7\u00e3o est\u00e1 bem restrita. Os \u00f4nibus n\u00e3o circulam aos s\u00e1bados, domingos e feriados. Durante a semana, somente metade da frota. As aulas foram suspensas e o com\u00e9rcio local n\u00e3o funciona, com exce\u00e7\u00e3o das \u00e1reas de sa\u00fade e seguran\u00e7a.<br><br>Nos supermercados, somente uma pessoa por fam\u00edlia pode entrar e a dist\u00e2ncia de 5 metros entre um cliente e outro deve ser respeitada. Nas ag\u00eancias banc\u00e1rias, somente o autoatendimento funciona. Idosos e doentes cr\u00f4nicos s\u00e3o recebidos por gerentes. Servidores com mais de 60 anos foram dispensados para trabalhar de casa.<\/p>\n\n\n\n<p><strong>Sergipe<\/strong><\/p>\n\n\n\n<p>No estado, as aulas est\u00e3o suspensas at\u00e9 20 de abril e o com\u00e9rcio est\u00e1 fechado, com exce\u00e7\u00e3o das \u00e1reas de sa\u00fade, alimenta\u00e7\u00e3o e seguran\u00e7a. Os hot\u00e9is n\u00e3o podem registrar novos h\u00f3spedes, somente oferecer estrutura aos que j\u00e1 est\u00e3o morando no local. Mesmo assim, as refei\u00e7\u00f5es devem ser entregues nos quartos.<\/p>\n\n\n\n<p>Restaurantes, bares e lanchonetes, n\u00e3o podem servir refei\u00e7\u00f5es no local, somente por entrega. Servidores com mais de 60 anos foram orientados a trabalhar de casa.<\/p>\n\n\n\n<p>Norte<\/p>\n\n\n\n<p><strong>Acre&nbsp;<\/strong><\/p>\n\n\n\n<p>Os servi\u00e7os essenciais, como sa\u00fade e alimenta\u00e7\u00e3o, funcionam. As regi\u00f5es fronteiri\u00e7as est\u00e3o protegidas por for\u00e7as policiais federais. As escolas fecharam e o governo local garantiu o funcionamento das igrejas. Por\u00e9m, os l\u00edderes religiosos s\u00f3 podem atender um fiel por vez.<\/p>\n\n\n\n<p><strong>Amap\u00e1<\/strong><\/p>\n\n\n\n<p>Termina no 5 de abril um decreto que determina o fechamento dos estabelecimentos comerciais no estado, com exce\u00e7\u00e3o da \u00e1rea da sa\u00fade e parcialmente da alimenta\u00e7\u00e3o. Os restaurantes e bares est\u00e3o fechados e n\u00e3o podem nem entregar refei\u00e7\u00f5es a&nbsp;domic\u00edlio. Supermercados est\u00e3o autorizados a manter o funcionamento.<\/p>\n\n\n\n<p><strong>Amazonas<\/strong><\/p>\n\n\n\n<p>No Amazonas, o governo local tomou o cuidado de especificar quais os servi\u00e7os essenciais que poderiam funcionar no estado, em decreto publicado no dia 24 de mar\u00e7o. A atitude \u00e9 \u00fanica, j\u00e1 que nas demais unidades da Federa\u00e7\u00e3o, n\u00e3o h\u00e1 precis\u00e3o. Ficou determinado, ent\u00e3o, que funcionar\u00e3o somente supermercados atacadistas e pequenos varejos aliment\u00edcios, padarias, exclusivamente para venda de produtos, restaurantes (entrega a domic\u00edlio), distribuidora de \u00e1gua mineral e g\u00e1s de cozinha, estabelecimentos que comercializem alimentos e medicamentos destinados a animais e ag\u00eancias banc\u00e1rias.<\/p>\n\n\n\n<p><strong>Par\u00e1<\/strong><\/p>\n\n\n\n<p>Desde 20 de mar\u00e7o, o Par\u00e1 est\u00e1 sob estado de calamidade p\u00fablica. Todos os aparelhos p\u00fablicos foram fechados, assim como o com\u00e9rcio local, com exce\u00e7\u00e3o das \u00e1reas de sa\u00fade, alimenta\u00e7\u00e3o e seguran\u00e7a. H\u00e1 uma limita\u00e7\u00e3o para eventos, abertos ou fechados, de 500 pessoas.<\/p>\n\n\n\n<p>De acordo com o governo local, j\u00e1 s\u00e3o 650 os estabelecimentos fechados compulsoriamente e advertidos, por n\u00e3o estarem cumprindo as determina\u00e7\u00f5es do governo estadual.<\/p>\n\n\n\n<p><strong>Rond\u00f4nia<\/strong><\/p>\n\n\n\n<p>Um decreto vigora desde o dia 26 de mar\u00e7o no estado, determinando o fechamento do com\u00e9rcio local e o funcionamento apenas dos servi\u00e7os de sa\u00fade e seguran\u00e7a. Exce\u00e7\u00f5es foram feitas para oficinas mec\u00e2nicas, borracharias, construtoras e escrit\u00f3rios de contabilidade. (Justi\u00e7a barrou flexibiliza\u00e7\u00e3o).<\/p>\n\n\n\n<p><strong>Roraima&nbsp;<\/strong><\/p>\n\n\n\n<p>Em Pacaraima, munic\u00edpio que faz fronteira com a Venezuela h\u00e1 intensa presen\u00e7a policial, j\u00e1 que foi&nbsp;<a href=\"https:\/\/jornalistaslivres.org\/coronavirus-brasil-fecha-fronteira-e-venezuelanos-sao-impedidos-de-voltar-a-roraima\/\">proibido o ingresso de venezuelanos no Brasil<\/a>. No estado, os \u00f4nibus deixaram de circular, interrompendo o transporte p\u00fablico.<\/p>\n\n\n\n<p><strong>Tocantins<\/strong><\/p>\n\n\n\n<p>O governo do Tocantins proibiu as empresas p\u00fablicas de fornecimento de \u00e1gua e energia de realizarem cortes por d\u00e9bito enquanto o estado de calamidade vigorar no estado. As aulas foram suspensas, mas 150 mil merendas foram compradas para garantir a alimenta\u00e7\u00e3o dos alunos no per\u00edodo. O com\u00e9rcio segue aberto em diversos munic\u00edpios.<\/p>\n\n\n\n<p>Sudeste<\/p>\n\n\n\n<p><strong>Esp\u00edrito Santo<\/strong><\/p>\n\n\n\n<p>Desde o dia 21 de mar\u00e7o, o governo do capixaba determinou o fechamento de todo o com\u00e9rcio no estado. A quarentena deve durar 30 dias e foi extensiva a toda a rede de Ensino. O funcionalismo p\u00fablico foi liberado para trabalhar em casa, nas atividades que forem poss\u00edvel exercer a atividade remotamente. Os servidores com mais de 60 anos foram dispensados.<\/p>\n\n\n\n<p>Assim como no Rio de Janeiro, h\u00e1 uma solicita\u00e7\u00e3o do governo estadual para que os capixabas n\u00e3o frequentem as praias e evitem aglomera\u00e7\u00e3o. Com\u00e9rcios ligadas \u00e0 \u00e1rea da sa\u00fade, como farm\u00e1cias, seguem funcionando. Assim como bares, lanchonetes e restaurantes. Por\u00e9m, com restri\u00e7\u00f5es, os clientes s\u00f3 podem frequentar esses estabelecimentos at\u00e9 as 16h. Ap\u00f3s o hor\u00e1rio, as refei\u00e7\u00f5es devem ser entregues nas resid\u00eancias.<\/p>\n\n\n\n<p><strong>Minas Gerais<\/strong><\/p>\n\n\n\n<p>As escolas tiveram as f\u00e9rias antecipadas em Minas Gerais. No estado, estabelecimentos que permitem maior circula\u00e7\u00e3o de pessoas, como shoppings, casas noturnas e bares foram fechados. Isso porque, qualquer reuni\u00e3o com mais de 30 pessoas est\u00e3o proibido. \u00c1reas essenciais, como sa\u00fade, alimenta\u00e7\u00e3o e seguran\u00e7a mantiveram o funcionamento normal.<\/p>\n\n\n\n<p>Sul<\/p>\n\n\n\n<p><strong>Paran\u00e1<\/strong><\/p>\n\n\n\n<p>No estado, as aulas foram suspensas e o com\u00e9rcio est\u00e1 fechado, na \u00e1rea da sa\u00fade e seguran\u00e7a, o funcionamento est\u00e1 garantido. Os servidores com mais de 60 anos foram dispensados para trabalhar em casa. O governo estadual manteve o funcionamento de bares e restaurantes, mas eles devem fechar at\u00e9 0h.<\/p>\n\n\n\n<p><strong>Rio Grande do Sul<\/strong><\/p>\n\n\n\n<p>As&nbsp;<a href=\"https:\/\/www.brasildefato.com.br\/2020\/03\/31\/rio-grande-do-sul-prorroga-suspensao-das-aulas-ate-o-dia-30-de-abril\">escolas p\u00fablicas<\/a>&nbsp;foram fechadas e h\u00e1 recomenda\u00e7\u00e3o para que os ga\u00fachos evitem as praias. Bares e restaurantes podem funcionar, desde que diminuam a quantidade de mesas no estabelecimento. A circula\u00e7\u00e3o dos \u00f4nibus interestaduais foi interrompida e os municipais s\u00f3 podem transitar com passageiros sentados.<\/p>\n\n\n\n<p><strong>Santa Catarina<\/strong><\/p>\n\n\n\n<p>Dia 8 de abril acaba a quarentena imposta no estado. O transporte p\u00fablico est\u00e1 interrompido no estado e est\u00e1 restringida a entrada de ve\u00edculos de transporte de passageiros vindos outros pa\u00edses e estados. As aulas foram interrompidas em escolas p\u00fablicas e particulares.<\/p>\n\n\n\n<figure class=\"wp-block-image size-large\"><img data-recalc-dims=\"1\" loading=\"lazy\" decoding=\"async\" width=\"600\" height=\"600\" data-attachment-id=\"27305\" data-permalink=\"http:\/\/blogdalucianaoliveira.com.br\/blog\/2020\/04\/01\/quais-sao-as-medidas-adotadas-por-cada-estado-brasileiro-contra-o-coronavirus\/image-4-9\/\" data-orig-file=\"https:\/\/i0.wp.com\/blogdalucianaoliveira.com.br\/blog\/wp-content\/uploads\/2020\/04\/image-4.jpeg?fit=800%2C800\" data-orig-size=\"800,800\" data-comments-opened=\"0\" data-image-meta=\"{&quot;aperture&quot;:&quot;0&quot;,&quot;credit&quot;:&quot;&quot;,&quot;camera&quot;:&quot;&quot;,&quot;caption&quot;:&quot;&quot;,&quot;created_timestamp&quot;:&quot;0&quot;,&quot;copyright&quot;:&quot;&quot;,&quot;focal_length&quot;:&quot;0&quot;,&quot;iso&quot;:&quot;0&quot;,&quot;shutter_speed&quot;:&quot;0&quot;,&quot;title&quot;:&quot;&quot;,&quot;orientation&quot;:&quot;0&quot;}\" data-image-title=\"image-4\" data-image-description=\"\" data-image-caption=\"\" data-medium-file=\"https:\/\/i0.wp.com\/blogdalucianaoliveira.com.br\/blog\/wp-content\/uploads\/2020\/04\/image-4.jpeg?fit=300%2C300\" data-large-file=\"https:\/\/i0.wp.com\/blogdalucianaoliveira.com.br\/blog\/wp-content\/uploads\/2020\/04\/image-4.jpeg?fit=600%2C600\" src=\"https:\/\/i0.wp.com\/blogdalucianaoliveira.com.br\/blog\/wp-content\/uploads\/2020\/04\/image-4.jpeg?resize=600%2C600\" alt=\"\" class=\"wp-image-27305\" srcset=\"https:\/\/i0.wp.com\/blogdalucianaoliveira.com.br\/blog\/wp-content\/uploads\/2020\/04\/image-4.jpeg?w=800 800w, https:\/\/i0.wp.com\/blogdalucianaoliveira.com.br\/blog\/wp-content\/uploads\/2020\/04\/image-4.jpeg?resize=300%2C300 300w, https:\/\/i0.wp.com\/blogdalucianaoliveira.com.br\/blog\/wp-content\/uploads\/2020\/04\/image-4.jpeg?resize=150%2C150 150w, https:\/\/i0.wp.com\/blogdalucianaoliveira.com.br\/blog\/wp-content\/uploads\/2020\/04\/image-4.jpeg?resize=768%2C768 768w\" sizes=\"auto, (max-width: 600px) 100vw, 600px\" \/><\/figure>\n","protected":false},"excerpt":{"rendered":"<p>Na contram\u00e3o do que deseja o presidente Jair Bolsonaro, governadores determinam isolamento da popula\u00e7\u00e3o.<\/p>\n","protected":false},"author":1,"featured_media":0,"comment_status":"closed","ping_status":"open","sticky":false,"template":"","format":"standard","meta":{"_exactmetrics_skip_tracking":false,"_exactmetrics_sitenote_active":false,"_exactmetrics_sitenote_note":"","_exactmetrics_sitenote_category":0,"jetpack_post_was_ever_published":false,"_jetpack_newsletter_access":"","_jetpack_dont_email_post_to_subs":false,"_jetpack_newsletter_tier_id":0,"_jetpack_memberships_contains_paywalled_content":false,"_jetpack_memberships_contains_paid_content":false,"footnotes":"","jetpack_publicize_message":"","jetpack_publicize_feature_enabled":true,"jetpack_social_post_already_shared":true,"jetpack_social_options":{"image_generator_settings":{"template":"highway","enabled":false},"version":2}},"categories":[1],"tags":[],"class_list":["post-27303","post","type-post","status-publish","format-standard","hentry","category-notas"],"jetpack_publicize_connections":[],"jetpack_sharing_enabled":true,"jetpack_featured_media_url":"","jetpack_shortlink":"https:\/\/wp.me\/p7wKYW-76n","jetpack-related-posts":[],"_links":{"self":[{"href":"http:\/\/blogdalucianaoliveira.com.br\/blog\/wp-json\/wp\/v2\/posts\/27303","targetHints":{"allow":["GET"]}}],"collection":[{"href":"http:\/\/blogdalucianaoliveira.com.br\/blog\/wp-json\/wp\/v2\/posts"}],"about":[{"href":"http:\/\/blogdalucianaoliveira.com.br\/blog\/wp-json\/wp\/v2\/types\/post"}],"author":[{"embeddable":true,"href":"http:\/\/blogdalucianaoliveira.com.br\/blog\/wp-json\/wp\/v2\/users\/1"}],"replies":[{"embeddable":true,"href":"http:\/\/blogdalucianaoliveira.com.br\/blog\/wp-json\/wp\/v2\/comments?post=27303"}],"version-history":[{"count":1,"href":"http:\/\/blogdalucianaoliveira.com.br\/blog\/wp-json\/wp\/v2\/posts\/27303\/revisions"}],"predecessor-version":[{"id":27306,"href":"http:\/\/blogdalucianaoliveira.com.br\/blog\/wp-json\/wp\/v2\/posts\/27303\/revisions\/27306"}],"wp:attachment":[{"href":"http:\/\/blogdalucianaoliveira.com.br\/blog\/wp-json\/wp\/v2\/media?parent=27303"}],"wp:term":[{"taxonomy":"category","embeddable":true,"href":"http:\/\/blogdalucianaoliveira.com.br\/blog\/wp-json\/wp\/v2\/categories?post=27303"},{"taxonomy":"post_tag","embeddable":true,"href":"http:\/\/blogdalucianaoliveira.com.br\/blog\/wp-json\/wp\/v2\/tags?post=27303"}],"curies":[{"name":"wp","href":"https:\/\/api.w.org\/{rel}","templated":true}]}}