{"id":27316,"date":"2020-04-02T16:23:13","date_gmt":"2020-04-02T20:23:13","guid":{"rendered":"http:\/\/blogdalucianaoliveira.com.br\/blog\/?p=27316"},"modified":"2020-04-02T16:23:18","modified_gmt":"2020-04-02T20:23:18","slug":"mais-de-1-milhao-de-pessoas-ja-foram-infectadas-por-coronavirus-mortes-superam-50-mil","status":"publish","type":"post","link":"http:\/\/blogdalucianaoliveira.com.br\/blog\/2020\/04\/02\/mais-de-1-milhao-de-pessoas-ja-foram-infectadas-por-coronavirus-mortes-superam-50-mil\/","title":{"rendered":"Mais de 1 milh\u00e3o de pessoas j\u00e1 foram infectadas por coronav\u00edrus; mortes superam 50 mil"},"content":{"rendered":"\n<figure class=\"wp-block-image\"><img data-recalc-dims=\"1\" decoding=\"async\" src=\"https:\/\/i0.wp.com\/f.i.uol.com.br\/fotografia\/2020\/02\/05\/15809397105e3b39bec7b74_1580939710_3x2_sm.jpg?w=600&#038;ssl=1\" alt=\"Coronav\u00edrus \u00e9 transmitido com muita facilidade na fase inicial da ...\"\/><\/figure>\n\n\n\n<h4 class=\"wp-block-heading\">Nas \u00faltimas semanas, n\u00famero de mortos pela Covid-19 dobrou, segundo a OMS<\/h4>\n\n\n\n<!--more-->\n\n\n\n<p>Na FSP<\/p>\n\n\n\n<p>n\u00famero de pessoas infectadas em todo o mundo pelo&nbsp;<a href=\"https:\/\/www1.folha.uol.com.br\/equilibrioesaude\/2020\/01\/veja-o-que-se-sabe-ate-agora-sobre-o-coronavirus-chines.shtml\">Sars-CoV-2<\/a>&nbsp;ultrapassou a marca de 1 milh\u00e3o nesta quinta-feira (2), segundo levantamento da Universidade Johns Hopkins. A Europa j\u00e1 tem mais da metade das pessoas infectadas em todo o mundo, e os EUA s\u00e3o o pa\u00eds que tem mais casos sozinho: mais de 220 mil.<\/p>\n\n\n\n<p>Os cinco pa\u00edses com mais casos s\u00e3o, nesta ordem, EUA, It\u00e1lia, Espanha, Alemanha e China.<\/p>\n\n\n\n<p>O n\u00famero de casos diagnosticados, no entanto, reflete apenas uma parte do n\u00famero total de infec\u00e7\u00f5es devido \u00e0s diferentes pol\u00edticas dos pa\u00edses para registrar os casos \u2014alguns o fazem apenas com as pessoas em estado grave, como \u00e9 o caso do Brasil.<\/p>\n\n\n\n<p>A descoberta de um novo v\u00edrus na China foi comunicada \u00e0 OMS (Organiza\u00e7\u00e3o Mundial da Sa\u00fade) no fim de dezembro de 2019. Desde ent\u00e3o, 50 mil morreram em decorr\u00eancia da Covid-19 \u2014outra triste marca que foi batida nesta ter\u00e7a. It\u00e1lia, Espanha e Fran\u00e7a s\u00e3o os pa\u00edses com mais mortes, e a China vem em seguida.<\/p>\n\n\n\n<p>S\u00f3 na \u00faltima semana, o n\u00famero de mortos pela Covid-19 dobrou. A OMS disse temer uma escalada ainda maior da pandemia.<\/p>\n\n\n\n<p>Para compara\u00e7\u00e3o, a \u00faltima pandemia, de gripe A (H1N1), popularmente conhecida como gripe su\u00edna, ocorreu de mar\u00e7o de 2009\u00a0<a href=\"https:\/\/m.folha.uol.com.br\/equilibrioesaude\/2010\/08\/780603-oms-anuncia-fim-da-pandemia-de-gripe-a-h1n1.shtml\">a agosto de 2010<\/a>\u00a0e matou 18.449 pessoas em 214 pa\u00edses, segundo balan\u00e7o da OMS.<\/p>\n\n\n\n<p>S\u00f3 EUA, It\u00e1lia e Espanha passaram dos 100 mil casos confirmados de Covid-19. Os EUA, por\u00e9m, j\u00e1 somam mais de 200 mil infectados e mais de 5.000 mortes. Mesmo com as medidas de distanciamento, a Casa Branca j\u00e1 fala de 100 mil a 240 mil mortes em solo americano nos pr\u00f3ximos meses.<\/p>\n\n\n\n<p>Nos dois pa\u00edses europeus, ocorreram, respectivamente, mais de 13 mil e mais de 9.000 mortes. Os outros focos da doen\u00e7a na Europa s\u00e3o a Alemanha (mais de 84 mil casos e pouco mais de 1.000 mortes) e a Fran\u00e7a (mais de 59 mil infectados e mais de 4.000 mortes).<\/p>\n\n\n\n<p>EUA, It\u00e1lia e Espanha registraram mais de 800 pesso<\/p>\n\n\n\n<p>as mortas diariamente pela doen\u00e7a nos \u00faltimos dias. Preocupam tamb\u00e9m as curvam de contamina\u00e7\u00e3o e mortes na Fran\u00e7a e no Reino Unido.<\/p>\n\n\n\n<p>Na China, onde o v\u00edrus se originou, pouco mais de 82 mil pessoas foram infectadas pelo novo coronav\u00edrus e cerca de 3.000 morreram. Com medidas dram\u00e1ticas e sem precedentes de isolamento, os chineses parecem ter conseguido conter a transmiss\u00e3o comunit\u00e1ria da epidemia, mas agora lutam contra casos importados de infec\u00e7\u00e3o. Por isso, as autoridades chinesas continuam investindo em detec\u00e7\u00e3o e medidas restritivas.<\/p>\n\n\n\n<p>Medidas de confinamento j\u00e1 afetam quase metade do planeta. Ag\u00eancias internacionais alertam que algumas partes do mundo podem enfrentar escassez de alimentos se as autoridades n\u00e3o enfrentarem a crise corretamente. As diferentes ag\u00eancias da ONU pediram na quarta-feira, em comunicado comum, mais solidariedade aos vizinhos mais vulner\u00e1veis, para evitar uma trag\u00e9dia alimentar.<\/p>\n\n\n\n<p>A escassez derivada da pandemia provocou protestos em alguns pa\u00edses mais pobres. &#8220;Na Nig\u00e9ria, quando voc\u00ea trabalha, j\u00e1 passa fome. Imagine quando n\u00e3o pode trabalhar&#8221;, resumiu Samuel Agber, que trabalha com reparos de aparelhos de ar-condicionado.<\/p>\n\n\n\n<p>Na \u00cdndia, a pol\u00edcia mostrava nas redes sociais faces bem diferentes. De um lado, aparecia dan\u00e7ando nas ruas com capacetes representando o v\u00edrus. De outro, agentes eram vistos agredindo quem violasse o confinamento.<\/p>\n\n\n\n<p>O presidente do Qu\u00eania, Uhuru Kenyatta, pediu hoje desculpas pelos &#8220;excessos&#8221; policiais durante a aplica\u00e7\u00e3o do toque de recolher noturno. J\u00e1 Serra Leoa, um dos pa\u00edses mais pobres do planeta, decretou tr\u00eas dias de confinamento, com a fr\u00e1gil esperan\u00e7a de conter o primeiro surto da epidemia.<\/p>\n\n\n\n<p>Na Am\u00e9rica Latina, que j\u00e1 registrou mais de 500 mortes, v\u00e1rios pa\u00edses anunciaram a prorroga\u00e7\u00e3o das medidas, em uma tentativa de evitar o colapso de seus sistemas de sa\u00fade.<\/p>\n\n\n\n<p>Ao mesmo tempo, os pa\u00edses ricos est\u00e3o pressionados n\u00e3o apenas pelo vendaval sanit\u00e1rio mas tamb\u00e9m pela paralisa\u00e7\u00e3o de suas economias. &#8220;Nosso pa\u00eds enfrenta um desafio sem precedentes em sua hist\u00f3ria&#8221;, declarou o presidente Donald Trump.<\/p>\n\n\n\n<h3 class=\"wp-block-heading\">HIST\u00d3RICO<\/h3>\n\n\n\n<p>No dia 31 de dezembro de 2019, as autoridades chinesas emitiram o primeiro alerta \u00e0 OMS sobre uma s\u00e9rie de casos de pneumonia de origem desconhecida na cidade de Wuhan.<\/p>\n\n\n\n<p>Em 9 de janeiro, an\u00e1lises do v\u00edrus apontaram que a pneumonia era causada por um novo coronav\u00edrus (posteriormente batizado de Sars-CoV-2).<\/p>\n\n\n\n<p>A primeira morte pelo novo v\u00edrus foi registrada 2 dias depois, 11 de janeiro. Passados mais dois dias, foi notificado o primeiro caso da doen\u00e7a fora do territ\u00f3rio chin\u00eas, na Tail\u00e2ndia. Uma mulher que voltava de Wuhan tinha um quadro de pneumonia leve.<\/p>\n\n\n\n<p>O primeiro caso da doen\u00e7a nos EUA foi confirmado no dia 21 de janeiro, em Washington. No dia 20 do mesmo m\u00eas, cientistas confirmaram a transmiss\u00e3o de humano para humano.<\/p>\n\n\n\n<figure><iframe loading=\"lazy\" src=\"https:\/\/arte.folha.uol.com.br\/ciencia\/2020\/03\/05\/sintomas-do-coronavirus\/?initialWidth=903&amp;childId=infographic-1&amp;parentTitle=Mais%20de%201%20milh%C3%A3o%20de%20pessoas%20j%C3%A1%20foram%20infectadas%20por%20coronav%C3%ADrus%3B%20mortes%20superam%2050%20mil%20-%2002%2F04%2F2020%20-%20Equil%C3%ADbrio%20e%20Sa%C3%BAde%20-%20Folha&amp;parentUrl=https%3A%2F%2Fwww1.folha.uol.com.br%2Fequilibrioesaude%2F2020%2F04%2Fmais-de-1-milhao-de-pessoas-ja-foram-infectadas-por-coronavirus-mortes-superam-50-mil.shtml\" width=\"100%\" height=\"696px\"><\/iframe><\/figure>\n\n\n\n<p>Em entre os dia 23 e 24 de janeiro, Wuhan e outros locais da prov\u00edncia de Hubei confinam 40 milh\u00f5es de pessoas para tentar conter a epidemia e outros pontos da China tomavam medidas restritivas. Ao mesmo tempo, a OMS reconhecia a seriedade da crise no pa\u00eds asi\u00e1tico, mas considerava n\u00e3o se tratar ainda de uma emerg\u00eancia de sa\u00fade p\u00fablica global, que s\u00f3 acabou sendo declarada em 30 de janeiro.<\/p>\n\n\n\n<p>Durante o m\u00eas de fevereiro o v\u00edrus continua a se&nbsp;<a href=\"https:\/\/www1.folha.uol.com.br\/equilibrioesaude\/2020\/01\/novo-coronavirus-pode-nao-ser-tao-letal-mas-ter-maior-capacidade-de-se-espalhar.shtml\">espalhar pelo mundo<\/a>&nbsp;e acaba por atingir gravemente a It\u00e1lia. No dia 22 daquele m\u00eas, a escalada de casos no norte do pa\u00eds levou ao&nbsp;<a href=\"https:\/\/www1.folha.uol.com.br\/equilibrioesaude\/2020\/03\/isolamento-domiciliar-com-virus-tem-regra-ate-para-usar-o-banheiro.shtml\">isolamento<\/a>&nbsp;de 50 mil pessoas.<\/p>\n\n\n\n<p>As&nbsp;<a href=\"https:\/\/www1.folha.uol.com.br\/equilibrioesaude\/2020\/03\/italia-fecha-16-milhoes-de-pessoas-em-suas-cidades-por-causa-do-coronavirus.shtml\">medidas restritivas italianas<\/a>&nbsp;cresceram at\u00e9 a<a href=\"https:\/\/www1.folha.uol.com.br\/equilibrioesaude\/2020\/03\/governo-italiano-impoe-restricoes-de-viagem-ao-pais-todo-por-causa-do-coronavirus.shtml\">&nbsp;proibi\u00e7\u00e3o de deslocamento pelo pa\u00eds<\/a>, em 8 de mar\u00e7o.<\/p>\n\n\n\n<p>No dia 11, a OMS declarava&nbsp;<a href=\"https:\/\/www1.folha.uol.com.br\/equilibrioesaude\/2020\/03\/oms-declara-pandemia-do-novo-coronavirus.shtml\">pandemia da Covid-19<\/a>. Dois dias depois, afirmava que a Europa era o novo&nbsp;<a href=\"https:\/\/www1.folha.uol.com.br\/equilibrioesaude\/2020\/03\/europa-e-agora-o-centro-da-pandemia-de-coronavirus-diz-oms.shtml\">centro da doen\u00e7a<\/a>. O n\u00famero de&nbsp;<a href=\"https:\/\/www1.folha.uol.com.br\/equilibrioesaude\/2020\/03\/em-tres-semanas-italia-tem-mil-mortes-por-coronavirus.shtml\">mortos na It\u00e1lia j\u00e1 passava de mil<\/a>.<\/p>\n\n\n\n<p>Conforme a situa\u00e7\u00e3o se agravada no pa\u00eds mediterr\u00e2neo, as quarentenas e medidas restritivas se ampliavam, com&nbsp;<a href=\"https:\/\/www1.folha.uol.com.br\/equilibrioesaude\/2020\/03\/mortes-disparam-na-italia-e-alemanha-fecha-fronteiras.shtml\">milh\u00f5es de pessoas em confinamento<\/a>.<\/p>\n\n\n\n<p>Em 25 de fevereiro, o Brasil confirmou o primeiro caso da doen\u00e7a. Nesta quinta, o&nbsp;<a href=\"https:\/\/www1.folha.uol.com.br\/equilibrioesaude\/2020\/04\/brasil-tem-39-novas-mortes-por-coronavirus-e-total-de-obitos-vai-a-240.shtml\">pa\u00eds j\u00e1 soma 6.836 casos confirmados e 241 mortos<\/a>.<\/p>\n\n\n\n<figure><iframe loading=\"lazy\" src=\"https:\/\/arte.folha.uol.com.br\/ciencia\/2020\/04\/02\/cronologia-do-virus\/?initialWidth=903&amp;childId=infographic-2&amp;parentTitle=Mais%20de%201%20milh%C3%A3o%20de%20pessoas%20j%C3%A1%20foram%20infectadas%20por%20coronav%C3%ADrus%3B%20mortes%20superam%2050%20mil%20-%2002%2F04%2F2020%20-%20Equil%C3%ADbrio%20e%20Sa%C3%BAde%20-%20Folha&amp;parentUrl=https%3A%2F%2Fwww1.folha.uol.com.br%2Fequilibrioesaude%2F2020%2F04%2Fmais-de-1-milhao-de-pessoas-ja-foram-infectadas-por-coronavirus-mortes-superam-50-mil.shtml\" width=\"100%\" height=\"3617px\"><\/iframe><\/figure>\n\n\n\n<p>Com AFP<\/p>\n","protected":false},"excerpt":{"rendered":"<p>Nas \u00faltimas semanas, n\u00famero de mortos pela Covid-19 dobrou, segundo a OMS<\/p>\n","protected":false},"author":1,"featured_media":0,"comment_status":"closed","ping_status":"open","sticky":false,"template":"","format":"standard","meta":{"_exactmetrics_skip_tracking":false,"_exactmetrics_sitenote_active":false,"_exactmetrics_sitenote_note":"","_exactmetrics_sitenote_category":0,"jetpack_post_was_ever_published":false,"_jetpack_newsletter_access":"","_jetpack_dont_email_post_to_subs":false,"_jetpack_newsletter_tier_id":0,"_jetpack_memberships_contains_paywalled_content":false,"_jetpack_memberships_contains_paid_content":false,"footnotes":"","jetpack_publicize_message":"","jetpack_publicize_feature_enabled":true,"jetpack_social_post_already_shared":true,"jetpack_social_options":{"image_generator_settings":{"template":"highway","enabled":false},"version":2}},"categories":[1],"tags":[],"class_list":["post-27316","post","type-post","status-publish","format-standard","hentry","category-notas"],"jetpack_publicize_connections":[],"jetpack_sharing_enabled":true,"jetpack_featured_media_url":"","jetpack_shortlink":"https:\/\/wp.me\/p7wKYW-76A","jetpack-related-posts":[],"_links":{"self":[{"href":"http:\/\/blogdalucianaoliveira.com.br\/blog\/wp-json\/wp\/v2\/posts\/27316","targetHints":{"allow":["GET"]}}],"collection":[{"href":"http:\/\/blogdalucianaoliveira.com.br\/blog\/wp-json\/wp\/v2\/posts"}],"about":[{"href":"http:\/\/blogdalucianaoliveira.com.br\/blog\/wp-json\/wp\/v2\/types\/post"}],"author":[{"embeddable":true,"href":"http:\/\/blogdalucianaoliveira.com.br\/blog\/wp-json\/wp\/v2\/users\/1"}],"replies":[{"embeddable":true,"href":"http:\/\/blogdalucianaoliveira.com.br\/blog\/wp-json\/wp\/v2\/comments?post=27316"}],"version-history":[{"count":1,"href":"http:\/\/blogdalucianaoliveira.com.br\/blog\/wp-json\/wp\/v2\/posts\/27316\/revisions"}],"predecessor-version":[{"id":27317,"href":"http:\/\/blogdalucianaoliveira.com.br\/blog\/wp-json\/wp\/v2\/posts\/27316\/revisions\/27317"}],"wp:attachment":[{"href":"http:\/\/blogdalucianaoliveira.com.br\/blog\/wp-json\/wp\/v2\/media?parent=27316"}],"wp:term":[{"taxonomy":"category","embeddable":true,"href":"http:\/\/blogdalucianaoliveira.com.br\/blog\/wp-json\/wp\/v2\/categories?post=27316"},{"taxonomy":"post_tag","embeddable":true,"href":"http:\/\/blogdalucianaoliveira.com.br\/blog\/wp-json\/wp\/v2\/tags?post=27316"}],"curies":[{"name":"wp","href":"https:\/\/api.w.org\/{rel}","templated":true}]}}