{"id":27318,"date":"2020-04-02T16:29:43","date_gmt":"2020-04-02T20:29:43","guid":{"rendered":"http:\/\/blogdalucianaoliveira.com.br\/blog\/?p=27318"},"modified":"2020-04-02T16:29:51","modified_gmt":"2020-04-02T20:29:51","slug":"com-299-mortes-registradas-bolsonaro-diz-que-covid-19-nao-e-isso-tudo-que-estao-pintando","status":"publish","type":"post","link":"http:\/\/blogdalucianaoliveira.com.br\/blog\/2020\/04\/02\/com-299-mortes-registradas-bolsonaro-diz-que-covid-19-nao-e-isso-tudo-que-estao-pintando\/","title":{"rendered":"Com 299 mortes registradas, Bolsonaro diz que Covid-19 \u201cn\u00e3o \u00e9 isso tudo que est\u00e3o pintando\u201d"},"content":{"rendered":"\n<figure class=\"wp-block-image\"><img data-recalc-dims=\"1\" decoding=\"async\" src=\"https:\/\/i0.wp.com\/publisher-publish.s3.eu-central-1.amazonaws.com\/pb-brasil247\/swp\/jtjeq9\/media\/20200402160432_ddc2dfe4e7ecd1b00387715e44da7eedb7f34a3851de9a8aaf2534f1237d9ebd.jpeg?w=600&#038;ssl=1\" alt=\"\"\/><\/figure>\n\n\n\n<p><strong>247 &#8211;&nbsp;<\/strong>Em mais uma demonstra\u00e7\u00e3o de que atua contra as medidas sanit\u00e1rias, Jair Bolsonaro voltou a afirmar que o coronav\u00edrus n\u00e3o \u00e9 n\u00e3o nocivo para a popula\u00e7\u00e3o brasileira por conta das condi\u00e7\u00f5es clim\u00e1ticas.<\/p>\n\n\n\n<!--more-->\n\n\n\n<p>Sem nenhuma base cient\u00edfica, ele disse que o v\u00edrus \u201cn\u00e3o \u00e9 isso tudo que est\u00e3o pintando, at\u00e9 porque o Brasil tem temperatura diferente\u201d, e que desconhece qualquer not\u00edcia de hospital que esteja lotado, citando um no Rio de Janeiro, que teria 200 leitos de UTI para cuidar de pacientes com Covid-19 e apenas 12 ocupados.<\/p>\n\n\n\n<p>As declara\u00e7\u00f5es foram feitas durante conversa com pastores na tarde desta quinta-feira (2) em Bras\u00edlia, na portaria do Pal\u00e1cio da Alvorada.<\/p>\n\n\n\n<p>De acordo com o site&nbsp;<a target=\"_blank\" href=\"https:\/\/www.metropoles.com\/brasil\/politica-brasil\/covid-19-nao-e-isso-tudo-que-estao-pintando-insiste-bolsonaro\" rel=\"noreferrer noopener\">Metr\u00f3poles<\/a>, foi um hor\u00e1rio inusual para o presidente deixar o Pal\u00e1cio do Planalto e voltar para a resid\u00eancia oficial, pois normalmente ele vai para casa por volta das 18h.<\/p>\n\n\n\n<p>Os pastores, que disseram ter vindo de Monte Si\u00e3o, no interior de Minas Gerais, relataram dificuldades das pequenas igrejas para pagar aluguel e outras despesas e pediram uma linha de cr\u00e9dito para as entidades religiosas.<\/p>\n\n\n\n<p>Bolsonaro n\u00e3o respondeu sobre o pedido, apenas criticou ops governadores, principalmente seu atual desafeto Jo\u00e3o Doria, do PSDB de S\u00e3o Paulo.<\/p>\n\n\n\n<p>\u201cVoc\u00eas sabem a minha posi\u00e7\u00e3o desde o come\u00e7o. A segunda onda, do desemprego, vai ser terr\u00edvel. E o governador Doria gravou v\u00eddeo dizendo que sou respons\u00e1vel pela queda de arrecada\u00e7\u00e3o no estado dele. Ele tem que ter uma forma para come\u00e7ar a desfazer o que ele fez de excesso. N\u00e3o vai cair no meu colo essa responsabilidade\u201d, afirmou.<br><\/p>\n","protected":false},"excerpt":{"rendered":"<p>247 &#8211;&nbsp;Em mais uma demonstra\u00e7\u00e3o de que atua contra as medidas sanit\u00e1rias, Jair Bolsonaro voltou a afirmar que o coronav\u00edrus n\u00e3o \u00e9 n\u00e3o nocivo para a popula\u00e7\u00e3o brasileira por conta das condi\u00e7\u00f5es clim\u00e1ticas.<\/p>\n","protected":false},"author":1,"featured_media":0,"comment_status":"closed","ping_status":"open","sticky":false,"template":"","format":"standard","meta":{"_exactmetrics_skip_tracking":false,"_exactmetrics_sitenote_active":false,"_exactmetrics_sitenote_note":"","_exactmetrics_sitenote_category":0,"jetpack_post_was_ever_published":false,"_jetpack_newsletter_access":"","_jetpack_dont_email_post_to_subs":false,"_jetpack_newsletter_tier_id":0,"_jetpack_memberships_contains_paywalled_content":false,"_jetpack_memberships_contains_paid_content":false,"footnotes":"","jetpack_publicize_message":"","jetpack_publicize_feature_enabled":true,"jetpack_social_post_already_shared":true,"jetpack_social_options":{"image_generator_settings":{"template":"highway","enabled":false},"version":2}},"categories":[1],"tags":[],"class_list":["post-27318","post","type-post","status-publish","format-standard","hentry","category-notas"],"jetpack_publicize_connections":[],"jetpack_sharing_enabled":true,"jetpack_featured_media_url":"","jetpack_shortlink":"https:\/\/wp.me\/p7wKYW-76C","jetpack-related-posts":[],"_links":{"self":[{"href":"http:\/\/blogdalucianaoliveira.com.br\/blog\/wp-json\/wp\/v2\/posts\/27318","targetHints":{"allow":["GET"]}}],"collection":[{"href":"http:\/\/blogdalucianaoliveira.com.br\/blog\/wp-json\/wp\/v2\/posts"}],"about":[{"href":"http:\/\/blogdalucianaoliveira.com.br\/blog\/wp-json\/wp\/v2\/types\/post"}],"author":[{"embeddable":true,"href":"http:\/\/blogdalucianaoliveira.com.br\/blog\/wp-json\/wp\/v2\/users\/1"}],"replies":[{"embeddable":true,"href":"http:\/\/blogdalucianaoliveira.com.br\/blog\/wp-json\/wp\/v2\/comments?post=27318"}],"version-history":[{"count":1,"href":"http:\/\/blogdalucianaoliveira.com.br\/blog\/wp-json\/wp\/v2\/posts\/27318\/revisions"}],"predecessor-version":[{"id":27319,"href":"http:\/\/blogdalucianaoliveira.com.br\/blog\/wp-json\/wp\/v2\/posts\/27318\/revisions\/27319"}],"wp:attachment":[{"href":"http:\/\/blogdalucianaoliveira.com.br\/blog\/wp-json\/wp\/v2\/media?parent=27318"}],"wp:term":[{"taxonomy":"category","embeddable":true,"href":"http:\/\/blogdalucianaoliveira.com.br\/blog\/wp-json\/wp\/v2\/categories?post=27318"},{"taxonomy":"post_tag","embeddable":true,"href":"http:\/\/blogdalucianaoliveira.com.br\/blog\/wp-json\/wp\/v2\/tags?post=27318"}],"curies":[{"name":"wp","href":"https:\/\/api.w.org\/{rel}","templated":true}]}}