{"id":27322,"date":"2020-04-02T18:57:46","date_gmt":"2020-04-02T22:57:46","guid":{"rendered":"http:\/\/blogdalucianaoliveira.com.br\/blog\/?p=27322"},"modified":"2020-04-02T18:57:51","modified_gmt":"2020-04-02T22:57:51","slug":"coronavirus-sobrecarrega-equador-e-preocupa-populacao-com-acumulo-de-cadaveres-em-casas","status":"publish","type":"post","link":"http:\/\/blogdalucianaoliveira.com.br\/blog\/2020\/04\/02\/coronavirus-sobrecarrega-equador-e-preocupa-populacao-com-acumulo-de-cadaveres-em-casas\/","title":{"rendered":"Coronav\u00edrus sobrecarrega Equador e preocupa popula\u00e7\u00e3o com ac\u00famulo de cad\u00e1veres em casas"},"content":{"rendered":"\n<figure class=\"wp-block-image\"><img data-recalc-dims=\"1\" decoding=\"async\" src=\"https:\/\/i0.wp.com\/imagens.brasil.elpais.com\/resizer\/rrRZfAacQyIkCexejUcLgxQl5Pc%3D\/1500x0\/arc-anglerfish-eu-central-1-prod-prisa.s3.amazonaws.com\/public\/XUR6VACJFNDI5AIFEAUMC6ZLIM.jpg?w=600&#038;ssl=1\" alt=\"Uma mulher observa um caix\u00e3o com o cad\u00e1ver da sua m\u00e3e, morta pela Covid-19, na ter\u00e7a-feira em Guayaquil.\"\/><\/figure>\n\n\n\n<h4 class=\"wp-block-heading\">Emerg\u00eancia atinge com for\u00e7a Guayaquil, enquanto as cifras oficiais de 93 mortos se contrap\u00f5em a uma onda de den\u00fancias de cidad\u00e3os<\/h4>\n\n\n\n<!--more-->\n\n\n\n<p>No El Pa\u00eds, por <a href=\"https:\/\/brasil.elpais.com\/autor\/sara-espana\/\">SARA ESPA\u00d1A<\/a><br><\/p>\n\n\n\n<p>Guayaquil \u00e9 a Wuhan do\u00a0<a rel=\"noreferrer noopener\" href=\"https:\/\/brasil.elpais.com\/noticias\/ecuador\/\" target=\"_blank\">Equador<\/a>. Esta cidade portu\u00e1ria onde foi detectado o primeiro caso,\u00a0<a rel=\"noreferrer noopener\" href=\"https:\/\/brasil.elpais.com\/brasil\/2020\/03\/30\/eps\/1585580618_413163.html\" target=\"_blank\">importado da Espanha<\/a>, \u00e9 o principal foco de cont\u00e1gio do pa\u00eds, com 70% dos 2.758 positivos, e \u00e9 onde foram impostas as\u00a0<a rel=\"noreferrer noopener\" href=\"https:\/\/brasil.elpais.com\/economia\/2020-04-01\/a-urgente-tarefa-de-cadastrar-11-milhoes-de-pessoas-para-receber-a-ajuda-de-600-reais-pela-crise-do-coronavirus.html\" target=\"_blank\">medidas mais fortes no in\u00edcio do estado de exce\u00e7\u00e3o<\/a>. Depois de duas semanas de toque de recolher e da suspens\u00e3o das atividades profissionais, prorrogada at\u00e9 5 de abril, Guayaquil \u00e9 o prisma que revela\u00a0<a rel=\"noreferrer noopener\" href=\"https:\/\/brasil.elpais.com\/sociedade\/2020-04-02\/rede-privada-para-idosos-concentra-quase-metade-das-mortes-por-coronavirus-no-brasil.html\" target=\"_blank\">o desespero da popula\u00e7\u00e3o pelas mortes de seus entes queridos<\/a>\u00a0e a incapacidade das autoridades para agir a tempo. Segundo as cifras oficiais,\u00a0<a rel=\"noreferrer noopener\" href=\"https:\/\/brasil.elpais.com\/brasil\/2020-04-02\/ao-vivo-ultimas-noticias-sobre-o-coronavirus-no-brasil-e-no-mundo.html\" target=\"_blank\">o coronav\u00edrus cobrou a vida de 98 pessoas no pa\u00eds<\/a>, sendo ao menos 60 delas em Guayas, a prov\u00edncia da qual Guayaquil \u00e9 a capital. Al\u00e9m disso, h\u00e1 outros 76 falecimentos que\u00a0<a rel=\"noreferrer noopener\" href=\"https:\/\/brasil.elpais.com\/politica\/2020-03-31\/mortes-sem-diagnostico-levantam-suspeita-de-subnotificacao-de-casos-do-coronavirus-em-sao-paulo.html\" target=\"_blank\">n\u00e3o puderam ser confirmados como vinculados \u00e0 Covid-19<\/a>, porque os exames n\u00e3o chegaram a tempo ou n\u00e3o foram conclusivos. Mesmo assim, as autoridades os relacionam como causa da morte prov\u00e1vel.<br><\/p>\n\n\n\n<p>Em contraste com essas cifras, n\u00e3o deixaram de aparecer nas redes sociais e nos meios nacionais uma onda constante de den\u00fancias de pessoas de Guayaquil que&nbsp;<a href=\"https:\/\/brasil.elpais.com\/brasil\/2020-03-31\/internacoes-por-sindrome-respiratoria-aguda-grave-dobram-no-brasil-e-ja-pressionam-sistema-de-saude.html\" target=\"_blank\" rel=\"noreferrer noopener\">perderam algum familiar com sintomas como tosse, febre e insufici\u00eancia respirat\u00f3ria<\/a>&nbsp;e que est\u00e3o h\u00e1 dias esperando para que algu\u00e9m v\u00e1 retirar seus cad\u00e1veres de dentro de casa. Isso pode levar at\u00e9 quatro dias, recriminam alguns, que precisam suportar o calor e o mau cheiro provocado pelos cad\u00e1veres acumulados. Outros, desesperados com a presen\u00e7a dos corpos, os atiraram na cal\u00e7ada. E todos coincidem em reclamar que ningu\u00e9m tenha aparecido para recolh\u00ea-los apesar dos insistentes chamados ao n\u00famero de emerg\u00eancia 911.<\/p>\n\n\n\n<p>O Governo equatoriano,&nbsp;<a href=\"https:\/\/brasil.elpais.com\/brasil\/2020-04-01\/em-nova-fala-na-tv-sobre-coronavirus-bolsonaro-calibra-tom-mas-nao-defende-isolamento-social-contra-pandemia.html\" target=\"_blank\" rel=\"noreferrer noopener\">inicialmente reticente a se pronunciar<\/a>&nbsp;ou a vincular esta situa\u00e7\u00e3o com o impacto do v\u00edrus no Equador, terminou por reconhec\u00ea-la e apresentar\u00e1 um relat\u00f3rio semanal sobre as mortes em geral, como que buscando justificar as estat\u00edsticas excepcionalmente elevada de mortos na \u00faltima semana em rela\u00e7\u00e3o \u00e0 m\u00e9dia anual. \u201cEm circunst\u00e2ncias normais temos 6.000 falecimentos mensais no pa\u00eds. Em Guayaquil, em janeiro, tivemos 828 falecimentos. Neste momento, temos a mesma quantidade de mortes, mas agravada pelas circunst\u00e2ncias\u201d. N\u00e3o \u00e9 poss\u00edvel vincular essas mortes ao coronav\u00edrus se n\u00e3o forem feitos os exames que, no Equador, apesar de ser&nbsp;<a href=\"https:\/\/brasil.elpais.com\/brasil\/2020-04-02\/o-que-ja-se-sabe-ate-agora-sobre-o-novo-coronavirus-no-brasil.html\" target=\"_blank\" rel=\"noreferrer noopener\">o segundo pa\u00eds da regi\u00e3o em n\u00famero de mortos o terceiro em cont\u00e1gios<\/a>, \u00e9 um dos que menos amostras coletaram at\u00e9 agora: 9.019. &#8220;A realiza\u00e7\u00e3o dos testes \u00e9 o \u00fanico que nos confirmam que as mortes se deram pela Covid-19. Teremos mais dados quando chegarem os testes r\u00e1pidos\u201d, afirmou o vice-ministro da Sa\u00fade, Ernesto Carrasco. Nesta quarta-feira foi registrado um pico de casos confirmados, 408 a mais que na ter\u00e7a-feira.<\/p>\n\n\n\n<p>Primeiro foram os servi\u00e7os de emerg\u00eancias, relatando muitas mais chamadas que o habitual em um s\u00f3 dia para o recolhimento de cad\u00e1veres em casa \u2013 40 casos, contra uma m\u00e9dia de 14 falecimentos dom\u00e9sticos por dia em Guayaquil. Depois, a pol\u00edcia ofereceu uma aproxima\u00e7\u00e3o mais detalhada da dimens\u00e3o do coronav\u00edrus na segunda cidade mais importante do pa\u00eds, depois de Quito, com mais de 2,5 milh\u00f5es de habitantes: 450 corpos na lista de espera para serem retirados, segundo o jornal&nbsp;<em>El Universo<\/em>. Finalmente, o Registro Civil come\u00e7ou na segunda-feira passada, dia 23, a anotar at\u00e9 uma centena de atas de falecimento por jornada com um pico muito mais pronunciado no in\u00edcio desta semana em Guayas. Mas todas estas cifras,&nbsp;<a href=\"https:\/\/brasil.elpais.com\/brasil\/2020-04-02\/preterido-por-fornecedores-brasil-entra-em-corrida-contra-o-relogio-para-obter-material-medico-contra-coronavirus.html\" target=\"_blank\" rel=\"noreferrer noopener\">apesar do aumento excepcional em t\u00e3o poucos dias<\/a>, n\u00e3o podem ser relacionado de forma exclusiva, precisa e oficial ao coronav\u00edrus. Pela falta de diagn\u00f3stico.<\/p>\n\n\n\n<p>De qualquer forma, as estat\u00edsticas dispon\u00edveis e as den\u00fancias populares provocaram uma&nbsp;<a href=\"https:\/\/brasil.elpais.com\/economia\/2020-04-01\/monica-de-bolle-hoje-dane-se-o-estado-minimo-e-preciso-gastar-e-errar-pelo-lado-do-excesso.html\" target=\"_blank\" rel=\"noreferrer noopener\">rea\u00e7\u00e3o do Governo<\/a>. Primeiro, prop\u00f4s abrir um espa\u00e7o para enterros coletivos. As autoridades municipais chegaram a cogitar uma vala comum, que afinal foi revista para garantir sepulturas individuais. Segundo, permitiu-se aos cemit\u00e9rios que prorroguem seu hor\u00e1rio at\u00e9 as 17h, depois do toque de recolher das 14h, para reduzir as filas de espera em suas portas. Prestadores de servi\u00e7os funer\u00e1rios foram autorizados a trabalhar em tempo integral. As For\u00e7as Armadas, al\u00e9m disso, foram incorporadas \u00e0 tarefa de coleta de cad\u00e1veres, sejam por suspeita de Covid-19 ou outras causas; agilizou-se a burocracia para as fam\u00edlias e foram contratados cont\u00eaineres refrigerados para conservar os corpos que n\u00e3o puderem ser transladados aos necrot\u00e9rios por falta de espa\u00e7o at\u00e9 que sejam corretamente sepultados. Por \u00faltimo, as autoridades de Sa\u00fade determinaram que a crema\u00e7\u00e3o n\u00e3o era um requisito indispens\u00e1vel, nem sequer para as v\u00edtimas da Covid-19.<\/p>\n\n\n\n<p>At\u00e9 a noite desta ter\u00e7a-feira, segundo os porta-vozes do Executivo que divulgam os boletins regulares de dados e informa\u00e7\u00f5es, seria conclu\u00edda a retirada de corpos que vinham se acumulando nos \u00faltimos dias dentro das casas ou na rua.&nbsp;<a href=\"https:\/\/brasil.elpais.com\/internacional\/2020-04-01\/coronavirus-provocara-entre-100000-e-240000-mortes-nos-eua-segundo-projecoes-da-casa-branca.html\" target=\"_blank\" rel=\"noreferrer noopener\">Mas o lamento dos moradores de Guayaquil continua<\/a>, e ainda h\u00e1 cad\u00e1veres envoltos em pl\u00e1sticos, em len\u00e7\u00f3is ou em caix\u00f5es esperando para serem recolhidos.<\/p>\n\n\n\n<p><a href=\"https:\/\/www.facebook.com\/dialog\/share?display=popup&amp;app_id=94039431626&amp;href=https%3A%2F%2Fbrasil.elpais.com%2Finternacional%2F2020-04-02%2Fcoronavirus-sobrecarrega-equador-e-preocupa-populacao-com-acumulo-de-cadaveres-em-casas.html%3Fssm=FB_CC&amp;quote=Coronav%C3%ADrus%20sobrecarrega%20Equador%20e%20preocupa%20popula%C3%A7%C3%A3o%20com%20ac%C3%BAmulo%20de%20cad%C3%A1veres%20em%20casas\" target=\"_blank\" rel=\"noreferrer noopener\"><\/a><a href=\"https:\/\/twitter.com\/intent\/tweet?url=https%3A%2F%2Fbrasil.elpais.com%2Finternacional%2F2020-04-02%2Fcoronavirus-sobrecarrega-equador-e-preocupa-populacao-com-acumulo-de-cadaveres-em-casas.html%3Fssm=TW_CC&amp;text=Coronav%C3%ADrus%20sobrecarrega%20Equador%20e%20preocupa%20popula%C3%A7%C3%A3o%20com%20ac%C3%BAmulo%20de%20cad%C3%A1veres%20em%20casas&amp;via=elpais_brasil&amp;lang=pt-br\" target=\"_blank\" rel=\"noreferrer noopener\"><\/a><a href=\"mailto:?subject=Coronav%C3%ADrus%20sobrecarrega%20Equador%20e%20preocupa%20popula%C3%A7%C3%A3o%20com%20ac%C3%BAmulo%20de%20cad%C3%A1veres%20em%20casas&amp;body=https%3A%2F%2Fbrasil.elpais.com%2Finternacional%2F2020-04-02%2Fcoronavirus-sobrecarrega-equador-e-preocupa-populacao-com-acumulo-de-cadaveres-em-casas.html%3Fprm=enviar_email\"><\/a><br><\/p>\n","protected":false},"excerpt":{"rendered":"<p>Emerg\u00eancia atinge com for\u00e7a Guayaquil, enquanto as cifras oficiais de 93 mortos se contrap\u00f5em a uma onda de den\u00fancias de cidad\u00e3os<\/p>\n","protected":false},"author":1,"featured_media":0,"comment_status":"closed","ping_status":"open","sticky":false,"template":"","format":"standard","meta":{"_exactmetrics_skip_tracking":false,"_exactmetrics_sitenote_active":false,"_exactmetrics_sitenote_note":"","_exactmetrics_sitenote_category":0,"jetpack_post_was_ever_published":false,"_jetpack_newsletter_access":"","_jetpack_dont_email_post_to_subs":false,"_jetpack_newsletter_tier_id":0,"_jetpack_memberships_contains_paywalled_content":false,"_jetpack_memberships_contains_paid_content":false,"footnotes":"","jetpack_publicize_message":"","jetpack_publicize_feature_enabled":true,"jetpack_social_post_already_shared":true,"jetpack_social_options":{"image_generator_settings":{"template":"highway","enabled":false},"version":2}},"categories":[1],"tags":[],"class_list":["post-27322","post","type-post","status-publish","format-standard","hentry","category-notas"],"jetpack_publicize_connections":[],"jetpack_sharing_enabled":true,"jetpack_featured_media_url":"","jetpack_shortlink":"https:\/\/wp.me\/p7wKYW-76G","jetpack-related-posts":[],"_links":{"self":[{"href":"http:\/\/blogdalucianaoliveira.com.br\/blog\/wp-json\/wp\/v2\/posts\/27322","targetHints":{"allow":["GET"]}}],"collection":[{"href":"http:\/\/blogdalucianaoliveira.com.br\/blog\/wp-json\/wp\/v2\/posts"}],"about":[{"href":"http:\/\/blogdalucianaoliveira.com.br\/blog\/wp-json\/wp\/v2\/types\/post"}],"author":[{"embeddable":true,"href":"http:\/\/blogdalucianaoliveira.com.br\/blog\/wp-json\/wp\/v2\/users\/1"}],"replies":[{"embeddable":true,"href":"http:\/\/blogdalucianaoliveira.com.br\/blog\/wp-json\/wp\/v2\/comments?post=27322"}],"version-history":[{"count":1,"href":"http:\/\/blogdalucianaoliveira.com.br\/blog\/wp-json\/wp\/v2\/posts\/27322\/revisions"}],"predecessor-version":[{"id":27323,"href":"http:\/\/blogdalucianaoliveira.com.br\/blog\/wp-json\/wp\/v2\/posts\/27322\/revisions\/27323"}],"wp:attachment":[{"href":"http:\/\/blogdalucianaoliveira.com.br\/blog\/wp-json\/wp\/v2\/media?parent=27322"}],"wp:term":[{"taxonomy":"category","embeddable":true,"href":"http:\/\/blogdalucianaoliveira.com.br\/blog\/wp-json\/wp\/v2\/categories?post=27322"},{"taxonomy":"post_tag","embeddable":true,"href":"http:\/\/blogdalucianaoliveira.com.br\/blog\/wp-json\/wp\/v2\/tags?post=27322"}],"curies":[{"name":"wp","href":"https:\/\/api.w.org\/{rel}","templated":true}]}}