{"id":27324,"date":"2020-04-02T20:04:34","date_gmt":"2020-04-03T00:04:34","guid":{"rendered":"http:\/\/blogdalucianaoliveira.com.br\/blog\/?p=27324"},"modified":"2020-04-02T20:04:39","modified_gmt":"2020-04-03T00:04:39","slug":"bolsonaro-diz-que-nao-se-bica-com-mandetta-ha-algum-tempo-mas-descarta-demiti-lo-no-meio-da-guerra","status":"publish","type":"post","link":"http:\/\/blogdalucianaoliveira.com.br\/blog\/2020\/04\/02\/bolsonaro-diz-que-nao-se-bica-com-mandetta-ha-algum-tempo-mas-descarta-demiti-lo-no-meio-da-guerra\/","title":{"rendered":"Bolsonaro diz que &#8216;n\u00e3o se bica&#8217; com Mandetta h\u00e1 algum tempo, mas descarta demiti-lo &#8216;no meio da guerra&#8217;"},"content":{"rendered":"\n<figure class=\"wp-block-image size-large\"><img data-recalc-dims=\"1\" loading=\"lazy\" decoding=\"async\" width=\"500\" height=\"240\" data-attachment-id=\"27325\" data-permalink=\"http:\/\/blogdalucianaoliveira.com.br\/blog\/2020\/04\/02\/bolsonaro-diz-que-nao-se-bica-com-mandetta-ha-algum-tempo-mas-descarta-demiti-lo-no-meio-da-guerra\/image-5-9\/\" data-orig-file=\"https:\/\/i0.wp.com\/blogdalucianaoliveira.com.br\/blog\/wp-content\/uploads\/2020\/04\/image-5.jpeg?fit=500%2C240\" data-orig-size=\"500,240\" data-comments-opened=\"0\" data-image-meta=\"{&quot;aperture&quot;:&quot;0&quot;,&quot;credit&quot;:&quot;&quot;,&quot;camera&quot;:&quot;&quot;,&quot;caption&quot;:&quot;&quot;,&quot;created_timestamp&quot;:&quot;0&quot;,&quot;copyright&quot;:&quot;&quot;,&quot;focal_length&quot;:&quot;0&quot;,&quot;iso&quot;:&quot;0&quot;,&quot;shutter_speed&quot;:&quot;0&quot;,&quot;title&quot;:&quot;&quot;,&quot;orientation&quot;:&quot;0&quot;}\" data-image-title=\"image-5\" data-image-description=\"\" data-image-caption=\"\" data-medium-file=\"https:\/\/i0.wp.com\/blogdalucianaoliveira.com.br\/blog\/wp-content\/uploads\/2020\/04\/image-5.jpeg?fit=300%2C144\" data-large-file=\"https:\/\/i0.wp.com\/blogdalucianaoliveira.com.br\/blog\/wp-content\/uploads\/2020\/04\/image-5.jpeg?fit=500%2C240\" src=\"https:\/\/i0.wp.com\/blogdalucianaoliveira.com.br\/blog\/wp-content\/uploads\/2020\/04\/image-5.jpeg?resize=500%2C240\" alt=\"\" class=\"wp-image-27325\" srcset=\"https:\/\/i0.wp.com\/blogdalucianaoliveira.com.br\/blog\/wp-content\/uploads\/2020\/04\/image-5.jpeg?w=500 500w, https:\/\/i0.wp.com\/blogdalucianaoliveira.com.br\/blog\/wp-content\/uploads\/2020\/04\/image-5.jpeg?resize=300%2C144 300w\" sizes=\"auto, (max-width: 500px) 100vw, 500px\" \/><\/figure>\n\n\n\n<p>247 &#8211; Jair Bolsonaro externou novamente, nesta quinta-feira, 2, sua insatisfa\u00e7\u00e3o com o ministro da Sa\u00fade, Luiz Henrique Mandetta, que tem adotado as recomenda\u00e7\u00f5es internacionais no combate \u00e0 pandemia do novo coronav\u00edrus.\u00a0<\/p>\n\n\n\n<!--more-->\n\n\n\n<p>&#8220;Mandetta sabe que a gente est\u00e1 se bicando h\u00e1 algum tempo&#8221;, disse Bolsonaro em entrevista \u00e0 r\u00e1dio Jovem Pan. &#8220;N\u00e3o pretendo demiti-lo no meio da guerra, mas em algum momento ele extrapolou. Sempre respeitei todos os ministros. A gente espera que ele d\u00ea conta do recado. N\u00e3o \u00e9 uma amea\u00e7a para o Mandetta. Nenhum ministro meu \u00e9 &#8216;indemiss\u00edvel&#8217;, como os cinco que j\u00e1 foram embora&#8221;.<\/p>\n\n\n\n<p>Bolsonaro disse ainda que o ministro da Sa\u00fade deveria ouvir mais o presidente. &#8220;Ele disse que tem responsabilidade, mas ele cuida da sa\u00fade, o (Paulo) Guedes da economia e eu entro no meio. O Mandetta quer fazer valer muito a vontade dele. Pode ser que ele esteja certo, mas est\u00e1 faltando humildade para ele conduzir o Brasil neste momento&#8221;, afirmou.&nbsp;<\/p>\n\n\n\n<p>Ainda segundo Bolsonaro, &#8220;aquela histeria, aquele clima de p\u00e2nico, contagiou alguns l\u00e1 [dentro do Minist\u00e9rio da Sa\u00fade]&#8221;. &#8220;J\u00e1 est\u00e1 no momento de todo mundo botar o p\u00e9 no ch\u00e3o&#8221;, cobrou.<\/p>\n\n\n\n<figure class=\"wp-block-embed-twitter wp-block-embed is-type-rich is-provider-twitter\"><div class=\"wp-block-embed__wrapper\">\n<blockquote class=\"twitter-tweet\" data-width=\"550\" data-dnt=\"true\"><p lang=\"pt\" dir=\"ltr\">Enquanto tiver coronav\u00edrus, ter\u00e1 Mandetta. Depois disso, melhor j\u00e1 pensar num emprego novo. <a href=\"https:\/\/t.co\/rPAQEfCr3S\">pic.twitter.com\/rPAQEfCr3S<\/a><\/p>&mdash; GugaNoblat (@GugaNoblat) <a href=\"https:\/\/twitter.com\/GugaNoblat\/status\/1245843488425381890?ref_src=twsrc%5Etfw\">April 2, 2020<\/a><\/blockquote><script async src=\"https:\/\/platform.twitter.com\/widgets.js\" charset=\"utf-8\"><\/script>\n<\/div><\/figure>\n","protected":false},"excerpt":{"rendered":"<p>247 &#8211; Jair Bolsonaro externou novamente, nesta quinta-feira, 2, sua insatisfa\u00e7\u00e3o com o ministro da Sa\u00fade, Luiz Henrique Mandetta, que tem adotado as recomenda\u00e7\u00f5es internacionais no combate \u00e0 pandemia do novo coronav\u00edrus.\u00a0<\/p>\n","protected":false},"author":1,"featured_media":0,"comment_status":"closed","ping_status":"open","sticky":false,"template":"","format":"standard","meta":{"_exactmetrics_skip_tracking":false,"_exactmetrics_sitenote_active":false,"_exactmetrics_sitenote_note":"","_exactmetrics_sitenote_category":0,"jetpack_post_was_ever_published":false,"_jetpack_newsletter_access":"","_jetpack_dont_email_post_to_subs":false,"_jetpack_newsletter_tier_id":0,"_jetpack_memberships_contains_paywalled_content":false,"_jetpack_memberships_contains_paid_content":false,"footnotes":"","jetpack_publicize_message":"","jetpack_publicize_feature_enabled":true,"jetpack_social_post_already_shared":true,"jetpack_social_options":{"image_generator_settings":{"template":"highway","enabled":false},"version":2}},"categories":[1],"tags":[],"class_list":["post-27324","post","type-post","status-publish","format-standard","hentry","category-notas"],"jetpack_publicize_connections":[],"jetpack_sharing_enabled":true,"jetpack_featured_media_url":"","jetpack_shortlink":"https:\/\/wp.me\/p7wKYW-76I","jetpack-related-posts":[],"_links":{"self":[{"href":"http:\/\/blogdalucianaoliveira.com.br\/blog\/wp-json\/wp\/v2\/posts\/27324","targetHints":{"allow":["GET"]}}],"collection":[{"href":"http:\/\/blogdalucianaoliveira.com.br\/blog\/wp-json\/wp\/v2\/posts"}],"about":[{"href":"http:\/\/blogdalucianaoliveira.com.br\/blog\/wp-json\/wp\/v2\/types\/post"}],"author":[{"embeddable":true,"href":"http:\/\/blogdalucianaoliveira.com.br\/blog\/wp-json\/wp\/v2\/users\/1"}],"replies":[{"embeddable":true,"href":"http:\/\/blogdalucianaoliveira.com.br\/blog\/wp-json\/wp\/v2\/comments?post=27324"}],"version-history":[{"count":1,"href":"http:\/\/blogdalucianaoliveira.com.br\/blog\/wp-json\/wp\/v2\/posts\/27324\/revisions"}],"predecessor-version":[{"id":27326,"href":"http:\/\/blogdalucianaoliveira.com.br\/blog\/wp-json\/wp\/v2\/posts\/27324\/revisions\/27326"}],"wp:attachment":[{"href":"http:\/\/blogdalucianaoliveira.com.br\/blog\/wp-json\/wp\/v2\/media?parent=27324"}],"wp:term":[{"taxonomy":"category","embeddable":true,"href":"http:\/\/blogdalucianaoliveira.com.br\/blog\/wp-json\/wp\/v2\/categories?post=27324"},{"taxonomy":"post_tag","embeddable":true,"href":"http:\/\/blogdalucianaoliveira.com.br\/blog\/wp-json\/wp\/v2\/tags?post=27324"}],"curies":[{"name":"wp","href":"https:\/\/api.w.org\/{rel}","templated":true}]}}