{"id":27330,"date":"2020-04-03T07:47:40","date_gmt":"2020-04-03T11:47:40","guid":{"rendered":"http:\/\/blogdalucianaoliveira.com.br\/blog\/?p=27330"},"modified":"2020-04-03T07:47:48","modified_gmt":"2020-04-03T11:47:48","slug":"coronavirus-sem-esperar-governo-indigenas-fecham-estradas-e-expulsam-garimpeiros","status":"publish","type":"post","link":"http:\/\/blogdalucianaoliveira.com.br\/blog\/2020\/04\/03\/coronavirus-sem-esperar-governo-indigenas-fecham-estradas-e-expulsam-garimpeiros\/","title":{"rendered":"Coronav\u00edrus: sem esperar governo, ind\u00edgenas fecham estradas e expulsam garimpeiros"},"content":{"rendered":"\n<figure class=\"wp-block-image size-large\"><img data-recalc-dims=\"1\" loading=\"lazy\" decoding=\"async\" width=\"500\" height=\"240\" data-attachment-id=\"27331\" data-permalink=\"http:\/\/blogdalucianaoliveira.com.br\/blog\/2020\/04\/03\/coronavirus-sem-esperar-governo-indigenas-fecham-estradas-e-expulsam-garimpeiros\/image-7-9\/\" data-orig-file=\"https:\/\/i0.wp.com\/blogdalucianaoliveira.com.br\/blog\/wp-content\/uploads\/2020\/04\/image-7.jpeg?fit=500%2C240\" data-orig-size=\"500,240\" data-comments-opened=\"0\" data-image-meta=\"{&quot;aperture&quot;:&quot;0&quot;,&quot;credit&quot;:&quot;&quot;,&quot;camera&quot;:&quot;&quot;,&quot;caption&quot;:&quot;&quot;,&quot;created_timestamp&quot;:&quot;0&quot;,&quot;copyright&quot;:&quot;&quot;,&quot;focal_length&quot;:&quot;0&quot;,&quot;iso&quot;:&quot;0&quot;,&quot;shutter_speed&quot;:&quot;0&quot;,&quot;title&quot;:&quot;&quot;,&quot;orientation&quot;:&quot;0&quot;}\" data-image-title=\"image-7\" data-image-description=\"\" data-image-caption=\"\" data-medium-file=\"https:\/\/i0.wp.com\/blogdalucianaoliveira.com.br\/blog\/wp-content\/uploads\/2020\/04\/image-7.jpeg?fit=300%2C144\" data-large-file=\"https:\/\/i0.wp.com\/blogdalucianaoliveira.com.br\/blog\/wp-content\/uploads\/2020\/04\/image-7.jpeg?fit=500%2C240\" src=\"https:\/\/i0.wp.com\/blogdalucianaoliveira.com.br\/blog\/wp-content\/uploads\/2020\/04\/image-7.jpeg?resize=500%2C240\" alt=\"\" class=\"wp-image-27331\" srcset=\"https:\/\/i0.wp.com\/blogdalucianaoliveira.com.br\/blog\/wp-content\/uploads\/2020\/04\/image-7.jpeg?w=500 500w, https:\/\/i0.wp.com\/blogdalucianaoliveira.com.br\/blog\/wp-content\/uploads\/2020\/04\/image-7.jpeg?resize=300%2C144 300w\" sizes=\"auto, (max-width: 500px) 100vw, 500px\" \/><\/figure>\n\n\n\n<p>247 &#8211; Em Roraima, ind\u00edgenas bloqueiam estradas de acesso a comunidades e expulsam garimpeiros. Em Mato Grosso, tamb\u00e9m h\u00e1 barreiras em vias terrestres para impedir a entrada na regi\u00e3o do Xingu. Na divisa do Amazonas com Roraima, os waimiri-atroaris suspenderam a vigil\u00e2ncia da BR-174 (Manaus-Boa Vista), que corta o territ\u00f3rio. A<a rel=\"noreferrer noopener\" target=\"_blank\" href=\"https:\/\/www1.folha.uol.com.br\/cotidiano\/2020\/04\/sem-esperar-governo-indigenas-fecham-estradas-e-expulsam-garimpeiros-contra-coronavirus.shtml?utm_source=twitter&amp;utm_medium=social&amp;utm_campaign=twfolha\">informa\u00e7\u00e3o<\/a>\u00a0\u00e9 do jornal Folha de S.Paulo.\u00a0<\/p>\n\n\n\n<!--more-->\n\n\n\n<p>Desconfiados de Jair Bolsonaro, visto como um inimigo, ind\u00edgenas da Amaz\u00f4nia est\u00e3o adotando medidas contra&nbsp;<a target=\"_blank\" href=\"https:\/\/www1.folha.uol.com.br\/cotidiano\/2020\/03\/veja-como-seu-estado-esta-preparado-para-o-coronavirus.shtml\" rel=\"noreferrer noopener\">o avan\u00e7o do novo coronav\u00edrus<\/a>, ao mesmo tempo em que cobram a\u00e7\u00f5es espec\u00edficas da governo federal, incluindo o&nbsp;<a target=\"_blank\" href=\"https:\/\/www1.folha.uol.com.br\/poder\/2020\/02\/politicos-da-amazonia-usam-videos-para-incentivar-crimes-ambientais-e-invasao-de-terras-indigenas.shtml\" rel=\"noreferrer noopener\">combate ao garimpo ilegal<\/a>.<\/p>\n\n\n\n<p><\/p>\n","protected":false},"excerpt":{"rendered":"<p>247 &#8211; Em Roraima, ind\u00edgenas bloqueiam estradas de acesso a comunidades e expulsam garimpeiros. Em Mato Grosso, tamb\u00e9m h\u00e1 barreiras em vias terrestres para impedir a entrada na regi\u00e3o do Xingu. Na divisa do Amazonas com Roraima, os waimiri-atroaris suspenderam a vigil\u00e2ncia da BR-174 (Manaus-Boa Vista), que corta o territ\u00f3rio. Ainforma\u00e7\u00e3o\u00a0\u00e9 do jornal Folha de&#8230;<a class=\"more-link\" href=\"http:\/\/blogdalucianaoliveira.com.br\/blog\/2020\/04\/03\/coronavirus-sem-esperar-governo-indigenas-fecham-estradas-e-expulsam-garimpeiros\/\">Continue a leitura <span class=\"meta-nav\">&raquo;<\/span><\/a><\/p>\n","protected":false},"author":1,"featured_media":0,"comment_status":"closed","ping_status":"open","sticky":false,"template":"","format":"standard","meta":{"_exactmetrics_skip_tracking":false,"_exactmetrics_sitenote_active":false,"_exactmetrics_sitenote_note":"","_exactmetrics_sitenote_category":0,"jetpack_post_was_ever_published":false,"_jetpack_newsletter_access":"","_jetpack_dont_email_post_to_subs":false,"_jetpack_newsletter_tier_id":0,"_jetpack_memberships_contains_paywalled_content":false,"_jetpack_memberships_contains_paid_content":false,"footnotes":"","jetpack_publicize_message":"","jetpack_publicize_feature_enabled":true,"jetpack_social_post_already_shared":true,"jetpack_social_options":{"image_generator_settings":{"template":"highway","enabled":false},"version":2}},"categories":[1],"tags":[],"class_list":["post-27330","post","type-post","status-publish","format-standard","hentry","category-notas"],"jetpack_publicize_connections":[],"jetpack_sharing_enabled":true,"jetpack_featured_media_url":"","jetpack_shortlink":"https:\/\/wp.me\/p7wKYW-76O","jetpack-related-posts":[],"_links":{"self":[{"href":"http:\/\/blogdalucianaoliveira.com.br\/blog\/wp-json\/wp\/v2\/posts\/27330","targetHints":{"allow":["GET"]}}],"collection":[{"href":"http:\/\/blogdalucianaoliveira.com.br\/blog\/wp-json\/wp\/v2\/posts"}],"about":[{"href":"http:\/\/blogdalucianaoliveira.com.br\/blog\/wp-json\/wp\/v2\/types\/post"}],"author":[{"embeddable":true,"href":"http:\/\/blogdalucianaoliveira.com.br\/blog\/wp-json\/wp\/v2\/users\/1"}],"replies":[{"embeddable":true,"href":"http:\/\/blogdalucianaoliveira.com.br\/blog\/wp-json\/wp\/v2\/comments?post=27330"}],"version-history":[{"count":1,"href":"http:\/\/blogdalucianaoliveira.com.br\/blog\/wp-json\/wp\/v2\/posts\/27330\/revisions"}],"predecessor-version":[{"id":27332,"href":"http:\/\/blogdalucianaoliveira.com.br\/blog\/wp-json\/wp\/v2\/posts\/27330\/revisions\/27332"}],"wp:attachment":[{"href":"http:\/\/blogdalucianaoliveira.com.br\/blog\/wp-json\/wp\/v2\/media?parent=27330"}],"wp:term":[{"taxonomy":"category","embeddable":true,"href":"http:\/\/blogdalucianaoliveira.com.br\/blog\/wp-json\/wp\/v2\/categories?post=27330"},{"taxonomy":"post_tag","embeddable":true,"href":"http:\/\/blogdalucianaoliveira.com.br\/blog\/wp-json\/wp\/v2\/tags?post=27330"}],"curies":[{"name":"wp","href":"https:\/\/api.w.org\/{rel}","templated":true}]}}