{"id":27333,"date":"2020-04-03T11:00:57","date_gmt":"2020-04-03T15:00:57","guid":{"rendered":"http:\/\/blogdalucianaoliveira.com.br\/blog\/?p=27333"},"modified":"2020-04-03T11:01:00","modified_gmt":"2020-04-03T15:01:00","slug":"prefeito-de-ariquemes-ro-anuncia-reabertura-de-parte-do-comercio","status":"publish","type":"post","link":"http:\/\/blogdalucianaoliveira.com.br\/blog\/2020\/04\/03\/prefeito-de-ariquemes-ro-anuncia-reabertura-de-parte-do-comercio\/","title":{"rendered":"Prefeito de Ariquemes, RO, anuncia reabertura de parte do com\u00e9rcio"},"content":{"rendered":"\n<figure class=\"wp-block-image\"><img data-recalc-dims=\"1\" decoding=\"async\" src=\"https:\/\/i0.wp.com\/s2.glbimg.com\/Tgg8818PRDPN7ga7b8z9jzGpiS4%3D\/0x0%3A1598x1065\/984x0\/smart\/filters%3Astrip_icc%28%29\/s.glbimg.com\/jo\/g1\/f\/original\/2015\/12\/05\/dsc0217.jpg?w=600&#038;ssl=1\" alt=\"Com\u00e9rcio de Ariquemes deve ser parcialmente reaberto no s\u00e1bado, segundo o prefeito \u2014 Foto: Jeferson Carlos\/ G1\"\/><\/figure>\n\n\n\n<p>Thiago Flores anunciou que um novo decreto ser\u00e1 publicado na sexta-feira (3) para que no dia seguinte parte das atividades comerciais sejam retomadas.<\/p>\n\n\n\n<!--more-->\n\n\n\n<p>No G1, Rond\u00f4nia<\/p>\n\n\n\n<p>O prefeito de Ariquemes (RO), Thiago Flores, anunciou na noite desta quinta-feira (2) a reabertura de parte do com\u00e9rcio da cidade. Segundo o prefeito, em uma live no Facebook, um novo decreto ser\u00e1 publicado e o retorno das atividades comerciais ser\u00e1 realizada no dia 4 de abril.<\/p>\n\n\n\n<p>Na transmiss\u00e3o, Thiago falou que estabelecimentos como sal\u00f5es de beleza, lojas de confec\u00e7\u00f5es e lava-jatos est\u00e3o entre os com\u00e9rcios que poder\u00e3o abrir no s\u00e1bado, mas que academias, parques e locais de entretenimento continuar\u00e3o fechados.<\/p>\n\n\n\n<p>&#8220;A libera\u00e7\u00e3o n\u00e3o vai ser imediata, n\u00e3o vai ser liberado todo tipo de com\u00e9rcio. N\u00f3s estamos saindo de uma reclus\u00e3o absoluta e n\u00f3s n\u00e3o podemos ir para uma liberdade plena. N\u00f3s passaremos por um processo de transi\u00e7\u00e3o. Mas a grande maioria das atividades comerciais ser\u00e3o retomadas com algumas condicionantes, respeitando sempre as nossas autoridades sanit\u00e1rias, que \u00e9 quem de fato no momento deve regular o que a gente tem e o que n\u00e3o tem que fazer&#8221;, diz.<br><\/p>\n\n\n\n<div class=\"fb-video\" data-allowfullscreen=\"true\" data-href=\"https:\/\/www.facebook.com\/100005304736364\/videos\/1378413159012162\/\"><\/div>\n","protected":false},"excerpt":{"rendered":"<p>Thiago Flores anunciou que um novo decreto ser\u00e1 publicado na sexta-feira (3) para que no dia seguinte parte das atividades comerciais sejam retomadas.<\/p>\n","protected":false},"author":1,"featured_media":0,"comment_status":"closed","ping_status":"open","sticky":false,"template":"","format":"standard","meta":{"_exactmetrics_skip_tracking":false,"_exactmetrics_sitenote_active":false,"_exactmetrics_sitenote_note":"","_exactmetrics_sitenote_category":0,"jetpack_post_was_ever_published":false,"_jetpack_newsletter_access":"","_jetpack_dont_email_post_to_subs":false,"_jetpack_newsletter_tier_id":0,"_jetpack_memberships_contains_paywalled_content":false,"_jetpack_memberships_contains_paid_content":false,"footnotes":"","jetpack_publicize_message":"","jetpack_publicize_feature_enabled":true,"jetpack_social_post_already_shared":true,"jetpack_social_options":{"image_generator_settings":{"template":"highway","enabled":false},"version":2}},"categories":[1],"tags":[],"class_list":["post-27333","post","type-post","status-publish","format-standard","hentry","category-notas"],"jetpack_publicize_connections":[],"jetpack_sharing_enabled":true,"jetpack_featured_media_url":"","jetpack_shortlink":"https:\/\/wp.me\/p7wKYW-76R","jetpack-related-posts":[],"_links":{"self":[{"href":"http:\/\/blogdalucianaoliveira.com.br\/blog\/wp-json\/wp\/v2\/posts\/27333","targetHints":{"allow":["GET"]}}],"collection":[{"href":"http:\/\/blogdalucianaoliveira.com.br\/blog\/wp-json\/wp\/v2\/posts"}],"about":[{"href":"http:\/\/blogdalucianaoliveira.com.br\/blog\/wp-json\/wp\/v2\/types\/post"}],"author":[{"embeddable":true,"href":"http:\/\/blogdalucianaoliveira.com.br\/blog\/wp-json\/wp\/v2\/users\/1"}],"replies":[{"embeddable":true,"href":"http:\/\/blogdalucianaoliveira.com.br\/blog\/wp-json\/wp\/v2\/comments?post=27333"}],"version-history":[{"count":1,"href":"http:\/\/blogdalucianaoliveira.com.br\/blog\/wp-json\/wp\/v2\/posts\/27333\/revisions"}],"predecessor-version":[{"id":27334,"href":"http:\/\/blogdalucianaoliveira.com.br\/blog\/wp-json\/wp\/v2\/posts\/27333\/revisions\/27334"}],"wp:attachment":[{"href":"http:\/\/blogdalucianaoliveira.com.br\/blog\/wp-json\/wp\/v2\/media?parent=27333"}],"wp:term":[{"taxonomy":"category","embeddable":true,"href":"http:\/\/blogdalucianaoliveira.com.br\/blog\/wp-json\/wp\/v2\/categories?post=27333"},{"taxonomy":"post_tag","embeddable":true,"href":"http:\/\/blogdalucianaoliveira.com.br\/blog\/wp-json\/wp\/v2\/tags?post=27333"}],"curies":[{"name":"wp","href":"https:\/\/api.w.org\/{rel}","templated":true}]}}