{"id":27335,"date":"2020-04-03T11:10:41","date_gmt":"2020-04-03T15:10:41","guid":{"rendered":"http:\/\/blogdalucianaoliveira.com.br\/blog\/?p=27335"},"modified":"2020-04-03T11:10:48","modified_gmt":"2020-04-03T15:10:48","slug":"bolsonaro-e-seus-robos-como-funciona-a-propagacao-de-fake-news-sobre-o-coronavirus","status":"publish","type":"post","link":"http:\/\/blogdalucianaoliveira.com.br\/blog\/2020\/04\/03\/bolsonaro-e-seus-robos-como-funciona-a-propagacao-de-fake-news-sobre-o-coronavirus\/","title":{"rendered":"Bolsonaro e seus rob\u00f4s: como funciona a propaga\u00e7\u00e3o de fake news sobre o coronav\u00edrus"},"content":{"rendered":"\n<figure class=\"wp-block-image\"><img data-recalc-dims=\"1\" decoding=\"async\" src=\"https:\/\/i0.wp.com\/img.brasildefato.com.br\/media\/9fe4a6e2ce57fcfd6d82189d16662ee0.jpeg?w=600&#038;ssl=1\" alt=\"\"\/><\/figure>\n\n\n\n<h4 class=\"wp-block-heading\">Pesquisadores da Unicamp analisam not\u00edcias falsas geradas pela fam\u00edlia Bolsonaro e compartilhadas nas redes sociais<\/h4>\n\n\n\n<!--more-->\n\n\n\n<p>Marina Duarte de SouzaBrasil de Fato | S\u00e3o Paulo (SP) <\/p>\n\n\n\n<p>Mesmo depois do&nbsp;<a href=\"https:\/\/www.brasildefato.com.br\/2020\/03\/30\/twitter-facebook-e-instagram-apagam-publicacoes-de-bolsonaro-dano-real-as-pessoas\">Twitter, Facebook e Instagram apagarem as publica\u00e7\u00f5es do presidente Jair Bolsonaro<\/a>&nbsp;(sem partido) por entenderem que os conte\u00fados causavam \u201cdesinforma\u00e7\u00e3o\u201d e provocavam \u201cdanos reais \u00e0s pessoas\u201d,&nbsp;o&nbsp;presidente segue propagando not\u00edcias falsas sobre a&nbsp;<a href=\"https:\/\/www.brasildefato.com.br\/minuto-a-minuto\/coronavirus-no-brasil\">pandemia do coronav\u00edrus<\/a>&nbsp;em pronunciamentos, nas ruas e nas redes.<\/p>\n\n\n\n<p>De acordo com&nbsp;Leandro Tessler, do Grupo de Estudos da Desinforma\u00e7\u00e3o em Redes Sociais (EDReS) da Universidade Estadual de Campinas, a difus\u00e3o de conte\u00fados falsos que tem origem nos perfis de Bolsonaro e de seus aliados conta com uma rede de&nbsp;<em>boots&nbsp;<\/em>\u2013 usu\u00e1rios rob\u00f4s&nbsp;\u2013, que atuam espalhando massivamente a publica\u00e7\u00e3o.<\/p>\n\n\n\n<p>O grupo interdisciplinar com pesquisadores de diversas \u00e1reas criou uma&nbsp;<em>hotline<\/em>&nbsp;\u2013 esp\u00e9cie de canal de den\u00fancias \u2013&nbsp;no WhatsApp para mapear e combater as fake news sobre o novo coronav\u00edrus nas redes sociais. Desde o in\u00edcio de mar\u00e7o, j\u00e1 foram reunidos mais de&nbsp;8 mil contatos e 30 mil den\u00fancias, que est\u00e3o sendo classificadas por intelig\u00eancia artificial e depois ser\u00e3o estudadas para identificar as motiva\u00e7\u00f5es dos compartilhamentos e ainda suas fontes nas redes sociais, Instagram, Twitter, YouTube e Facebook.<\/p>\n\n\n\n<p>Mesmo antes da an\u00e1lise final dos dados, Tessler destaca que \u00e9 poss\u00edvel observar v\u00ednculo direto entre desinforma\u00e7\u00f5es de cunho pol\u00edtico e os discursos\u00a0do presidente. \u201cMais recentemente, o que eu tenho visto\u00a0\u00e9 que vinham circulando na semana passada muita coisa de v\u00edrus chin\u00eas. Dizendo que isso \u00e9 um plano deliberado chin\u00eas para abaixar os mercados do mundo, comprar empresas a pre\u00e7os baixo e dominar o mundo. Parece desenho animado\u201d, conta ele.<br><br>A fake news citada por Tessler iniciou na conta de um dos filhos do presidente Jair Bolsonaro, deputado federal Eduardo Bolsonaro (sem partido-SP). Um dia ap\u00f3s a\u00a0postagem, feita no dia 18, a\u00a0<a href=\"https:\/\/apublica.org\/2020\/03\/robos-levantaram-hashtag-que-acusa-china-pelo-coronavirus\/\">reportagem da Ag\u00eancia P\u00fablica<\/a>\u00a0chegou a identificar 94 mil tu\u00edtes e retu\u00edtes \u2013 uma m\u00e9dia de 3 por segundo \u2013\u00a0de perfis automatizados no Twitter com a hashtag #VirusChines.<br><\/p>\n\n\n\n<figure class=\"wp-block-image\"><img data-recalc-dims=\"1\" decoding=\"async\" src=\"https:\/\/i0.wp.com\/img.brasildefato.com.br\/media\/5c7f05e8a0c96503f395d359e330c346.jpeg?w=600&#038;ssl=1\" alt=\"\"\/><\/figure>\n\n\n\n<p>Um levantamento feito pelo\u00a0<strong>Brasil de Fato<\/strong>, entre os dias 27\u00a0e 31 de mar\u00e7o, apontou a circula\u00e7\u00e3o da fake news de que o embaixador da China teria sido descoberto pelo servi\u00e7o de intelig\u00eancia. A informa\u00e7\u00e3o tem circulado em grupos de Whatsapp, mas tamb\u00e9m rodou no Twitter, no dia 30 de mar\u00e7o, por usu\u00e1rios rob\u00f4s. Um total de 139 tweets, 66\u00a0retweets e outras intera\u00e7\u00f5es.<br><\/p>\n\n\n\n<figure class=\"wp-block-image\"><img data-recalc-dims=\"1\" decoding=\"async\" src=\"https:\/\/i0.wp.com\/img.brasildefato.com.br\/media\/948e158b4c78d2dd8db9410fe76efe41.jpeg?w=600&#038;ssl=1\" alt=\"\"\/><\/figure>\n\n\n\n<p>\u201cEssa tem menos consequ\u00eancia pr\u00e1tica, essa vai ter uma consequ\u00eancia social de racismo e xenofobia. Agora com o coronav\u00edrus t\u00eam algumas not\u00edcias falsas que s\u00e3o muito perigosas pra gente. Isso coloca as pessoas em risco de vida. Quando o presidente manda as pessoas sa\u00edrem de casa, porque est\u00e1 tudo normal desde que elas tenham mais de 60 anos, isso coloca as pessoas em risco de vida\u201d, comenta Tessler.<\/p>\n\n\n\n<p>Borracheiro<\/p>\n\n\n\n<figure class=\"wp-block-image\"><img data-recalc-dims=\"1\" decoding=\"async\" src=\"https:\/\/i0.wp.com\/img.brasildefato.com.br\/media\/f39446e2ef6d8cf27a94390503c89eeb.jpeg?w=600&#038;ssl=1\" alt=\"\"\/><\/figure>\n\n\n\n<p>\u201cGente ! O primo do porteiro aqui do pr\u00e9dio morreu pq foi trocar o pneu do caminh\u00e3o e o pneu estourou no rosto dele. Receberam o atestado de \u00f3bito como se fosse o covid 19. Eles est\u00e3o indignados\u201d.&nbsp;Esta foi outra fake news divulgada por boots esta semana.<\/p>\n\n\n\n<p>O governo de Pernambuco chegou a soltar nota explicando a realidade dos fatos, no dia 23 de mar\u00e7o, de que o homem de 57 anos estava com suspeita de coronav\u00edrus, mas que ap\u00f3s exame foi confirmado que a causa do \u00f3bito foi o v\u00edrus influenza. O n\u00famero n\u00e3o foi contabilizado na epidemia e o restante da hist\u00f3ria foi inventada para acompanhar o documento falso.<\/p>\n\n\n\n<p>No dia 30, Jair Bolsonaro chegou comentar a desinforma\u00e7\u00e3o durante entrevista por telefone ao programa Alerta Nacional, da emissora RedeTV! Quem citou primeiro a hist\u00f3ria do borracheiro foi o apresentador Sik\u00eara J\u00fanior, na sequ\u00eancia o presidente confirmou e aproveitou para &nbsp;acusar governadores de inflar o n\u00famero de mortes por coronav\u00edrus nos estados.<\/p>\n\n\n\n<p>Ap\u00f3s a fala de Bolsonaro, o levantamento do&nbsp;<strong>Brasil de Fato<\/strong>&nbsp;registrou&nbsp;3.062 retweets e 33.320 intera\u00e7\u00f5es em posts de rob\u00f4s com a hist\u00f3ria falsa do borracheiro, s\u00f3 nos \u00faltimos tr\u00eas dias.<\/p>\n\n\n\n<p>A falsa cura<\/p>\n\n\n\n<p>Entre as graves consequ\u00eancias de not\u00edcias falsas, o cientista cita outra outra indica\u00e7\u00e3o do presidente que tem circulado nas redes que \u00e9 o uso de\u00a0<a href=\"https:\/\/www.brasildefato.com.br\/2020\/03\/25\/mandetta-diz-que-pode-rever-quarentena-desaconselha-cloroquina-e-nega-demissao\">hidroxicloroquina ou cloroquina<\/a>\u00a0no tratamento contra a covid-19, medicamento que n\u00e3o tem efic\u00e1cia comprovada.<\/p>\n\n\n\n<p>As postagens exclu\u00eddas pelas redes sociais mostram justamente&nbsp;<a href=\"https:\/\/www.brasildefato.com.br\/2020\/03\/29\/bolsonaro-ignora-recomendacao-de-isolamento-contra-coronavirus-e-visita-comercio\">Bolsonaro circulando nos com\u00e9rcios de Taguatinga<\/a>&nbsp;e Sobradinho, interagindo com a popula\u00e7\u00e3o local e recomendando que se utilize o rem\u00e9dio.<\/p>\n\n\n\n<p>\u201cN\u00e3o tem absolutamente nada que sustente o tratamento com a cloroquina, n\u00e3o existe nenhuma evid\u00eancia de que ela trata pessoas infectadas pelo coronav\u00edrus. Funcionar em vitro funcional a partir de uma certa dose qualquer coisa mata qualquer coisa, n\u00e3o \u00e9 dose que o nosso corpo possa tolerar. Os ensaios cl\u00ednicos que a gente tem at\u00e9 agora s\u00e3o ou de muito m\u00e1 qualidade, que \u00e9 aquele ensaio franc\u00eas que o pr\u00f3prio Bolsonaro gosta de citar\u201d, explica Tessler, que, como cientista, tamb\u00e9m acompanha o caso e afirma que h\u00e1 interesses por parte do governo, porque o Brasil entrou nos protocolos de interesse internacionais para a produ\u00e7\u00e3o do medicamento.<\/p>\n\n\n\n<p>Nesse sentido, outro filho do presidente, o senador pelo Rio de janeiro Fl\u00e1vio Bolsonaro (sem partido), tamb\u00e9m espalhou uma fake news com uma foto de paciente internado que teria sido supostamente\u00a0curado pelo medicamento. A informa\u00e7\u00e3o foi desmentida pela fam\u00edlia que aparece na foto. Tratava-se de uma interna\u00e7\u00e3o antiga, e ningu\u00e9m da fam\u00edlia havia contra\u00eddo o coronav\u00edrus.<br><\/p>\n\n\n\n<figure class=\"wp-block-image\"><img data-recalc-dims=\"1\" decoding=\"async\" src=\"https:\/\/i0.wp.com\/img.brasildefato.com.br\/media\/405e40b3f2ed6726b0835e155527f594.jpeg?w=600&#038;ssl=1\" alt=\"\"\/><\/figure>\n\n\n\n<p>A pesquisa de desinforma\u00e7\u00f5es em torno da covid-19 levantou que outros v\u00eddeos e depoimentos de pessoas supostamente curadas pelo medicamento e supostos intelectuais afirmando a comprova\u00e7\u00e3o do medicamento para tratar coronav\u00edrus continuam circulando nas redes.<\/p>\n\n\n\n<p>A an\u00e1lise do EDReS permite aferir que as motiva\u00e7\u00f5es para a propaga\u00e7\u00e3o desse tipo de\u00a0fake news variam\u00a0desde bolsonaristas que querem que o que o \u201cBolsonaro falou seja verdade\u201d, define o professor, ao apelo emocional das mensagens. \u201cAs pessoas querem muito que tenha cura e acabam caindo nisso\u201d, esclarece Tessler, que alerta que\u00a0as informa\u00e7\u00f5es disseminadas por rob\u00f4s t\u00eam efeito psicol\u00f3gico nas pessoas.<br><\/p>\n\n\n\n<p>A fal\u00e1cia do isolamento vertical&nbsp;<\/p>\n\n\n\n<p>V\u00eddeos de depoimentos de trabalhadores e empres\u00e1rios que supostamente denunciam os problemas causados pelo isolamento horizontal, como de caminhoneiros, empres\u00e1rios, ambulantes, tamb\u00e9m saltam nas redes do presidente e seus filhos, assim como nas p\u00e1ginas da popula\u00e7\u00e3o em geral.<br><br>&nbsp;<\/p>\n\n\n\n<figure class=\"wp-block-image\"><img data-recalc-dims=\"1\" decoding=\"async\" src=\"https:\/\/i0.wp.com\/img.brasildefato.com.br\/media\/2ce207faae9c2f5ec322c364aab6945b.jpeg?w=600&#038;ssl=1\" alt=\"\"\/><\/figure>\n\n\n\n<p><br>Nos v\u00eddeos que publicou, Bolsonaro tentava di\u00e1logo com comerciantes informais \/ Reprodu\u00e7\u00e3o\/Twitter<\/p>\n\n\n\n<p>Um exemplo \u00e9 o pr\u00f3prio depoimento no v\u00eddeo bloqueado, em que o ambulante que&nbsp;<a href=\"https:\/\/www.brasildefato.com.br\/2020\/03\/29\/bolsonaro-ignora-recomendacao-de-isolamento-contra-coronavirus-e-visita-comercio\">conversa com Bolsonaro nas ruas de Bras\u00edlia<\/a>. \u201cA gente tem que trabalhar, a morte est\u00e1 a\u00ed mas seja o que Deus quiser\u201d, afirma o trabalhador ao presidente que concorda.<\/p>\n\n\n\n<p><strong><a href=\"https:\/\/www.brasildefato.com.br\/2020\/03\/24\/na-tv-bolsonaro-faz-pouco-caso-do-coronavirus-e-pede-volta-a-normalidade\">::Na TV, Bolsonaro faz pouco caso do coronav\u00edrus e pede volta \u00e0 normalidade::<\/a><\/strong><\/p>\n\n\n\n<p>Os conte\u00fados respondem&nbsp;<a href=\"https:\/\/www.brasildefato.com.br\/2020\/03\/24\/na-tv-bolsonaro-faz-pouco-caso-do-coronavirus-e-pede-volta-a-normalidade\">a pronunciamentos de Bolsonaro em rede nacional<\/a>, pedindo o fim da quarentena e contrariando&nbsp;as recomenda\u00e7\u00f5es de autoridades cient\u00edficas e sanit\u00e1rias nacionais e internacionais, como a Organiza\u00e7\u00e3o Mundial da Sa\u00fade (OMS).<\/p>\n\n\n\n<p>Numa aparente mudan\u00e7a de postura, em seu \u00faltimo pronunciamento, na ter\u00e7a (31)<a href=\"https:\/\/www.brasildefato.com.br\/2020\/03\/31\/em-rede-nacional-bolsonaro-volta-a-mentir-sobre-discurso-de-presidente-da-oms\">, o presidente ainda distorceu o discurso do do presidente da Organiza\u00e7\u00e3o Mundial da Sa\u00fade, Tedros Adhanom<\/a>. A tentativa de Bolsonaro era mostrar que o pronunciamento do l\u00edder da OMS estava de acordo com suas ideias de n\u00e3o realizar isolamento social.<\/p>\n\n\n\n<p>&#8220;As pessoas saem nas ruas, v\u00eaem tudo normal, inicialmente n\u00e3o sentem os sintomas. Da\u00ed vem o presidente dizendo que elas tem que voltar ao trabalho, que precisamos ganhar, que \u00e9 s\u00f3 fazer o isolamento vertical em lugar de fazer os recursos das pessoas chegarem, que me parece a melhor solu\u00e7\u00e3o essa que foi aprovada no Congresso, e atrasar a implementa\u00e7\u00e3o dessa solu\u00e7\u00e3o como uma maneira saiam de casa, porque as pessoas saiam de casa. \u00c9 pura desinforma\u00e7\u00e3o\u201d, analisa Tessler.<\/p>\n\n\n\n<p>Denuncie fake news<\/p>\n\n\n\n<p>Para repassar informa\u00e7\u00f5es falsas para o Grupo de Estudos da Desinforma\u00e7\u00e3o em Redes Sociais (EDReS) da Unicamp sobre o coronav\u00edrus basta enviar uma mensagem via WhastApp para o n\u00famero (19) 99327-8829.<\/p>\n\n\n\n<p>Edi\u00e7\u00e3o: Rodrigo Chagas<br><\/p>\n","protected":false},"excerpt":{"rendered":"<p>Pesquisadores da Unicamp analisam not\u00edcias falsas geradas pela fam\u00edlia Bolsonaro e compartilhadas nas redes sociais<\/p>\n","protected":false},"author":1,"featured_media":0,"comment_status":"closed","ping_status":"open","sticky":false,"template":"","format":"standard","meta":{"_exactmetrics_skip_tracking":false,"_exactmetrics_sitenote_active":false,"_exactmetrics_sitenote_note":"","_exactmetrics_sitenote_category":0,"jetpack_post_was_ever_published":false,"_jetpack_newsletter_access":"","_jetpack_dont_email_post_to_subs":false,"_jetpack_newsletter_tier_id":0,"_jetpack_memberships_contains_paywalled_content":false,"_jetpack_memberships_contains_paid_content":false,"footnotes":"","jetpack_publicize_message":"","jetpack_publicize_feature_enabled":true,"jetpack_social_post_already_shared":true,"jetpack_social_options":{"image_generator_settings":{"template":"highway","enabled":false},"version":2}},"categories":[1],"tags":[],"class_list":["post-27335","post","type-post","status-publish","format-standard","hentry","category-notas"],"jetpack_publicize_connections":[],"jetpack_sharing_enabled":true,"jetpack_featured_media_url":"","jetpack_shortlink":"https:\/\/wp.me\/p7wKYW-76T","jetpack-related-posts":[],"_links":{"self":[{"href":"http:\/\/blogdalucianaoliveira.com.br\/blog\/wp-json\/wp\/v2\/posts\/27335","targetHints":{"allow":["GET"]}}],"collection":[{"href":"http:\/\/blogdalucianaoliveira.com.br\/blog\/wp-json\/wp\/v2\/posts"}],"about":[{"href":"http:\/\/blogdalucianaoliveira.com.br\/blog\/wp-json\/wp\/v2\/types\/post"}],"author":[{"embeddable":true,"href":"http:\/\/blogdalucianaoliveira.com.br\/blog\/wp-json\/wp\/v2\/users\/1"}],"replies":[{"embeddable":true,"href":"http:\/\/blogdalucianaoliveira.com.br\/blog\/wp-json\/wp\/v2\/comments?post=27335"}],"version-history":[{"count":1,"href":"http:\/\/blogdalucianaoliveira.com.br\/blog\/wp-json\/wp\/v2\/posts\/27335\/revisions"}],"predecessor-version":[{"id":27336,"href":"http:\/\/blogdalucianaoliveira.com.br\/blog\/wp-json\/wp\/v2\/posts\/27335\/revisions\/27336"}],"wp:attachment":[{"href":"http:\/\/blogdalucianaoliveira.com.br\/blog\/wp-json\/wp\/v2\/media?parent=27335"}],"wp:term":[{"taxonomy":"category","embeddable":true,"href":"http:\/\/blogdalucianaoliveira.com.br\/blog\/wp-json\/wp\/v2\/categories?post=27335"},{"taxonomy":"post_tag","embeddable":true,"href":"http:\/\/blogdalucianaoliveira.com.br\/blog\/wp-json\/wp\/v2\/tags?post=27335"}],"curies":[{"name":"wp","href":"https:\/\/api.w.org\/{rel}","templated":true}]}}