{"id":27341,"date":"2020-04-03T13:52:15","date_gmt":"2020-04-03T17:52:15","guid":{"rendered":"http:\/\/blogdalucianaoliveira.com.br\/blog\/?p=27341"},"modified":"2020-04-03T13:52:18","modified_gmt":"2020-04-03T17:52:18","slug":"blo-entrevista-brasileira-em-roma-chora-ao-pedir-que-fiquem-em-casa-contra-covid-19","status":"publish","type":"post","link":"http:\/\/blogdalucianaoliveira.com.br\/blog\/2020\/04\/03\/blo-entrevista-brasileira-em-roma-chora-ao-pedir-que-fiquem-em-casa-contra-covid-19\/","title":{"rendered":"BLO entrevista: Brasileira em Roma chora ao pedir que fiquem em casa contra Covid-19"},"content":{"rendered":"\n<figure class=\"wp-block-embed-youtube wp-block-embed is-type-video is-provider-youtube wp-embed-aspect-16-9 wp-has-aspect-ratio\"><div class=\"wp-block-embed__wrapper\">\n<div class=\"jetpack-video-wrapper\"><iframe loading=\"lazy\" title=\"BLO Entrevista: Ivanilde Carvalho, de Roma - It\u00e1lia\" width=\"600\" height=\"338\" src=\"https:\/\/www.youtube.com\/embed\/edB5432i_Gs?feature=oembed\" frameborder=\"0\" allow=\"accelerometer; autoplay; clipboard-write; encrypted-media; gyroscope; picture-in-picture; web-share\" referrerpolicy=\"strict-origin-when-cross-origin\" allowfullscreen><\/iframe><\/div>\n<\/div><figcaption><br><\/figcaption><\/figure>\n\n\n\n<p>BLO entrevista Ivanilde Carvalho, ativista nascida em Guajar\u00e1-Mirim que mora em Roma h\u00e1 17 anos.<\/p>\n\n\n\n<p>Ela fala sobre como v\u00e3o as coisas pela cidade eterna e emocionada, pede que seus conterr\u00e2neos n\u00e3o repitam o erro de minimizar o perigo da pandemia que j\u00e1 matou mais de um milh\u00e3o de pessoas no mundo.<br><\/p>\n","protected":false},"excerpt":{"rendered":"<p>BLO entrevista Ivanilde Carvalho, ativista nascida em Guajar\u00e1-Mirim que mora em Roma h\u00e1 17 anos. Ela fala sobre como v\u00e3o as coisas pela cidade eterna e emocionada, pede que seus conterr\u00e2neos n\u00e3o repitam o erro de minimizar o perigo da pandemia que j\u00e1 matou mais de um milh\u00e3o de pessoas no mundo.<\/p>\n","protected":false},"author":1,"featured_media":0,"comment_status":"closed","ping_status":"open","sticky":false,"template":"","format":"standard","meta":{"_exactmetrics_skip_tracking":false,"_exactmetrics_sitenote_active":false,"_exactmetrics_sitenote_note":"","_exactmetrics_sitenote_category":0,"jetpack_post_was_ever_published":false,"_jetpack_newsletter_access":"","_jetpack_dont_email_post_to_subs":false,"_jetpack_newsletter_tier_id":0,"_jetpack_memberships_contains_paywalled_content":false,"_jetpack_memberships_contains_paid_content":false,"footnotes":"","jetpack_publicize_message":"","jetpack_publicize_feature_enabled":true,"jetpack_social_post_already_shared":true,"jetpack_social_options":{"image_generator_settings":{"template":"highway","enabled":false},"version":2}},"categories":[1],"tags":[],"class_list":["post-27341","post","type-post","status-publish","format-standard","hentry","category-notas"],"jetpack_publicize_connections":[],"jetpack_sharing_enabled":true,"jetpack_featured_media_url":"","jetpack_shortlink":"https:\/\/wp.me\/p7wKYW-76Z","jetpack-related-posts":[],"_links":{"self":[{"href":"http:\/\/blogdalucianaoliveira.com.br\/blog\/wp-json\/wp\/v2\/posts\/27341","targetHints":{"allow":["GET"]}}],"collection":[{"href":"http:\/\/blogdalucianaoliveira.com.br\/blog\/wp-json\/wp\/v2\/posts"}],"about":[{"href":"http:\/\/blogdalucianaoliveira.com.br\/blog\/wp-json\/wp\/v2\/types\/post"}],"author":[{"embeddable":true,"href":"http:\/\/blogdalucianaoliveira.com.br\/blog\/wp-json\/wp\/v2\/users\/1"}],"replies":[{"embeddable":true,"href":"http:\/\/blogdalucianaoliveira.com.br\/blog\/wp-json\/wp\/v2\/comments?post=27341"}],"version-history":[{"count":1,"href":"http:\/\/blogdalucianaoliveira.com.br\/blog\/wp-json\/wp\/v2\/posts\/27341\/revisions"}],"predecessor-version":[{"id":27342,"href":"http:\/\/blogdalucianaoliveira.com.br\/blog\/wp-json\/wp\/v2\/posts\/27341\/revisions\/27342"}],"wp:attachment":[{"href":"http:\/\/blogdalucianaoliveira.com.br\/blog\/wp-json\/wp\/v2\/media?parent=27341"}],"wp:term":[{"taxonomy":"category","embeddable":true,"href":"http:\/\/blogdalucianaoliveira.com.br\/blog\/wp-json\/wp\/v2\/categories?post=27341"},{"taxonomy":"post_tag","embeddable":true,"href":"http:\/\/blogdalucianaoliveira.com.br\/blog\/wp-json\/wp\/v2\/tags?post=27341"}],"curies":[{"name":"wp","href":"https:\/\/api.w.org\/{rel}","templated":true}]}}