{"id":2743,"date":"2016-07-31T20:04:26","date_gmt":"2016-08-01T00:04:26","guid":{"rendered":"http:\/\/blogdalucianaoliveira.com.br\/blog\/?p=2743"},"modified":"2016-07-31T20:08:24","modified_gmt":"2016-08-01T00:08:24","slug":"militantes-da-direita-confundem-ate-bandeira-do-flamengo-com-a-do-pt-a-policia-impediu-mais-um-o-ataque-insano","status":"publish","type":"post","link":"http:\/\/blogdalucianaoliveira.com.br\/blog\/2016\/07\/31\/militantes-da-direita-confundem-ate-bandeira-do-flamengo-com-a-do-pt-a-policia-impediu-mais-um-o-ataque-insano\/","title":{"rendered":"&#8216;Militantes&#8217; da direita atacam trabalhador, de novo, por causa de uma bandeira vermelha."},"content":{"rendered":"<div class=\"fb-video\" data-allowfullscreen=\"true\" data-href=\"https:\/\/www.facebook.com\/midiaNINJA\/videos\/690829537741861\/\"><\/div>\n<p>Por Jornalistas Livres <\/p>\n<p>Durante o ato pr\u00f3 governo interino e ileg\u00edtimo, enquanto manifestantes gritavam &#8220;a nossa bandeira jamais ser\u00e1 vermelha&#8221; um dos manifestantes viu uma bandeira do Brasil com cores vermelhas em um quiosque da praia. <!--more--><\/p>\n<p>Cerca de 50 pessoas seguiram em dire\u00e7\u00e3o ao quiosque gritando \u201cisso \u00e9 crime\u201d com a inten\u00e7\u00e3o de agredir os trabalhadores, propriet\u00e1rios da barraca. <\/p>\n<p>Uma trabalhadora sofreu amea\u00e7as e foi agredida fisicamente e verbalmente por um homem que vestia uma blusa do Brasil rasgada, uma faca no pesco\u00e7o, \u00f3culos de vespa verde e cartaz com os dizeres: morte aos vermes dos tr\u00eas podres poderes &#8211; este, na mesma ocasi\u00e3o, tamb\u00e9m agrediu outras pessoas que defendiam a integridade do quiosque. A pol\u00edcia, sobre as agress\u00f5es, nada fez e para saciar o desejo da direita raivosa &#8211; que se pendurou na barraca, ofendeu, agrediu, bravejou e espumou xingamentos, e que n\u00e3o suporta viver em democracia &#8211; apreendeu a bandeira. <\/p>\n<p>Os manifestantes pr\u00f3 temer, dos intitulados Patriotas Pelo Brasil, seguiram agredindo a trabalhadora com ofensas e dizendo que a bandeira deveria ser queimada e os comerciantes deveriam ser presos. Diziam &#8220;quer comunismo? Vai pra Cuba, naquelas favelas&#8221;. A bandeira n\u00e3o tinha nenhuma representatividade pol\u00edtica para a vendedora agredida, era um presente de um cliente. Segundo a trabalhadora, depois de hoje, ficou ainda mais claro o cen\u00e1rio pol\u00edtico brasileiro, e ela afirma estar ainda mais decidida pelo #ForaTemer.<\/p>\n<p>V\u00eddeo: M\u00eddia NINJA<\/p>\n","protected":false},"excerpt":{"rendered":"<p>Por Jornalistas Livres Durante o ato pr\u00f3 governo interino e ileg\u00edtimo, enquanto manifestantes gritavam &#8220;a nossa bandeira jamais ser\u00e1 vermelha&#8221; um dos manifestantes viu uma bandeira do Brasil com cores vermelhas em um quiosque da praia.<\/p>\n","protected":false},"author":1,"featured_media":0,"comment_status":"closed","ping_status":"open","sticky":false,"template":"","format":"standard","meta":{"_exactmetrics_skip_tracking":false,"_exactmetrics_sitenote_active":false,"_exactmetrics_sitenote_note":"","_exactmetrics_sitenote_category":0,"jetpack_post_was_ever_published":false,"_jetpack_newsletter_access":"","_jetpack_dont_email_post_to_subs":false,"_jetpack_newsletter_tier_id":0,"_jetpack_memberships_contains_paywalled_content":false,"_jetpack_memberships_contains_paid_content":false,"footnotes":"","jetpack_publicize_message":"","jetpack_publicize_feature_enabled":true,"jetpack_social_post_already_shared":true,"jetpack_social_options":{"image_generator_settings":{"template":"highway","enabled":false},"version":2}},"categories":[1],"tags":[],"class_list":["post-2743","post","type-post","status-publish","format-standard","hentry","category-notas"],"jetpack_publicize_connections":[],"jetpack_sharing_enabled":true,"jetpack_featured_media_url":"","jetpack_shortlink":"https:\/\/wp.me\/p7wKYW-If","jetpack-related-posts":[],"_links":{"self":[{"href":"http:\/\/blogdalucianaoliveira.com.br\/blog\/wp-json\/wp\/v2\/posts\/2743","targetHints":{"allow":["GET"]}}],"collection":[{"href":"http:\/\/blogdalucianaoliveira.com.br\/blog\/wp-json\/wp\/v2\/posts"}],"about":[{"href":"http:\/\/blogdalucianaoliveira.com.br\/blog\/wp-json\/wp\/v2\/types\/post"}],"author":[{"embeddable":true,"href":"http:\/\/blogdalucianaoliveira.com.br\/blog\/wp-json\/wp\/v2\/users\/1"}],"replies":[{"embeddable":true,"href":"http:\/\/blogdalucianaoliveira.com.br\/blog\/wp-json\/wp\/v2\/comments?post=2743"}],"version-history":[{"count":6,"href":"http:\/\/blogdalucianaoliveira.com.br\/blog\/wp-json\/wp\/v2\/posts\/2743\/revisions"}],"predecessor-version":[{"id":2749,"href":"http:\/\/blogdalucianaoliveira.com.br\/blog\/wp-json\/wp\/v2\/posts\/2743\/revisions\/2749"}],"wp:attachment":[{"href":"http:\/\/blogdalucianaoliveira.com.br\/blog\/wp-json\/wp\/v2\/media?parent=2743"}],"wp:term":[{"taxonomy":"category","embeddable":true,"href":"http:\/\/blogdalucianaoliveira.com.br\/blog\/wp-json\/wp\/v2\/categories?post=2743"},{"taxonomy":"post_tag","embeddable":true,"href":"http:\/\/blogdalucianaoliveira.com.br\/blog\/wp-json\/wp\/v2\/tags?post=2743"}],"curies":[{"name":"wp","href":"https:\/\/api.w.org\/{rel}","templated":true}]}}