{"id":27596,"date":"2020-04-18T18:47:47","date_gmt":"2020-04-18T22:47:47","guid":{"rendered":"http:\/\/blogdalucianaoliveira.com.br\/blog\/?p=27596"},"modified":"2020-04-18T19:12:05","modified_gmt":"2020-04-18T23:12:05","slug":"exclusivo-audio-revela-que-diretor-ignorou-alerta-de-pronto-socorro-joao-paulo-ii-se-transformar-num-covidario","status":"publish","type":"post","link":"http:\/\/blogdalucianaoliveira.com.br\/blog\/2020\/04\/18\/exclusivo-audio-revela-que-diretor-ignorou-alerta-de-pronto-socorro-joao-paulo-ii-se-transformar-num-covidario\/","title":{"rendered":"EXCLUSIVO: \u00c1UDIO REVELA QUE DIRETOR IGNOROU ALERTA DE PRONTO SOCORRO JO\u00c3O PAULO II SE TRANSFORMAR NUM  \u2018COVID\u00c1RIO\u2019"},"content":{"rendered":"\n<figure class=\"wp-block-image size-large\"><img loading=\"lazy\" decoding=\"async\" width=\"1200\" height=\"551\" data-attachment-id=\"27593\" data-permalink=\"http:\/\/blogdalucianaoliveira.com.br\/blog\/30172800-31cc-4d22-9794-9af134be6b71\/\" data-orig-file=\"https:\/\/i0.wp.com\/blogdalucianaoliveira.com.br\/blog\/wp-content\/uploads\/2020\/04\/30172800-31CC-4D22-9794-9AF134BE6B71.jpeg?fit=1200%2C551\" data-orig-size=\"1200,551\" data-comments-opened=\"0\" data-image-meta=\"{&quot;aperture&quot;:&quot;0&quot;,&quot;credit&quot;:&quot;&quot;,&quot;camera&quot;:&quot;&quot;,&quot;caption&quot;:&quot;&quot;,&quot;created_timestamp&quot;:&quot;0&quot;,&quot;copyright&quot;:&quot;&quot;,&quot;focal_length&quot;:&quot;0&quot;,&quot;iso&quot;:&quot;0&quot;,&quot;shutter_speed&quot;:&quot;0&quot;,&quot;title&quot;:&quot;&quot;,&quot;orientation&quot;:&quot;0&quot;}\" data-image-title=\"30172800-31CC-4D22-9794-9AF134BE6B71\" data-image-description=\"\" data-image-caption=\"\" data-medium-file=\"https:\/\/i0.wp.com\/blogdalucianaoliveira.com.br\/blog\/wp-content\/uploads\/2020\/04\/30172800-31CC-4D22-9794-9AF134BE6B71.jpeg?fit=300%2C138\" data-large-file=\"https:\/\/i0.wp.com\/blogdalucianaoliveira.com.br\/blog\/wp-content\/uploads\/2020\/04\/30172800-31CC-4D22-9794-9AF134BE6B71.jpeg?fit=600%2C275\" src=\"https:\/\/i2.wp.com\/blogdalucianaoliveira.com.br\/blog\/wp-content\/uploads\/2020\/04\/30172800-31CC-4D22-9794-9AF134BE6B71.jpeg?fit=600%2C275\" alt=\"\" class=\"wp-image-27593\" srcset=\"https:\/\/i0.wp.com\/blogdalucianaoliveira.com.br\/blog\/wp-content\/uploads\/2020\/04\/30172800-31CC-4D22-9794-9AF134BE6B71.jpeg?w=1200 1200w, https:\/\/i0.wp.com\/blogdalucianaoliveira.com.br\/blog\/wp-content\/uploads\/2020\/04\/30172800-31CC-4D22-9794-9AF134BE6B71.jpeg?resize=300%2C138 300w, https:\/\/i0.wp.com\/blogdalucianaoliveira.com.br\/blog\/wp-content\/uploads\/2020\/04\/30172800-31CC-4D22-9794-9AF134BE6B71.jpeg?resize=1024%2C470 1024w, https:\/\/i0.wp.com\/blogdalucianaoliveira.com.br\/blog\/wp-content\/uploads\/2020\/04\/30172800-31CC-4D22-9794-9AF134BE6B71.jpeg?resize=768%2C353 768w, https:\/\/i0.wp.com\/blogdalucianaoliveira.com.br\/blog\/wp-content\/uploads\/2020\/04\/30172800-31CC-4D22-9794-9AF134BE6B71.jpeg?resize=653%2C300 653w\" sizes=\"auto, (max-width: 600px) 100vw, 600px\" \/><figcaption>Ilustra\u00e7\u00e3o Revista Piau\u00ed<\/figcaption><\/figure>\n\n\n\n<p><\/p>\n\n\n\n<p>Este blog recebeu e publica  na \u00edntegra um dossi\u00ea sobre o caso de contamina\u00e7\u00e3o de servidores por Covid-19 no Hospital e Pronto Socorro Jo\u00e3o Paulo II, em Porto Velho.<\/p>\n\n\n\n<p>O documento detalha den\u00fancias que foram reveladas na imprensa nos \u00faltimos dias, mas um \u00e1udio enviado em grupo de aplicativo denominado Comit\u00ea de Crise COVID-19, revela que o diretor do hospital, Diego Almeida, foi indiferente ao apelo para evitar o espalhamento da doen\u00e7a entre os servidores.<\/p>\n\n\n\n<!--more-->\n\n\n\n<p>Quando o primeiro caso de servidor com coronav\u00edrus foi confirmado, pediram a dire\u00e7\u00e3o que v\u00e1rias provid\u00eancias fossem tomadas.  <\/p>\n\n\n\n<p>\u201cNeglig\u00eancia, omiss\u00e3o e descaso com servidor p\u00fablico. Essa foi a t\u00f4nica adotada pela dire\u00e7\u00e3o\u201d, consta num trecho.<\/p>\n\n\n\n<p>O diretor mandou \u201cseguir o fluxo\u201d, ou seja, os servidores da linha de frente deveriam cumprir a verdadeira Via Crucis em busca de atendimento como qualquer cidad\u00e3o com suspeita de coronav\u00edrus. <\/p>\n\n\n\n<p>A seguir, os fatos narrados por servidores que tiveram\ngarantia de sigilo dos nomes para que n\u00e3o sejam ainda mais humilhados com\nqualquer tipo de retalia\u00e7\u00e3o.<\/p>\n\n\n\n<h4 class=\"wp-block-heading\"><strong>Descaso e omiss\u00e3o da Dire\u00e7\u00e3o M\u00e9dica do Hospital e Pronto Socorro Jo\u00e3o Paulo II transformam o hospital no \u201ccovid\u00e1rio\u201d de Rond\u00f4nia<\/strong> <\/h4>\n\n\n\n<p>Ao\nlongo desta semana, a Secretaria Estadual de Sa\u00fade, atrav\u00e9s do seu titular, o\nSr. Fernando M\u00e1ximo, tem dado \u00eanfase ao impacto que o desrespeito \u00e0s medidas de\nisolamento social causou no aumento do n\u00famero de casos.<\/p>\n\n\n\n<p>No\nentanto, este inquestion\u00e1vel fato esconde outra importante constata\u00e7\u00e3o: \u00e9\nposs\u00edvel que o HEPSJPII tenha se tornado o principal local de transmiss\u00e3o e de\ndissemina\u00e7\u00e3o da doen\u00e7a causada v\u00edrus COVID-19 em Porto Velho. E<\/p>\n\n\n\n<p>Os\nn\u00fameros s\u00e3o claro: no dia 17.04.2020, o Hospital CEMETRON, que \u00e9 a refer\u00eancia\nhospitalar para casos de COVID-19 em Porto Velho tinha 2 casos confirmados.\nApenas no HEPSJPII, 5 casos de servidores da sa\u00fade foram confirmados.<\/p>\n\n\n\n<p>N\u00e3o\nobstante, mais de 20 servidores foram afastados no dia 16.04.2020, por terem\ntido contato pr\u00f3ximo com um caso confirmado (um enfermeiro que desenvolveu\nsintomas da doen\u00e7a e testou positivo) e terem desenvolvido sintomas ao longo\ndos dias.<\/p>\n\n\n\n<p>E\no que est\u00e1 acontecendo ent\u00e3o no HEPSJPII?<\/p>\n\n\n\n<p>Como\nexplicar o adoecimento progressivo dos trabalhadores em sa\u00fade?<\/p>\n\n\n\n<p>Quais\nas a\u00e7\u00f5es concretas que a Dire\u00e7\u00e3o M\u00e9dica do HEPSJPII tem tomado para garantir a\nsa\u00fade e preservar a vida dos seus servidores?<\/p>\n\n\n\n<p><\/p>\n\n\n\n<h4 class=\"wp-block-heading\"> <strong>O paciente \u201czero\u201d<\/strong> <\/h4>\n\n\n\n<p>Foi\num enfermeiro o primeiro paciente a apresentar sintomas da doen\u00e7a causada v\u00edrus\nCOVID-19 dentro do HEPSJPII. Antes disso, havia trabalhado ao longo da semana\nno hospital, submetido a jornadas laborais exaustivas, em um espa\u00e7o insalubre e\nprop\u00edcio da dissemina\u00e7\u00e3o do v\u00edrus, dada as p\u00e9ssimas condi\u00e7\u00f5es de trabalho que\ns\u00e3o impostas historicamente aos servidores.<\/p>\n\n\n\n<p>No\ndia 08.04.2020&nbsp;<em>(vide artigo confirma\u00e7\u00e3o paciente zero)&nbsp;<\/em>o\npaciente foi submetido ao teste para COVID-19, com resultado dispon\u00edvel dia\n09.04.2020. Dados n\u00e3o confirmados e extraoficiais d\u00e3o conta que o enfermeiro em\nquest\u00e3o trabalhou nos dias 08 e 09 de abril.<\/p>\n\n\n\n<p>Diante\ndo inevit\u00e1vel e tr\u00e1gico acontecimento, qual deveria ter sido, al\u00e9m de afastar\nimediatamente o enfermeiro, a atitude que se esperava da Dire\u00e7\u00e3o M\u00e9dica do\nHEPSJPII?<\/p>\n\n\n\n<p>S\u00e3o\nv\u00e1rias a\u00e7\u00f5es, entre elas, deveria se garantir que os trabalhadores fossem\navaliados periodicamente em rela\u00e7\u00e3o \u00e0 sa\u00fade ocupacional, al\u00e9m do\ndesenvolvimento de planos de comunica\u00e7\u00e3o de emerg\u00eancia, incluindo espa\u00e7os e\ncanais de comunica\u00e7\u00e3o para responder \u00e0s preocupa\u00e7\u00f5es dos trabalhadores.<\/p>\n\n\n\n<p>Mais\nimportante ainda, a dire\u00e7\u00e3o m\u00e9dica do hospital deveria adotar ferramentas de\nmonitoramento da ocorr\u00eancia de transmiss\u00e3o interna do COVID-19 em pacientes e\ntrabalhadores, adotando medidas apropriadas para controle e mitiga\u00e7\u00e3o da\ntransmiss\u00e3o<\/p>\n\n\n\n<p>Por isso, os trabalhadores dos\nservi\u00e7os de sa\u00fade que apresentam S\u00edndrome Gripal ou S\u00edndrome Respirat\u00f3ria Aguda\nGrave ou com contatos pr\u00f3ximos nestas condi\u00e7\u00f5es dever\u00e3o ser afastados\nimediatamente do trabalho.<\/p>\n\n\n\n<p>\u00c9\nsabido que, dado as experi\u00eancias da pandemia na China, It\u00e1lia e mais\nrecentemente nos Estados Unidos, que al\u00e9m de se constitu\u00edrem como uma popula\u00e7\u00e3o\nextremante suscept\u00edvel ao cont\u00e1gio e a doen\u00e7a, os trabalhadores dos servi\u00e7os de\nsa\u00fade s\u00e3o essenciais no enfrentamento da COVID-19 no Brasil. Na It\u00e1lia, mais de\n12 mil profissionais da sa\u00fade contra\u00edram o v\u00edrus e mais de 100 foram a \u00f3bito.<\/p>\n\n\n\n<p>Diante\nda alt\u00edssima taxa de cont\u00e1gio, em especial nos profissionais de sa\u00fade,\nesperava-se uma postura de pr\u00f3-atividade da dire\u00e7\u00e3o m\u00e9dica do HEPSJII, em\nespecial vigil\u00e2ncia e monitoramento de todos os pacientes e profissionais que\ntiveram contato com e enfermeiro, para que se eventualmente desenvolvem-se\nsintomas, pudessem ser isolados e submetidos a testes para detec\u00e7\u00e3o viral.<\/p>\n\n\n\n<p>Mas\nnada disso aconteceu. Neglig\u00eancia, omiss\u00e3o e descaso com o servidor p\u00fablico.\nEssa foi a t\u00f4nica adotada pela Dire\u00e7\u00e3o M\u00e9dica do HEPSJPII.<\/p>\n\n\n\n<h4 class=\"wp-block-heading\"><strong>A indiferen\u00e7a a vida caminha a passos largos e o Hospital torna-se o principal local de dissemina\u00e7\u00e3o do v\u00edrus em Rond\u00f4nia<\/strong> <\/h4>\n\n\n\n<p>Atentos\nao sofrimento e ao supl\u00edcio que os profissionais de sa\u00fade t\u00eam sofrido, os\nprofissionais de enfermagem do hospital buscaram na Dire\u00e7\u00e3o M\u00e9dica do HEPSJPII\num ref\u00fagio para um evidente problema: o cont\u00e1gio progressivo e o adoecimento\nconstante dos seus pares.<\/p>\n\n\n\n<p>O\nque conseguiram? Indiferen\u00e7a descaso com a sa\u00fade dos servidores do\nHEPSJPII.&nbsp;<\/p>\n\n\n\n<p>A\nreda\u00e7\u00e3o teve acesso a conversas internas de grupo de WhatsApp do HEPSJPII, que\napontam para a gravidade dos fatos e materializam o descaso com o qual os\nservidores daquele hospital t\u00eam sofrido.<\/p>\n\n\n\n<p>No\ndia 16.04.2020, a Gerente de Enfermagem do Enfermagem do HEPSJPII, Cristiane\nChiarelli, externa suas preocupa\u00e7\u00f5es com a sa\u00fade f\u00edsica e mental dos servidores\ndo hospital, uma vez que in\u00fameros servidores come\u00e7aram a apresentar sintomas e\nnecessitavam de atendimento priorit\u00e1rio.<\/p>\n\n\n\n<p>Em mensagem enviada a um grupo privativo de WhatsApp denominado Comit\u00ea de Crise COVID-19, solicita encarecidamente o apoio da Dire\u00e7\u00e3o M\u00e9dica (Dr. Amaury \u2013 Diretor Geral; Dr. Diego Almeida \u2013 Diretor T\u00e9cnico; Dr. Nelson \u2013 Gerente M\u00e9dico) para atendimento dos servidores do HEPSJPII.<\/p>\n\n\n\n<figure class=\"wp-block-image size-large\"><img loading=\"lazy\" decoding=\"async\" width=\"819\" height=\"1434\" data-attachment-id=\"27594\" data-permalink=\"http:\/\/blogdalucianaoliveira.com.br\/blog\/7d183109-07ab-4a9d-bba6-9354366964e3\/\" data-orig-file=\"https:\/\/i0.wp.com\/blogdalucianaoliveira.com.br\/blog\/wp-content\/uploads\/2020\/04\/7D183109-07AB-4A9D-BBA6-9354366964E3.jpeg?fit=819%2C1434\" data-orig-size=\"819,1434\" data-comments-opened=\"0\" data-image-meta=\"{&quot;aperture&quot;:&quot;0&quot;,&quot;credit&quot;:&quot;&quot;,&quot;camera&quot;:&quot;&quot;,&quot;caption&quot;:&quot;&quot;,&quot;created_timestamp&quot;:&quot;0&quot;,&quot;copyright&quot;:&quot;&quot;,&quot;focal_length&quot;:&quot;0&quot;,&quot;iso&quot;:&quot;0&quot;,&quot;shutter_speed&quot;:&quot;0&quot;,&quot;title&quot;:&quot;&quot;,&quot;orientation&quot;:&quot;0&quot;}\" data-image-title=\"7D183109-07AB-4A9D-BBA6-9354366964E3\" data-image-description=\"\" data-image-caption=\"\" data-medium-file=\"https:\/\/i0.wp.com\/blogdalucianaoliveira.com.br\/blog\/wp-content\/uploads\/2020\/04\/7D183109-07AB-4A9D-BBA6-9354366964E3.jpeg?fit=171%2C300\" data-large-file=\"https:\/\/i0.wp.com\/blogdalucianaoliveira.com.br\/blog\/wp-content\/uploads\/2020\/04\/7D183109-07AB-4A9D-BBA6-9354366964E3.jpeg?fit=585%2C1024\" src=\"https:\/\/i0.wp.com\/blogdalucianaoliveira.com.br\/blog\/wp-content\/uploads\/2020\/04\/7D183109-07AB-4A9D-BBA6-9354366964E3.jpeg?fit=585%2C1024\" alt=\"\" class=\"wp-image-27594\" srcset=\"https:\/\/i0.wp.com\/blogdalucianaoliveira.com.br\/blog\/wp-content\/uploads\/2020\/04\/7D183109-07AB-4A9D-BBA6-9354366964E3.jpeg?w=819 819w, https:\/\/i0.wp.com\/blogdalucianaoliveira.com.br\/blog\/wp-content\/uploads\/2020\/04\/7D183109-07AB-4A9D-BBA6-9354366964E3.jpeg?resize=171%2C300 171w, https:\/\/i0.wp.com\/blogdalucianaoliveira.com.br\/blog\/wp-content\/uploads\/2020\/04\/7D183109-07AB-4A9D-BBA6-9354366964E3.jpeg?resize=585%2C1024 585w, https:\/\/i0.wp.com\/blogdalucianaoliveira.com.br\/blog\/wp-content\/uploads\/2020\/04\/7D183109-07AB-4A9D-BBA6-9354366964E3.jpeg?resize=768%2C1345 768w\" sizes=\"auto, (max-width: 600px) 100vw, 600px\" \/><\/figure>\n\n\n\n<p>A resposta do Diretor T\u00e9cnico, Dr. Diego Almeida, m\u00e9dico cirurgi\u00e3o, foi enf\u00e1tica na recusa: \u201cN\u00e3o podemos fazer atendimento no JP\u201d.<\/p>\n\n\n\n<p><\/p>\n\n\n\n<p>CONFIRA \u00c1UDIO:  <\/p>\n\n\n\n<figure class=\"wp-block-embed-soundcloud wp-block-embed is-type-rich is-provider-soundcloud wp-embed-aspect-4-3 wp-has-aspect-ratio\"><div class=\"wp-block-embed__wrapper\">\n<iframe loading=\"lazy\" title=\"\u00c1udio M\u00e9dica by Blog da Luciana Oliveira\" width=\"600\" height=\"400\" scrolling=\"no\" frameborder=\"no\" src=\"https:\/\/w.soundcloud.com\/player\/?visual=true&#038;url=https%3A%2F%2Fapi.soundcloud.com%2Ftracks%2F801858661&#038;show_artwork=true&#038;maxheight=900&#038;maxwidth=600\"><\/iframe>\n<\/div><\/figure>\n\n\n\n<p><\/p>\n\n\n\n<p>Com isso, cria-se um cen\u00e1rio de abandono e desresponsabiliza\u00e7\u00e3o frente a fr\u00e1gil situa\u00e7\u00e3o dos trabalhadores de sa\u00fade do HEPSJPII.<\/p>\n\n\n\n<p>Enfim,\nos servidores estavam a jogados a sua pr\u00f3pria sorte.<\/p>\n\n\n\n<h4 class=\"wp-block-heading\"><strong>Da omiss\u00e3o a responsabiliza\u00e7\u00e3o: deflagra-se o cont\u00e1gio do v\u00edrus e os servidores tombam no front de batalha<\/strong> <\/h4>\n\n\n\n<p>Diante da gravidade dos fatos,\nin\u00fameros outros servidores buscaram, em v\u00e3o, solucionar o descaso e o abandono\nao qual os servidores do HEPSJPII.<\/p>\n\n\n\n<p>Tivemos acesso a um \u00e1udio,\nsupostamente enviado pela Coordenadora da Unidade de Terapia Intensiva do HEPSJPII,\nDra. Thattiane Borba, que manifestara contrariedade e obje\u00e7\u00e3o frente as\natitudes irrespons\u00e1veis&nbsp; e omissas adotadas pela Dire\u00e7\u00e3o M\u00e9dica do\nhospital.<\/p>\n\n\n\n<p>Em\n\u00e1udio enviado ao Diretor T\u00e9cnico do Hospital (Dr. Diego Almeida), a m\u00e9dica\nintensivista adverte:<\/p>\n\n\n\n<p>\u201cEsse\nn\u00famero de servidores infectados dentro do Jo\u00e3o Paulo, ir\u00e1 nos trazer in\u00fameras\nconsequ\u00eancias. A gente vai chegar em uma situa\u00e7\u00e3o de dissemina\u00e7\u00e3o do v\u00edrus\ndentro do hospital que pode acarretar o fechamento do Pronto Socorro\u201d. E\ncontinua em tom de severidade:<\/p>\n\n\n\n<p>\u201cE\nse esse v\u00edrus acabar contaminando a UTI, a gente vai ter muitos \u00f3bitos l\u00e1\ndentro (dentro da UTI) e os servidores dali de dentro tamb\u00e9m v\u00e3o ficar\ndoentes\u201d. Cobra ainda, provid\u00eancias emergenciais, com a velocidade que a\npandemia exige:<\/p>\n\n\n\n<p>\u201cEnt\u00e3o\neu acho que Amaury, voc\u00ea e o Nelson que est\u00e3o a frente da Dire\u00e7\u00e3o, precisam\ndiscutir seriamente com Fernando o que vai ser feito daqui para frente\u201d.<\/p>\n\n\n\n<p>Suas\npalavras foram prof\u00e9ticas frente ao perigo que a situa\u00e7\u00e3o atual, de\ndissemina\u00e7\u00e3o do v\u00edrus dentro de uma unidade hospitalar do Estado. Mas\ninfelizmente, a Dire\u00e7\u00e3o M\u00e9dica do HEPSJPII fez \u201couvido de mercador\u201d para o\nalerta da m\u00e9dica. Suas recomenda\u00e7\u00f5es foram como \u201cpalavras ao vento\u201d.<\/p>\n\n\n\n<p>E\nmais cedo do que se esperava, a hist\u00f3ria cobrou seu pre\u00e7o.<\/p>\n\n\n\n<p>Nas\n\u00faltimas 24h, confirmou-se atrav\u00e9s de exames moleculares, o cont\u00e1gio de mais de\n5 servidores do Hospital Estadual e Pronto Socorro Jo\u00e3o Paulo II. Em menos de\n24h, mais de 26 trabalhadores, incluindo m\u00e9dicos, enfermeiros e t\u00e9cnicos de\nenfermagem foram afastados das suas atividades laborais, reduzindo ainda mais o\nn\u00famero de profissionais capacitados e aptos para cuidar da nossa popula\u00e7\u00e3o\ndurante luta contra a pandemia pelo COVID-19.<\/p>\n\n\n\n<p>Com\na palavra, aqueles que negligenciaram a quest\u00e3o!<\/p>\n\n\n\n<p>Com\na palavra, a Dire\u00e7\u00e3o M\u00e9dica do HEPSJPII!<\/p>\n","protected":false},"excerpt":{"rendered":"<p>Este blog recebeu e publica na \u00edntegra um dossi\u00ea sobre o caso de contamina\u00e7\u00e3o de servidores por Covid-19 no Hospital e Pronto Socorro Jo\u00e3o Paulo II, em Porto Velho. O documento detalha den\u00fancias que foram reveladas na imprensa nos \u00faltimos dias, mas um \u00e1udio enviado em grupo de aplicativo denominado Comit\u00ea de Crise COVID-19, revela&#8230;<a class=\"more-link\" href=\"http:\/\/blogdalucianaoliveira.com.br\/blog\/2020\/04\/18\/exclusivo-audio-revela-que-diretor-ignorou-alerta-de-pronto-socorro-joao-paulo-ii-se-transformar-num-covidario\/\">Continue a leitura <span class=\"meta-nav\">&raquo;<\/span><\/a><\/p>\n","protected":false},"author":1,"featured_media":0,"comment_status":"closed","ping_status":"open","sticky":false,"template":"","format":"standard","meta":{"_exactmetrics_skip_tracking":false,"_exactmetrics_sitenote_active":false,"_exactmetrics_sitenote_note":"","_exactmetrics_sitenote_category":0,"jetpack_post_was_ever_published":false,"_jetpack_newsletter_access":"","_jetpack_dont_email_post_to_subs":false,"_jetpack_newsletter_tier_id":0,"_jetpack_memberships_contains_paywalled_content":false,"_jetpack_memberships_contains_paid_content":false,"footnotes":"","jetpack_publicize_message":"","jetpack_publicize_feature_enabled":true,"jetpack_social_post_already_shared":true,"jetpack_social_options":{"image_generator_settings":{"template":"highway","enabled":false},"version":2}},"categories":[1],"tags":[355],"class_list":["post-27596","post","type-post","status-publish","format-standard","hentry","category-notas","tag-covid-19-jpii-servidores"],"jetpack_publicize_connections":[],"jetpack_sharing_enabled":true,"jetpack_featured_media_url":"","jetpack_shortlink":"https:\/\/wp.me\/p7wKYW-7b6","jetpack-related-posts":[],"_links":{"self":[{"href":"http:\/\/blogdalucianaoliveira.com.br\/blog\/wp-json\/wp\/v2\/posts\/27596","targetHints":{"allow":["GET"]}}],"collection":[{"href":"http:\/\/blogdalucianaoliveira.com.br\/blog\/wp-json\/wp\/v2\/posts"}],"about":[{"href":"http:\/\/blogdalucianaoliveira.com.br\/blog\/wp-json\/wp\/v2\/types\/post"}],"author":[{"embeddable":true,"href":"http:\/\/blogdalucianaoliveira.com.br\/blog\/wp-json\/wp\/v2\/users\/1"}],"replies":[{"embeddable":true,"href":"http:\/\/blogdalucianaoliveira.com.br\/blog\/wp-json\/wp\/v2\/comments?post=27596"}],"version-history":[{"count":5,"href":"http:\/\/blogdalucianaoliveira.com.br\/blog\/wp-json\/wp\/v2\/posts\/27596\/revisions"}],"predecessor-version":[{"id":27601,"href":"http:\/\/blogdalucianaoliveira.com.br\/blog\/wp-json\/wp\/v2\/posts\/27596\/revisions\/27601"}],"wp:attachment":[{"href":"http:\/\/blogdalucianaoliveira.com.br\/blog\/wp-json\/wp\/v2\/media?parent=27596"}],"wp:term":[{"taxonomy":"category","embeddable":true,"href":"http:\/\/blogdalucianaoliveira.com.br\/blog\/wp-json\/wp\/v2\/categories?post=27596"},{"taxonomy":"post_tag","embeddable":true,"href":"http:\/\/blogdalucianaoliveira.com.br\/blog\/wp-json\/wp\/v2\/tags?post=27596"}],"curies":[{"name":"wp","href":"https:\/\/api.w.org\/{rel}","templated":true}]}}