{"id":27602,"date":"2020-04-18T19:44:22","date_gmt":"2020-04-18T23:44:22","guid":{"rendered":"http:\/\/blogdalucianaoliveira.com.br\/blog\/?p=27602"},"modified":"2020-04-18T19:44:29","modified_gmt":"2020-04-18T23:44:29","slug":"lideranca-indigena-do-povo-uru-eu-wau-wau-e-assassinada-em-rondonia","status":"publish","type":"post","link":"http:\/\/blogdalucianaoliveira.com.br\/blog\/2020\/04\/18\/lideranca-indigena-do-povo-uru-eu-wau-wau-e-assassinada-em-rondonia\/","title":{"rendered":"Lideran\u00e7a ind\u00edgena do povo Uru-eu-wau-wau \u00e9 assassinada em Rond\u00f4nia"},"content":{"rendered":"\n<figure class=\"wp-block-image size-large\"><img data-recalc-dims=\"1\" loading=\"lazy\" decoding=\"async\" width=\"600\" height=\"600\" data-attachment-id=\"27603\" data-permalink=\"http:\/\/blogdalucianaoliveira.com.br\/blog\/2020\/04\/18\/lideranca-indigena-do-povo-uru-eu-wau-wau-e-assassinada-em-rondonia\/8119e295-1cc9-4a3d-a49f-8384872856cf\/\" data-orig-file=\"https:\/\/i0.wp.com\/blogdalucianaoliveira.com.br\/blog\/wp-content\/uploads\/2020\/04\/8119E295-1CC9-4A3D-A49F-8384872856CF.jpeg?fit=640%2C640\" data-orig-size=\"640,640\" data-comments-opened=\"0\" data-image-meta=\"{&quot;aperture&quot;:&quot;0&quot;,&quot;credit&quot;:&quot;&quot;,&quot;camera&quot;:&quot;&quot;,&quot;caption&quot;:&quot;&quot;,&quot;created_timestamp&quot;:&quot;1587238677&quot;,&quot;copyright&quot;:&quot;&quot;,&quot;focal_length&quot;:&quot;0&quot;,&quot;iso&quot;:&quot;0&quot;,&quot;shutter_speed&quot;:&quot;0&quot;,&quot;title&quot;:&quot;&quot;,&quot;orientation&quot;:&quot;1&quot;}\" data-image-title=\"8119E295-1CC9-4A3D-A49F-8384872856CF\" data-image-description=\"\" data-image-caption=\"\" data-medium-file=\"https:\/\/i0.wp.com\/blogdalucianaoliveira.com.br\/blog\/wp-content\/uploads\/2020\/04\/8119E295-1CC9-4A3D-A49F-8384872856CF.jpeg?fit=300%2C300\" data-large-file=\"https:\/\/i0.wp.com\/blogdalucianaoliveira.com.br\/blog\/wp-content\/uploads\/2020\/04\/8119E295-1CC9-4A3D-A49F-8384872856CF.jpeg?fit=600%2C600\" src=\"https:\/\/i0.wp.com\/blogdalucianaoliveira.com.br\/blog\/wp-content\/uploads\/2020\/04\/8119E295-1CC9-4A3D-A49F-8384872856CF.jpeg?resize=600%2C600\" alt=\"\" class=\"wp-image-27603\" srcset=\"https:\/\/i0.wp.com\/blogdalucianaoliveira.com.br\/blog\/wp-content\/uploads\/2020\/04\/8119E295-1CC9-4A3D-A49F-8384872856CF.jpeg?w=640 640w, https:\/\/i0.wp.com\/blogdalucianaoliveira.com.br\/blog\/wp-content\/uploads\/2020\/04\/8119E295-1CC9-4A3D-A49F-8384872856CF.jpeg?resize=300%2C300 300w, https:\/\/i0.wp.com\/blogdalucianaoliveira.com.br\/blog\/wp-content\/uploads\/2020\/04\/8119E295-1CC9-4A3D-A49F-8384872856CF.jpeg?resize=150%2C150 150w\" sizes=\"auto, (max-width: 600px) 100vw, 600px\" \/><\/figure>\n\n\n\n<h4 class=\"wp-block-heading\">Ari Uru-eu-wau-wau atuava como vigilante do territ\u00f3rio no munic\u00edpio de Jaru e vinha sendo amea\u00e7ado, segundo Apib<\/h4>\n\n\n\n<!--more-->\n\n\n\n<p>Reda\u00e7\u00e3oBrasil de Fato | S\u00e3o Paulo<\/p>\n\n\n\n<p>A&nbsp;<a href=\"http:\/\/apib.info\/2020\/04\/18\/alerta-apib-lideranca-indigena-assassinada-em-rondonia\/\">Articula\u00e7\u00e3o dos Povos Ind\u00edgenas do Brasil (Apib)<\/a>&nbsp;divulgou no final da tarde deste s\u00e1bado (18) o assassinato do ind\u00edgena&nbsp;Ari Uru-eu-wau-wau,&nbsp;no munic\u00edpio de Jaru, em Rond\u00f4nia. Esse povo \u00e9 um dos nove \u2013 dos quais quatro permanecem isolados \u2013&nbsp;que habitam a&nbsp;<a href=\"https:\/\/terrasindigenas.org.br\/pt-br\/terras-indigenas\/3891\">Terra Ind\u00edgena Uru-Eu-Wau-Wau<\/a>.<\/p>\n\n\n\n<p>Segundo a nota da Apib, ele\u00a0integrava o grupo de vigilantes e protetores do territ\u00f3rio do seu povo e estava amea\u00e7ado pelos criminosos respons\u00e1veis pelas invas\u00f5es e devasta\u00e7\u00f5es na regi\u00e3o. Ainda n\u00e3o h\u00e1 informa\u00e7\u00f5es sobre as circunst\u00e2ncias e a autoria do crime.<\/p>\n\n\n\n<p><br>Segundo a nota da Apib, ele\u00a0integrava o grupo de vigilantes e protetores do territ\u00f3rio do seu povo e estava amea\u00e7ado pelos criminosos respons\u00e1veis pelas invas\u00f5es e devasta\u00e7\u00f5es na regi\u00e3o. Ainda n\u00e3o h\u00e1 informa\u00e7\u00f5es sobre as circunst\u00e2ncias e a autoria do crime.<\/p>\n\n\n\n<p>&#8220;N\u00e3o estamos expostos apenas ao coronav\u00edrus, os crimes cometidos por madeireiros, garimpeiros e grileiros seguem intensos violando nossos direitos e destruindo nossa natureza.&#8221;<\/p>\n\n\n\n<p>A Apib destaca que o crime ocorre em um momento delicado para os povos ind\u00edgenas, em que se busca &#8220;intensificar a\u00e7\u00f5es de prote\u00e7\u00e3o&#8221; por conta do risco de contamina\u00e7\u00e3o em meio \u00e0&nbsp;<a href=\"https:\/\/www.brasildefato.com.br\/minuto-a-minuto\/coronavirus-no-brasil\">pandemia do coronav\u00edrus no Brasil.<\/a><\/p>\n\n\n\n<p>&#8220;N\u00e3o estamos expostos apenas ao coronav\u00edrus, os crimes cometidos por madeireiros, garimpeiros e grileiros seguem intensos violando nossos direitos e destruindo nossa natureza.&#8221;<\/p>\n\n\n\n<p>Desmatamento e invas\u00f5es<\/p>\n\n\n\n<p>De acordo com um&nbsp;<a href=\"https:\/\/terrasindigenas.org.br\/pt-br\/noticia\/204105\">levantamento do Instituto Socioambiental (ISA)<\/a>, em 2019, a \u00e1rea dos&nbsp;Uru-Eu-Wau-Wau esteve entre os 13 territ\u00f3rios que respondem por 90% do desmatamento em terras ind\u00edgenas na Amaz\u00f4nia brasileira.<\/p>\n\n\n\n<p>O ISA compilou dados do&nbsp;Instituto Nacional de Pesquisas Espaciais (Inpe) para estimar que as derrubadas cresceram 113% em territ\u00f3rio ind\u00edgena em rela\u00e7\u00e3o a 2018.<\/p>\n\n\n\n<p>Matan\u00e7a<\/p>\n\n\n\n<p><strong><a href=\"https:\/\/www.brasildefato.com.br\/2020\/04\/06\/ong-lanca-plataforma-on-line-com-dados-sobre-casos-de-covid-19-entre-indigenas\">::ONG lan\u00e7a plataforma on-line com dados sobre covid-19 entre ind\u00edgenas::<\/a><\/strong><\/p>\n\n\n\n<p>Ari Uru-eu-wau-wau foi o&nbsp;segundo ind\u00edgena morto violentamente em menos de 20 dias. O&nbsp;<a href=\"https:\/\/www.brasildefato.com.br\/2020\/03\/31\/lideranca-guajajara-e-assassinada-no-maranhao\">militante ind\u00edgena Zezico Rodrigues<\/a>, do povo Guajajara, foi morto com um tiro de espingarda, no dia 31 de mar\u00e7o,&nbsp;no munic\u00edpio de Arame, no Maranh\u00e3o.&nbsp;<\/p>\n\n\n\n<p>Diretor do Centro de Educa\u00e7\u00e3o Ind\u00edgena Azuru, Zezico foi o quinto ind\u00edgena assassinado no Maranh\u00e3o em pouco mais de quatro meses. Somente a terra ind\u00edgena Arariboia, \u00e0 qual pertencia Zezico, j\u00e1 contabilizava o assassinato do l\u00edder&nbsp;<a href=\"https:\/\/www.brasildefato.com.br\/2019\/11\/02\/lider-guajajara-e-morto-em-emboscada-de-madereiros-no-maranhao\">Paulino Guajajara, morto por conflitos de terra em novembro de 2019<\/a>.<\/p>\n\n\n\n<p><a href=\"https:\/\/www.brasildefato.com.br\/2020\/01\/15\/massacrados-e-criminalizados-guajajara-fazem-denuncias-a-frente-parlamentar\">::Massacrados e criminalizados, guajajara fazem den\u00fancias a frente parlamentar::<\/a><\/p>\n\n\n\n<p>Edi\u00e7\u00e3o: Rodrigo Chagas<\/p>\n","protected":false},"excerpt":{"rendered":"<p>Ari Uru-eu-wau-wau atuava como vigilante do territ\u00f3rio no munic\u00edpio de Jaru e vinha sendo amea\u00e7ado, segundo Apib<\/p>\n","protected":false},"author":1,"featured_media":0,"comment_status":"closed","ping_status":"open","sticky":false,"template":"","format":"standard","meta":{"_exactmetrics_skip_tracking":false,"_exactmetrics_sitenote_active":false,"_exactmetrics_sitenote_note":"","_exactmetrics_sitenote_category":0,"jetpack_post_was_ever_published":false,"_jetpack_newsletter_access":"","_jetpack_dont_email_post_to_subs":false,"_jetpack_newsletter_tier_id":0,"_jetpack_memberships_contains_paywalled_content":false,"_jetpack_memberships_contains_paid_content":false,"footnotes":"","jetpack_publicize_message":"","jetpack_publicize_feature_enabled":true,"jetpack_social_post_already_shared":true,"jetpack_social_options":{"image_generator_settings":{"template":"highway","enabled":false},"version":2}},"categories":[1],"tags":[],"class_list":["post-27602","post","type-post","status-publish","format-standard","hentry","category-notas"],"jetpack_publicize_connections":[],"jetpack_sharing_enabled":true,"jetpack_featured_media_url":"","jetpack_shortlink":"https:\/\/wp.me\/p7wKYW-7bc","jetpack-related-posts":[],"_links":{"self":[{"href":"http:\/\/blogdalucianaoliveira.com.br\/blog\/wp-json\/wp\/v2\/posts\/27602","targetHints":{"allow":["GET"]}}],"collection":[{"href":"http:\/\/blogdalucianaoliveira.com.br\/blog\/wp-json\/wp\/v2\/posts"}],"about":[{"href":"http:\/\/blogdalucianaoliveira.com.br\/blog\/wp-json\/wp\/v2\/types\/post"}],"author":[{"embeddable":true,"href":"http:\/\/blogdalucianaoliveira.com.br\/blog\/wp-json\/wp\/v2\/users\/1"}],"replies":[{"embeddable":true,"href":"http:\/\/blogdalucianaoliveira.com.br\/blog\/wp-json\/wp\/v2\/comments?post=27602"}],"version-history":[{"count":1,"href":"http:\/\/blogdalucianaoliveira.com.br\/blog\/wp-json\/wp\/v2\/posts\/27602\/revisions"}],"predecessor-version":[{"id":27604,"href":"http:\/\/blogdalucianaoliveira.com.br\/blog\/wp-json\/wp\/v2\/posts\/27602\/revisions\/27604"}],"wp:attachment":[{"href":"http:\/\/blogdalucianaoliveira.com.br\/blog\/wp-json\/wp\/v2\/media?parent=27602"}],"wp:term":[{"taxonomy":"category","embeddable":true,"href":"http:\/\/blogdalucianaoliveira.com.br\/blog\/wp-json\/wp\/v2\/categories?post=27602"},{"taxonomy":"post_tag","embeddable":true,"href":"http:\/\/blogdalucianaoliveira.com.br\/blog\/wp-json\/wp\/v2\/tags?post=27602"}],"curies":[{"name":"wp","href":"https:\/\/api.w.org\/{rel}","templated":true}]}}