{"id":27618,"date":"2020-04-19T18:14:28","date_gmt":"2020-04-19T22:14:28","guid":{"rendered":"http:\/\/blogdalucianaoliveira.com.br\/blog\/?p=27618"},"modified":"2020-04-19T18:14:37","modified_gmt":"2020-04-19T22:14:37","slug":"internet-reage-com-incredulidade-a-ato-pro-ai-5-que-pede-liberdade-de-expressao","status":"publish","type":"post","link":"http:\/\/blogdalucianaoliveira.com.br\/blog\/2020\/04\/19\/internet-reage-com-incredulidade-a-ato-pro-ai-5-que-pede-liberdade-de-expressao\/","title":{"rendered":"Internet reage com incredulidade a ato pr\u00f3-AI-5 que pede liberdade de express\u00e3o"},"content":{"rendered":"\n<figure class=\"wp-block-image size-large\"><img loading=\"lazy\" decoding=\"async\" width=\"1080\" height=\"635\" data-attachment-id=\"27619\" data-permalink=\"http:\/\/blogdalucianaoliveira.com.br\/blog\/2020\/04\/19\/internet-reage-com-incredulidade-a-ato-pro-ai-5-que-pede-liberdade-de-expressao\/image-52-5\/\" data-orig-file=\"https:\/\/i0.wp.com\/blogdalucianaoliveira.com.br\/blog\/wp-content\/uploads\/2020\/04\/image-52.jpeg?fit=1080%2C635\" data-orig-size=\"1080,635\" data-comments-opened=\"0\" data-image-meta=\"{&quot;aperture&quot;:&quot;0&quot;,&quot;credit&quot;:&quot;&quot;,&quot;camera&quot;:&quot;&quot;,&quot;caption&quot;:&quot;&quot;,&quot;created_timestamp&quot;:&quot;0&quot;,&quot;copyright&quot;:&quot;&quot;,&quot;focal_length&quot;:&quot;0&quot;,&quot;iso&quot;:&quot;0&quot;,&quot;shutter_speed&quot;:&quot;0&quot;,&quot;title&quot;:&quot;&quot;,&quot;orientation&quot;:&quot;0&quot;}\" data-image-title=\"image-52\" data-image-description=\"\" data-image-caption=\"\" data-medium-file=\"https:\/\/i0.wp.com\/blogdalucianaoliveira.com.br\/blog\/wp-content\/uploads\/2020\/04\/image-52.jpeg?fit=300%2C176\" data-large-file=\"https:\/\/i0.wp.com\/blogdalucianaoliveira.com.br\/blog\/wp-content\/uploads\/2020\/04\/image-52.jpeg?fit=600%2C353\" src=\"https:\/\/i0.wp.com\/blogdalucianaoliveira.com.br\/blog\/wp-content\/uploads\/2020\/04\/image-52.jpeg?fit=600%2C353\" alt=\"\" class=\"wp-image-27619\" srcset=\"https:\/\/i0.wp.com\/blogdalucianaoliveira.com.br\/blog\/wp-content\/uploads\/2020\/04\/image-52.jpeg?w=1080 1080w, https:\/\/i0.wp.com\/blogdalucianaoliveira.com.br\/blog\/wp-content\/uploads\/2020\/04\/image-52.jpeg?resize=300%2C176 300w, https:\/\/i0.wp.com\/blogdalucianaoliveira.com.br\/blog\/wp-content\/uploads\/2020\/04\/image-52.jpeg?resize=1024%2C602 1024w, https:\/\/i0.wp.com\/blogdalucianaoliveira.com.br\/blog\/wp-content\/uploads\/2020\/04\/image-52.jpeg?resize=768%2C452 768w, https:\/\/i0.wp.com\/blogdalucianaoliveira.com.br\/blog\/wp-content\/uploads\/2020\/04\/image-52.jpeg?resize=510%2C300 510w\" sizes=\"auto, (max-width: 600px) 100vw, 600px\" \/><\/figure>\n\n\n\n<p><strong>Folha\u00a0&#8211;<\/strong> Em quase um ano e meio de mandato, o presidente Jair Bolsonaro (sem partido) j\u00e1\u00a0ultrapassou algumas vezes a linha que cruza o respeito \u00e0 democracia e \u00e0s institui\u00e7\u00f5es \u2013na sequ\u00eancia, ele recua, pede desculpas, e a vida volta ao normal.<\/p>\n\n\n\n<!--more-->\n\n\n\n<p>Neste domingo (19), tivemos mais um exemplo. O presidente&nbsp;<a href=\"https:\/\/www1.folha.uol.com.br\/poder\/2020\/04\/nao-queremos-negociar-nada-diz-bolsonaro-em-carreata-anti-isolamento-em-brasilia.shtml\">participou de um ato no quartel-general do Ex\u00e9rcito<\/a>&nbsp;em Brasilia no qual muitos manifestantes carregavam faixas pedindo um&nbsp;<a href=\"https:\/\/www1.folha.uol.com.br\/poder\/2019\/11\/conselho-de-etica-abre-processo-contra-eduardo-bolsonaro-por-fala-sobre-ai-5.shtml\">novo AI-5<\/a>&nbsp;e&nbsp;<a href=\"https:\/\/www1.folha.uol.com.br\/poder\/2020\/04\/carreata-em-sp-mira-doria-e-maia-em-meio-a-pedidos-de-intervencao-militar.shtml\">interven\u00e7\u00e3o militar<\/a>.<\/p>\n\n\n\n<p>Como sempre acontece nesses casos, a rea\u00e7\u00e3o nas redes sociais \u00e9 imediata.<\/p>\n\n\n\n<p>\u201cAI-5\u201d, por exemplo, em pouco mais de uma hora ap\u00f3s Bolsonaro dar as caras por no ato, j\u00e1 tem quase 90 mil tu\u00edtes, sendo um dos principais assuntos do momento.<\/p>\n\n\n\n<p>Muitos posts n\u00e3o\u00a0entendem o objetivo do protesto pr\u00f3-liberdade de express\u00e3o que pede um novo\u00a0<a href=\"http:\/\/temas.folha.uol.com.br\/50-anos-ai5\/\">Ato Institucional n\u00ba5\u00a0<\/a>(institu\u00eddo em 1968, retirou direitos pol\u00edticos e de express\u00e3o que culminaria no per\u00edodo mais\u00a0sombrio\u00a0da Ditadura Militar).<\/p>\n\n\n\n<figure class=\"wp-block-embed-twitter wp-block-embed is-type-rich is-provider-twitter\"><div class=\"wp-block-embed__wrapper\">\nhttps:\/\/twitter.com\/mariajuu07\/status\/1251936027297669123?s=21\n<\/div><\/figure>\n\n\n\n<figure class=\"wp-block-embed-twitter wp-block-embed is-type-rich is-provider-twitter\"><div class=\"wp-block-embed__wrapper\">\nhttps:\/\/twitter.com\/ummilitant\/status\/1251949785654976513?s=21\n<\/div><\/figure>\n\n\n\n<figure class=\"wp-block-embed-twitter wp-block-embed is-type-rich is-provider-twitter\"><div class=\"wp-block-embed__wrapper\">\n<blockquote class=\"twitter-tweet\" data-width=\"550\" data-dnt=\"true\"><p lang=\"pt\" dir=\"ltr\">&quot;Manifestantes quebram quarentena e pedem pela implanta\u00e7\u00e3o do AI-5&quot;<br><br>Eu: s\u00f3 acredito vendo<br><br>Eu vendo: <a href=\"https:\/\/t.co\/DuFRclh0Ka\">pic.twitter.com\/DuFRclh0Ka<\/a><\/p>&mdash; JdsM (@josiidutra) <a href=\"https:\/\/twitter.com\/josiidutra\/status\/1251950372219912193?ref_src=twsrc%5Etfw\">April 19, 2020<\/a><\/blockquote><script async src=\"https:\/\/platform.twitter.com\/widgets.js\" charset=\"utf-8\"><\/script>\n<\/div><\/figure>\n\n\n\n<figure class=\"wp-block-embed-twitter wp-block-embed is-type-rich is-provider-twitter\"><div class=\"wp-block-embed__wrapper\">\nhttps:\/\/twitter.com\/nahtaria\/status\/1251945000998522881?s=21\n<\/div><\/figure>\n\n\n\n<figure class=\"wp-block-embed-twitter wp-block-embed is-type-rich is-provider-twitter\"><div class=\"wp-block-embed__wrapper\">\nhttps:\/\/twitter.com\/meristephanie\/status\/1251945231236452358?s=21\n<\/div><\/figure>\n\n\n\n<figure class=\"wp-block-embed-twitter wp-block-embed is-type-rich is-provider-twitter\"><div class=\"wp-block-embed__wrapper\">\n<blockquote class=\"twitter-tweet\" data-width=\"550\" data-dnt=\"true\"><p lang=\"pt\" dir=\"ltr\">Entrando no Twitter e vendo AI-5 nos trends: <a href=\"https:\/\/t.co\/y8SifO1JgD\">pic.twitter.com\/y8SifO1JgD<\/a><\/p>&mdash; Jonathan Willian (@jonathanwsg) <a href=\"https:\/\/twitter.com\/jonathanwsg\/status\/1251944272754073601?ref_src=twsrc%5Etfw\">April 19, 2020<\/a><\/blockquote><script async src=\"https:\/\/platform.twitter.com\/widgets.js\" charset=\"utf-8\"><\/script>\n<\/div><\/figure>\n\n\n\n<figure class=\"wp-block-embed-twitter wp-block-embed is-type-rich is-provider-twitter\"><div class=\"wp-block-embed__wrapper\">\n<blockquote class=\"twitter-tweet\" data-width=\"550\" data-dnt=\"true\"><p lang=\"pt\" dir=\"ltr\">Eu acho gra\u00e7a desses bolsominios que protestam pelo AI5. Quando chega a PM mandando p casa eles come\u00e7am a falar sobre direito constitucional, n\u00e3o sabendo eles que AI5 anula esses direitos <a href=\"https:\/\/t.co\/w0DAJXHIDD\">pic.twitter.com\/w0DAJXHIDD<\/a><\/p>&mdash; Bol\u00edvia querida \ud83c\uddec\ud83c\uddf3\ud83e\udd88 (@Hulk_OC) <a href=\"https:\/\/twitter.com\/Hulk_OC\/status\/1251911080894509059?ref_src=twsrc%5Etfw\">April 19, 2020<\/a><\/blockquote><script async src=\"https:\/\/platform.twitter.com\/widgets.js\" charset=\"utf-8\"><\/script>\n<\/div><\/figure>\n","protected":false},"excerpt":{"rendered":"<p>Folha\u00a0&#8211; Em quase um ano e meio de mandato, o presidente Jair Bolsonaro (sem partido) j\u00e1\u00a0ultrapassou algumas vezes a linha que cruza o respeito \u00e0 democracia e \u00e0s institui\u00e7\u00f5es \u2013na sequ\u00eancia, ele recua, pede desculpas, e a vida volta ao normal.<\/p>\n","protected":false},"author":1,"featured_media":0,"comment_status":"closed","ping_status":"open","sticky":false,"template":"","format":"standard","meta":{"_exactmetrics_skip_tracking":false,"_exactmetrics_sitenote_active":false,"_exactmetrics_sitenote_note":"","_exactmetrics_sitenote_category":0,"jetpack_post_was_ever_published":false,"_jetpack_newsletter_access":"","_jetpack_dont_email_post_to_subs":false,"_jetpack_newsletter_tier_id":0,"_jetpack_memberships_contains_paywalled_content":false,"_jetpack_memberships_contains_paid_content":false,"footnotes":"","jetpack_publicize_message":"","jetpack_publicize_feature_enabled":true,"jetpack_social_post_already_shared":true,"jetpack_social_options":{"image_generator_settings":{"template":"highway","enabled":false},"version":2}},"categories":[1],"tags":[],"class_list":["post-27618","post","type-post","status-publish","format-standard","hentry","category-notas"],"jetpack_publicize_connections":[],"jetpack_sharing_enabled":true,"jetpack_featured_media_url":"","jetpack_shortlink":"https:\/\/wp.me\/p7wKYW-7bs","jetpack-related-posts":[],"_links":{"self":[{"href":"http:\/\/blogdalucianaoliveira.com.br\/blog\/wp-json\/wp\/v2\/posts\/27618","targetHints":{"allow":["GET"]}}],"collection":[{"href":"http:\/\/blogdalucianaoliveira.com.br\/blog\/wp-json\/wp\/v2\/posts"}],"about":[{"href":"http:\/\/blogdalucianaoliveira.com.br\/blog\/wp-json\/wp\/v2\/types\/post"}],"author":[{"embeddable":true,"href":"http:\/\/blogdalucianaoliveira.com.br\/blog\/wp-json\/wp\/v2\/users\/1"}],"replies":[{"embeddable":true,"href":"http:\/\/blogdalucianaoliveira.com.br\/blog\/wp-json\/wp\/v2\/comments?post=27618"}],"version-history":[{"count":1,"href":"http:\/\/blogdalucianaoliveira.com.br\/blog\/wp-json\/wp\/v2\/posts\/27618\/revisions"}],"predecessor-version":[{"id":27620,"href":"http:\/\/blogdalucianaoliveira.com.br\/blog\/wp-json\/wp\/v2\/posts\/27618\/revisions\/27620"}],"wp:attachment":[{"href":"http:\/\/blogdalucianaoliveira.com.br\/blog\/wp-json\/wp\/v2\/media?parent=27618"}],"wp:term":[{"taxonomy":"category","embeddable":true,"href":"http:\/\/blogdalucianaoliveira.com.br\/blog\/wp-json\/wp\/v2\/categories?post=27618"},{"taxonomy":"post_tag","embeddable":true,"href":"http:\/\/blogdalucianaoliveira.com.br\/blog\/wp-json\/wp\/v2\/tags?post=27618"}],"curies":[{"name":"wp","href":"https:\/\/api.w.org\/{rel}","templated":true}]}}