{"id":27621,"date":"2020-04-19T18:17:17","date_gmt":"2020-04-19T22:17:17","guid":{"rendered":"http:\/\/blogdalucianaoliveira.com.br\/blog\/?p=27621"},"modified":"2020-04-19T18:17:24","modified_gmt":"2020-04-19T22:17:24","slug":"20-governadores-divulgam-carta-aberta-em-defesa-da-democracia","status":"publish","type":"post","link":"http:\/\/blogdalucianaoliveira.com.br\/blog\/2020\/04\/19\/20-governadores-divulgam-carta-aberta-em-defesa-da-democracia\/","title":{"rendered":"20 governadores divulgam carta aberta em defesa da democracia"},"content":{"rendered":"\n<figure class=\"wp-block-image size-large\"><img data-recalc-dims=\"1\" loading=\"lazy\" decoding=\"async\" width=\"600\" height=\"374\" data-attachment-id=\"27622\" data-permalink=\"http:\/\/blogdalucianaoliveira.com.br\/blog\/2020\/04\/19\/20-governadores-divulgam-carta-aberta-em-defesa-da-democracia\/image-53-5\/\" data-orig-file=\"https:\/\/i0.wp.com\/blogdalucianaoliveira.com.br\/blog\/wp-content\/uploads\/2020\/04\/image-53.jpeg?fit=610%2C380\" data-orig-size=\"610,380\" data-comments-opened=\"0\" data-image-meta=\"{&quot;aperture&quot;:&quot;0&quot;,&quot;credit&quot;:&quot;&quot;,&quot;camera&quot;:&quot;&quot;,&quot;caption&quot;:&quot;&quot;,&quot;created_timestamp&quot;:&quot;0&quot;,&quot;copyright&quot;:&quot;&quot;,&quot;focal_length&quot;:&quot;0&quot;,&quot;iso&quot;:&quot;0&quot;,&quot;shutter_speed&quot;:&quot;0&quot;,&quot;title&quot;:&quot;&quot;,&quot;orientation&quot;:&quot;0&quot;}\" data-image-title=\"image-53\" data-image-description=\"\" data-image-caption=\"\" data-medium-file=\"https:\/\/i0.wp.com\/blogdalucianaoliveira.com.br\/blog\/wp-content\/uploads\/2020\/04\/image-53.jpeg?fit=300%2C187\" data-large-file=\"https:\/\/i0.wp.com\/blogdalucianaoliveira.com.br\/blog\/wp-content\/uploads\/2020\/04\/image-53.jpeg?fit=600%2C374\" src=\"https:\/\/i0.wp.com\/blogdalucianaoliveira.com.br\/blog\/wp-content\/uploads\/2020\/04\/image-53.jpeg?resize=600%2C374\" alt=\"\" class=\"wp-image-27622\" srcset=\"https:\/\/i0.wp.com\/blogdalucianaoliveira.com.br\/blog\/wp-content\/uploads\/2020\/04\/image-53.jpeg?w=610 610w, https:\/\/i0.wp.com\/blogdalucianaoliveira.com.br\/blog\/wp-content\/uploads\/2020\/04\/image-53.jpeg?resize=300%2C187 300w, https:\/\/i0.wp.com\/blogdalucianaoliveira.com.br\/blog\/wp-content\/uploads\/2020\/04\/image-53.jpeg?resize=482%2C300 482w\" sizes=\"auto, (max-width: 600px) 100vw, 600px\" \/><\/figure>\n\n\n\n<p><strong>247&nbsp;<\/strong>&#8211; Vinte governadores assinaram uma Carta Aberta em defesa da democracia em apoio ao presidente da C\u00e2mara, Rodrigo Maia (DEM-RJ), e do Senado, Davi Alcolumbre (DEM-AP), ap\u00f3s ataques feitos por Jair Bolsonaro \u00e0s duas lideran\u00e7as do Congresso.<\/p>\n\n\n\n<!--more-->\n\n\n\n<p>Para os signat\u00e1rios, as falas de Bolsonaro, que na sexta-feira 17 acusou o Congresso, STF e o governador Jo\u00e3o Doria (PSDB-SP) de articular um golpe contra ele, \u201cafrontam princ\u00edpios democr\u00e1ticos que fundamentam nossa na\u00e7\u00e3o\u201d. O embate entre o Executivo, Congresso e os governadores tem sido principalmente por conta das regras do isolamento social para combater a dissemina\u00e7\u00e3o do coronav\u00edrus.<\/p>\n\n\n\n<p>\u201cNossa a\u00e7\u00e3o nos estados, no Distrito Federal e nos munic\u00edpios tem sido pautada pelos indicativos da ci\u00eancia, por orienta\u00e7\u00e3o de profissionais da sa\u00fade e pela experi\u00eancia de pa\u00edses que j\u00e1 enfrentaram etapas mais duras da pandemia, buscando nesse caso evitar escolhas malsucedidas e seguir as exitosas\u201d, diz trecho da carta.<\/p>\n\n\n\n<p>O documento foi assinado neste s\u00e1bado 18, mas publicado neste domingo 19, dia em que&nbsp;<a href=\"https:\/\/www.brasil247.com\/regionais\/brasilia\/bolsonaro-ameaca-democracia-discursa-em-ato-por-ai-5-e-dispara-chega-de-patifaria-e-velha-politica-agora-e-o-povo-no-poder\">Bolsonaro participou de um ato em Bras\u00edlia<\/a>&nbsp;em defesa da interven\u00e7\u00e3o militar e do AI-5, dando ainda mais import\u00e2ncia \u00e0 carta.&nbsp;<\/p>\n\n\n\n<p>Aos manifestantes, Bolsonaro discursou dizendo n\u00e3o querer \u201cnegociar nada\u201d. \u201cEstou aqui porque acredito em voc\u00eas\u201d, afirmou, dizendo ainda que \u201cacabou a \u00e9poca da patifaria\u201d e que \u201c\u00e9 agora o povo no poder\u201d.<\/p>\n\n\n\n<p>Confira a \u00edntegra do documento e os governadores que assinaram:<\/p>\n\n\n\n<figure class=\"wp-block-embed-twitter wp-block-embed is-type-rich is-provider-twitter\"><div class=\"wp-block-embed__wrapper\">\n<blockquote class=\"twitter-tweet\" data-width=\"550\" data-dnt=\"true\"><p lang=\"pt\" dir=\"ltr\">20 governadores divulgam agora Carta Aberta em defesa da Democracia. Manifestamos tamb\u00e9m solidariedade aos presidentes da C\u00e2mara, <a href=\"https:\/\/twitter.com\/RodrigoMaia?ref_src=twsrc%5Etfw\">@RodrigoMaia<\/a>, e do Senado, <a href=\"https:\/\/twitter.com\/davialcolumbre?ref_src=twsrc%5Etfw\">@davialcolumbre<\/a>, em face de declara\u00e7\u00f5es de Bolsonaro. <a href=\"https:\/\/t.co\/ThWSwL3HsP\">pic.twitter.com\/ThWSwL3HsP<\/a><\/p>&mdash; Fl\u00e1vio Dino \ud83c\udde7\ud83c\uddf7 (@FlavioDino) <a href=\"https:\/\/twitter.com\/FlavioDino\/status\/1251969692408913920?ref_src=twsrc%5Etfw\">April 19, 2020<\/a><\/blockquote><script async src=\"https:\/\/platform.twitter.com\/widgets.js\" charset=\"utf-8\"><\/script>\n<\/div><\/figure>\n","protected":false},"excerpt":{"rendered":"<p>247&nbsp;&#8211; Vinte governadores assinaram uma Carta Aberta em defesa da democracia em apoio ao presidente da C\u00e2mara, Rodrigo Maia (DEM-RJ), e do Senado, Davi Alcolumbre (DEM-AP), ap\u00f3s ataques feitos por Jair Bolsonaro \u00e0s duas lideran\u00e7as do Congresso.<\/p>\n","protected":false},"author":1,"featured_media":0,"comment_status":"closed","ping_status":"open","sticky":false,"template":"","format":"standard","meta":{"_exactmetrics_skip_tracking":false,"_exactmetrics_sitenote_active":false,"_exactmetrics_sitenote_note":"","_exactmetrics_sitenote_category":0,"jetpack_post_was_ever_published":false,"_jetpack_newsletter_access":"","_jetpack_dont_email_post_to_subs":false,"_jetpack_newsletter_tier_id":0,"_jetpack_memberships_contains_paywalled_content":false,"_jetpack_memberships_contains_paid_content":false,"footnotes":"","jetpack_publicize_message":"","jetpack_publicize_feature_enabled":true,"jetpack_social_post_already_shared":true,"jetpack_social_options":{"image_generator_settings":{"template":"highway","enabled":false},"version":2}},"categories":[1],"tags":[],"class_list":["post-27621","post","type-post","status-publish","format-standard","hentry","category-notas"],"jetpack_publicize_connections":[],"jetpack_sharing_enabled":true,"jetpack_featured_media_url":"","jetpack_shortlink":"https:\/\/wp.me\/p7wKYW-7bv","jetpack-related-posts":[],"_links":{"self":[{"href":"http:\/\/blogdalucianaoliveira.com.br\/blog\/wp-json\/wp\/v2\/posts\/27621","targetHints":{"allow":["GET"]}}],"collection":[{"href":"http:\/\/blogdalucianaoliveira.com.br\/blog\/wp-json\/wp\/v2\/posts"}],"about":[{"href":"http:\/\/blogdalucianaoliveira.com.br\/blog\/wp-json\/wp\/v2\/types\/post"}],"author":[{"embeddable":true,"href":"http:\/\/blogdalucianaoliveira.com.br\/blog\/wp-json\/wp\/v2\/users\/1"}],"replies":[{"embeddable":true,"href":"http:\/\/blogdalucianaoliveira.com.br\/blog\/wp-json\/wp\/v2\/comments?post=27621"}],"version-history":[{"count":1,"href":"http:\/\/blogdalucianaoliveira.com.br\/blog\/wp-json\/wp\/v2\/posts\/27621\/revisions"}],"predecessor-version":[{"id":27623,"href":"http:\/\/blogdalucianaoliveira.com.br\/blog\/wp-json\/wp\/v2\/posts\/27621\/revisions\/27623"}],"wp:attachment":[{"href":"http:\/\/blogdalucianaoliveira.com.br\/blog\/wp-json\/wp\/v2\/media?parent=27621"}],"wp:term":[{"taxonomy":"category","embeddable":true,"href":"http:\/\/blogdalucianaoliveira.com.br\/blog\/wp-json\/wp\/v2\/categories?post=27621"},{"taxonomy":"post_tag","embeddable":true,"href":"http:\/\/blogdalucianaoliveira.com.br\/blog\/wp-json\/wp\/v2\/tags?post=27621"}],"curies":[{"name":"wp","href":"https:\/\/api.w.org\/{rel}","templated":true}]}}