{"id":27631,"date":"2020-04-20T11:41:25","date_gmt":"2020-04-20T15:41:25","guid":{"rendered":"http:\/\/blogdalucianaoliveira.com.br\/blog\/?p=27631"},"modified":"2020-04-20T11:41:36","modified_gmt":"2020-04-20T15:41:36","slug":"generais-condenam-participacao-de-bolsonaro-em-manifestacao-golpista","status":"publish","type":"post","link":"http:\/\/blogdalucianaoliveira.com.br\/blog\/2020\/04\/20\/generais-condenam-participacao-de-bolsonaro-em-manifestacao-golpista\/","title":{"rendered":"Generais condenam participa\u00e7\u00e3o de Bolsonaro em manifesta\u00e7\u00e3o golpista"},"content":{"rendered":"\n<figure class=\"wp-block-image\"><img data-recalc-dims=\"1\" decoding=\"async\" src=\"https:\/\/i0.wp.com\/publisher-publish.s3.eu-central-1.amazonaws.com\/pb-brasil247\/swp\/jtjeq9\/media\/20200420120412_9dff93a8d8aa1f131a41b8417514f83eb5b8eec015f354b115224deb89d02132.jpeg?w=600&#038;ssl=1\" alt=\"Jair Bolsonaro durante reuni\u00e3o sobre o Sistema de Prote\u00e7\u00e3o Social dos Militares.\"\/><\/figure>\n\n\n\n<p><strong>247 \u2013<\/strong>&nbsp;As manifesta\u00e7\u00f5es em frente ao Quartel General do Ex\u00e9rcito contra o Congresso Nacional e o Supremo Tribunal Federal (STF), que contaram com a presen\u00e7a de Jair Bolsonaro, provou um \u201cenorme desconforto\u201d na c\u00fapula militar. Os oficiais-generais afirmaram ao jornal \u201cO Estado de S\u00e3o Paulo\u201d que n\u00e3o se cansam de repetir que as for\u00e7as armadas servem ao Estado Brasileiro como institui\u00e7\u00f5es permanentes, e n\u00e3o ao governo.&nbsp;<\/p>\n\n\n\n<!--more-->\n\n\n\n<p>\u201cSe a manifesta\u00e7\u00e3o tivesse sido na Esplanada, na Pra\u00e7a dos Tr\u00eas Poderes ou em qualquer outro lugar seria mais do mesmo\u201d, declarou um dos generais ouvidos pela reportagem. \u201cMas em frente ao QG, no dia do Ex\u00e9rcito, tem uma simbologia dupla muito forte. N\u00e3o foi bom porque as For\u00e7as Armadas est\u00e3o cuidando apenas das suas miss\u00f5es constitucionais, sem interferir em quest\u00f5es pol\u00edticas\u201d, acrescentou.&nbsp;<\/p>\n\n\n\n<p>Os oficiais observaram tamb\u00e9m que a presen\u00e7a de Bolsonaro em frente ao QG foi uma \u201cprovoca\u00e7\u00e3o\u201d, \u201cdesnecess\u00e1ria\u201d e \u201cfora de hora\u201d.<br><\/p>\n","protected":false},"excerpt":{"rendered":"<p>247 \u2013&nbsp;As manifesta\u00e7\u00f5es em frente ao Quartel General do Ex\u00e9rcito contra o Congresso Nacional e o Supremo Tribunal Federal (STF), que contaram com a presen\u00e7a de Jair Bolsonaro, provou um \u201cenorme desconforto\u201d na c\u00fapula militar. Os oficiais-generais afirmaram ao jornal \u201cO Estado de S\u00e3o Paulo\u201d que n\u00e3o se cansam de repetir que as for\u00e7as armadas&#8230;<a class=\"more-link\" href=\"http:\/\/blogdalucianaoliveira.com.br\/blog\/2020\/04\/20\/generais-condenam-participacao-de-bolsonaro-em-manifestacao-golpista\/\">Continue a leitura <span class=\"meta-nav\">&raquo;<\/span><\/a><\/p>\n","protected":false},"author":1,"featured_media":0,"comment_status":"closed","ping_status":"open","sticky":false,"template":"","format":"standard","meta":{"_exactmetrics_skip_tracking":false,"_exactmetrics_sitenote_active":false,"_exactmetrics_sitenote_note":"","_exactmetrics_sitenote_category":0,"jetpack_post_was_ever_published":false,"_jetpack_newsletter_access":"","_jetpack_dont_email_post_to_subs":false,"_jetpack_newsletter_tier_id":0,"_jetpack_memberships_contains_paywalled_content":false,"_jetpack_memberships_contains_paid_content":false,"footnotes":"","jetpack_publicize_message":"","jetpack_publicize_feature_enabled":true,"jetpack_social_post_already_shared":true,"jetpack_social_options":{"image_generator_settings":{"template":"highway","enabled":false},"version":2}},"categories":[1],"tags":[],"class_list":["post-27631","post","type-post","status-publish","format-standard","hentry","category-notas"],"jetpack_publicize_connections":[],"jetpack_sharing_enabled":true,"jetpack_featured_media_url":"","jetpack_shortlink":"https:\/\/wp.me\/p7wKYW-7bF","jetpack-related-posts":[],"_links":{"self":[{"href":"http:\/\/blogdalucianaoliveira.com.br\/blog\/wp-json\/wp\/v2\/posts\/27631","targetHints":{"allow":["GET"]}}],"collection":[{"href":"http:\/\/blogdalucianaoliveira.com.br\/blog\/wp-json\/wp\/v2\/posts"}],"about":[{"href":"http:\/\/blogdalucianaoliveira.com.br\/blog\/wp-json\/wp\/v2\/types\/post"}],"author":[{"embeddable":true,"href":"http:\/\/blogdalucianaoliveira.com.br\/blog\/wp-json\/wp\/v2\/users\/1"}],"replies":[{"embeddable":true,"href":"http:\/\/blogdalucianaoliveira.com.br\/blog\/wp-json\/wp\/v2\/comments?post=27631"}],"version-history":[{"count":1,"href":"http:\/\/blogdalucianaoliveira.com.br\/blog\/wp-json\/wp\/v2\/posts\/27631\/revisions"}],"predecessor-version":[{"id":27632,"href":"http:\/\/blogdalucianaoliveira.com.br\/blog\/wp-json\/wp\/v2\/posts\/27631\/revisions\/27632"}],"wp:attachment":[{"href":"http:\/\/blogdalucianaoliveira.com.br\/blog\/wp-json\/wp\/v2\/media?parent=27631"}],"wp:term":[{"taxonomy":"category","embeddable":true,"href":"http:\/\/blogdalucianaoliveira.com.br\/blog\/wp-json\/wp\/v2\/categories?post=27631"},{"taxonomy":"post_tag","embeddable":true,"href":"http:\/\/blogdalucianaoliveira.com.br\/blog\/wp-json\/wp\/v2\/tags?post=27631"}],"curies":[{"name":"wp","href":"https:\/\/api.w.org\/{rel}","templated":true}]}}